{"id":95111,"date":"2009-10-07T00:00:00","date_gmt":"2009-10-07T00:00:00","guid":{"rendered":"https:\/\/www.deberes.net\/tesis\/sin-categoria\/un-novo-olhar-sobre-o-metodo-de-leitura-joao-de-deus-apresentaa%c2%a7ao-de-um-suporte-interactivo-de-leitura\/"},"modified":"2009-10-07T00:00:00","modified_gmt":"2009-10-07T00:00:00","slug":"un-novo-olhar-sobre-o-metodo-de-leitura-joao-de-deus-apresentaa%c2%a7ao-de-um-suporte-interactivo-de-leitura","status":"publish","type":"post","link":"https:\/\/www.deberes.net\/tesis\/teatro\/un-novo-olhar-sobre-o-metodo-de-leitura-joao-de-deus-apresentaa%c2%a7ao-de-um-suporte-interactivo-de-leitura\/","title":{"rendered":"Un novo olhar sobre o metodo de leitura joao de deus. apresenta\u00c1\u00a7ao de um suporte interactivo de leitura."},"content":{"rendered":"<h2>Tesis doctoral de <strong> Isabel Mar\u00eda Silva Ruivo <\/strong><\/h2>\n<p>En este trabajo de investigaci\u00f3n se pretende abordar la tem\u00e1tica de la emergencia de destrezas lectoras, intentando encontrar los factores que contribuyen para el desarrollo de esta competencia y a trav\u00e9s del profundo estudio del m\u00e9todo de lectura joao de deus, adem\u00e1s de dise\u00f1ar un proyecto interactivo que efectivamente sea fomentador de buenas pr\u00e1cticas, estando atentos a la colaboraci\u00f3n de alumnos, padres y profesores, condici\u00f3n que creemos necesaria para traspasar ciertas barreras de analfabetismo. La cartilla maternal de joao de deus fue el objeto de estudio y se hizo una aproximaci\u00f3n ling\u00ed\u00bc\u00edstica que se mostr\u00f3 promotora de una conciencia fonol\u00f3gica esencial para el desarrollo de la competencia de lectura de una forma racional y l\u00f3gica haciendo de este aprendizaje un juego que satisface la curiosidad del ni\u00f1o.<\/p>\n<p>&nbsp;<\/p>\n<h3>Datos acad\u00e9micos de la tesis doctoral \u00ab<strong>Un novo olhar sobre o metodo de leitura joao de deus. apresenta\u00c1\u00a7ao de um suporte interactivo de leitura.<\/strong>\u00ab<\/h3>\n<ul>\n<li><strong>T\u00edtulo de la tesis:<\/strong>\u00a0 Un novo olhar sobre o metodo de leitura joao de deus. apresenta\u00c1\u00a7ao de um suporte interactivo de leitura. <\/li>\n<li><strong>Autor:<\/strong>\u00a0 Isabel Mar\u00eda Silva Ruivo <\/li>\n<li><strong>Universidad:<\/strong>\u00a0 M\u00e1laga<\/li>\n<li><strong>Fecha de lectura de la tesis:<\/strong>\u00a0 10\/07\/2009<\/li>\n<\/ul>\n<p>&nbsp;<\/p>\n<h3>Direcci\u00f3n y tribunal<\/h3>\n<ul>\n<li><strong>Director de la tesis<\/strong>\n<ul>\n<li>Mar\u00eda De Los Milagros Fern\u00e1ndez P\u00e9rez<\/li>\n<\/ul>\n<\/li>\n<li><strong>Tribunal<\/strong>\n<ul>\n<li>Presidente del tribunal: eugenio Martinez celdran <\/li>\n<li>Jos\u00e9 Antonio Ortega carrillo (vocal)<\/li>\n<li>Mar\u00eda  Luisa Calero vaquera (vocal)<\/li>\n<li>Juan  Antonio Garcia velasco (vocal)<\/li>\n<\/ul>\n<\/li>\n<\/ul>\n<p>&nbsp;<\/p>\n","protected":false},"excerpt":{"rendered":"<p>Tesis doctoral de Isabel Mar\u00eda Silva Ruivo En este trabajo de investigaci\u00f3n se pretende abordar la tem\u00e1tica de la emergencia [&hellip;]<\/p>\n","protected":false},"author":1,"featured_media":0,"comment_status":"open","ping_status":"open","sticky":false,"template":"","format":"standard","meta":{"site-sidebar-layout":"default","site-content-layout":"","ast-site-content-layout":"","site-content-style":"default","site-sidebar-style":"default","ast-global-header-display":"","ast-banner-title-visibility":"","ast-main-header-display":"","ast-hfb-above-header-display":"","ast-hfb-below-header-display":"","ast-hfb-mobile-header-display":"","site-post-title":"","ast-breadcrumbs-content":"","ast-featured-img":"","footer-sml-layout":"","theme-transparent-header-meta":"","adv-header-id-meta":"","stick-header-meta":"","header-above-stick-meta":"","header-main-stick-meta":"","header-below-stick-meta":"","astra-migrate-meta-layouts":"default","ast-page-background-enabled":"default","ast-page-background-meta":{"desktop":{"background-color":"var(--ast-global-color-4)","background-image":"","background-repeat":"repeat","background-position":"center center","background-size":"auto","background-attachment":"scroll","background-type":"","background-media":"","overlay-type":"","overlay-color":"","overlay-gradient":""},"tablet":{"background-color":"","background-image":"","background-repeat":"repeat","background-position":"center center","background-size":"auto","background-attachment":"scroll","background-type":"","background-media":"","overlay-type":"","overlay-color":"","overlay-gradient":""},"mobile":{"background-color":"","background-image":"","background-repeat":"repeat","background-position":"center center","background-size":"auto","background-attachment":"scroll","background-type":"","background-media":"","overlay-type":"","overlay-color":"","overlay-gradient":""}},"ast-content-background-meta":{"desktop":{"background-color":"var(--ast-global-color-5)","background-image":"","background-repeat":"repeat","background-position":"center center","background-size":"auto","background-attachment":"scroll","background-type":"","background-media":"","overlay-type":"","overlay-color":"","overlay-gradient":""},"tablet":{"background-color":"var(--ast-global-color-5)","background-image":"","background-repeat":"repeat","background-position":"center center","background-size":"auto","background-attachment":"scroll","background-type":"","background-media":"","overlay-type":"","overlay-color":"","overlay-gradient":""},"mobile":{"background-color":"var(--ast-global-color-5)","background-image":"","background-repeat":"repeat","background-position":"center center","background-size":"auto","background-attachment":"scroll","background-type":"","background-media":"","overlay-type":"","overlay-color":"","overlay-gradient":""}},"footnotes":""},"categories":[7834,5173,1110],"tags":[14082,195785,31563,24748,35038,40532],"class_list":["post-95111","post","type-post","status-publish","format-standard","hentry","category-malaga","category-metodos-educativos","category-teatro","tag-eugenio-Martinez-celdran","tag-isabel-maria-silva-ruivo","tag-jose-antonio-ortega-carrillo","tag-juan-antonio-garcia-velasco","tag-maria-de-los-milagros-fernandez-perez","tag-maria-luisa-calero-vaquera"],"_links":{"self":[{"href":"https:\/\/www.deberes.net\/tesis\/wp-json\/wp\/v2\/posts\/95111","targetHints":{"allow":["GET"]}}],"collection":[{"href":"https:\/\/www.deberes.net\/tesis\/wp-json\/wp\/v2\/posts"}],"about":[{"href":"https:\/\/www.deberes.net\/tesis\/wp-json\/wp\/v2\/types\/post"}],"author":[{"embeddable":true,"href":"https:\/\/www.deberes.net\/tesis\/wp-json\/wp\/v2\/users\/1"}],"replies":[{"embeddable":true,"href":"https:\/\/www.deberes.net\/tesis\/wp-json\/wp\/v2\/comments?post=95111"}],"version-history":[{"count":0,"href":"https:\/\/www.deberes.net\/tesis\/wp-json\/wp\/v2\/posts\/95111\/revisions"}],"wp:attachment":[{"href":"https:\/\/www.deberes.net\/tesis\/wp-json\/wp\/v2\/media?parent=95111"}],"wp:term":[{"taxonomy":"category","embeddable":true,"href":"https:\/\/www.deberes.net\/tesis\/wp-json\/wp\/v2\/categories?post=95111"},{"taxonomy":"post_tag","embeddable":true,"href":"https:\/\/www.deberes.net\/tesis\/wp-json\/wp\/v2\/tags?post=95111"}],"curies":[{"name":"wp","href":"https:\/\/api.w.org\/{rel}","templated":true}]}}