{"id":95135,"date":"2009-12-07T00:00:00","date_gmt":"2009-12-07T00:00:00","guid":{"rendered":"https:\/\/www.deberes.net\/tesis\/sin-categoria\/determinantes-sociales-de-la-soledad-en-las-personas-mayores-espanolas-dar-y-recibir-apoyo-en-el-proceso-de-envejecer\/"},"modified":"2009-12-07T00:00:00","modified_gmt":"2009-12-07T00:00:00","slug":"determinantes-sociales-de-la-soledad-en-las-personas-mayores-espanolas-dar-y-recibir-apoyo-en-el-proceso-de-envejecer","status":"publish","type":"post","link":"https:\/\/www.deberes.net\/tesis\/senectud\/determinantes-sociales-de-la-soledad-en-las-personas-mayores-espanolas-dar-y-recibir-apoyo-en-el-proceso-de-envejecer\/","title":{"rendered":"Determinantes sociales de la soledad en las personas mayores espa\u00f1olas: dar y recibir apoyo en el proceso de envejecer."},"content":{"rendered":"<h2>Tesis doctoral de <strong> Marta Monica Sanchez Rodriguez <\/strong><\/h2>\n<p>La soledad es una experiencia subjetiva negativa que se relaciona con la ausencia de relaciones sociales satisfactorias (de jong gierveld, 1998). Los objetivos del estudio son: (1) describir la red social de las personas mayores espa\u00f1olas de acuerdo con el modelo del convoy (kahn y antonucci, 1980) y (2) analizar la preValencia y los determinantes sociales de la soledad en las personas mayores espa\u00f1olas. Se entrevist\u00f3 a una muestra de 646 personas mayores residentes en la comunidad (60-95 a\u00f1os). La red social de los participantes se pod\u00eda describir en tres c\u00edrculos conc\u00e9ntricos de proximidad que se diferenciaban seg\u00fan sus caracter\u00edsticas estructurales (tama\u00f1o, composici\u00f3n y cambios percibidos), funcionales (apoyo dado y recibido) y evaluativas (satisfacci\u00f3n con las relaciones). Se realiz\u00f3 un an\u00e1lisis factorial de la escala de soledad desarrollada por de jong gierveld y kamphuis (1985). Los distintos indicadores de la red social se relacionaban con la soledad despu\u00e9s de controlar el efecto de las variables sociodemogr\u00e1ficas, de salud y de integraci\u00f3n en la comunidad. Vivir solo, no ir a bares y cafeter\u00edas, tener una red social de tama\u00f1o peque\u00f1o, sin amigos y haber perdido a personas significativas en el \u00faltimo a\u00f1o eran factores de riesgo. Dar y recibir apoyo instrumental predec\u00edan una menor soledad, pero sus efectos estaban parcialmente mediados por una mayor percepci\u00f3n de reciprocidad en las relaciones sociales. Las variables sociodemogr\u00e1ficas (g\u00e9nero y condiciones de vida) tambi\u00e9n moderaban los efectos de la reciprocidad percibida y del apoyo emocional recibido en la soledad. Los resultados se discuten en el contexto del modelo del convoy de relaciones sociales y del enfoque cognitivo de la soledad. Tambi\u00e9n se tienen en cuenta las teor\u00edas del \u00abaltruismo\u00bb y la \u00abreciprocidad\u00bb que explican los efectos del apoyo social en el bienestar subjetivo de las personas mayores.<\/p>\n<p>&nbsp;<\/p>\n<h3>Datos acad\u00e9micos de la tesis doctoral \u00ab<strong>Determinantes sociales de la soledad en las personas mayores espa\u00f1olas: dar y recibir apoyo en el proceso de envejecer.<\/strong>\u00ab<\/h3>\n<ul>\n<li><strong>T\u00edtulo de la tesis:<\/strong>\u00a0 Determinantes sociales de la soledad en las personas mayores espa\u00f1olas: dar y recibir apoyo en el proceso de envejecer. <\/li>\n<li><strong>Autor:<\/strong>\u00a0 Marta Monica Sanchez Rodriguez <\/li>\n<li><strong>Universidad:<\/strong>\u00a0 Salamanca<\/li>\n<li><strong>Fecha de lectura de la tesis:<\/strong>\u00a0 12\/07\/2009<\/li>\n<\/ul>\n<p>&nbsp;<\/p>\n<h3>Direcci\u00f3n y tribunal<\/h3>\n<ul>\n<li><strong>Director de la tesis<\/strong>\n<ul>\n<li>Jos\u00e9 Buz Delgado<\/li>\n<\/ul>\n<\/li>\n<li><strong>Tribunal<\/strong>\n<ul>\n<li>Presidente del tribunal: \u00e1ngel Fern\u00e1ndez ramos <\/li>\n<li>Juan  Jos\u00e9 Zacar\u00e9s gonz\u00e1lez (vocal)<\/li>\n<li>jenny de jong Gierveld (vocal)<\/li>\n<li>on\u00e9simo Juncos rabad\u00e1n (vocal)<\/li>\n<\/ul>\n<\/li>\n<\/ul>\n<p>&nbsp;<\/p>\n","protected":false},"excerpt":{"rendered":"<p>Tesis doctoral de Marta Monica Sanchez Rodriguez La soledad es una experiencia subjetiva negativa que se relaciona con la ausencia [&hellip;]<\/p>\n","protected":false},"author":1,"featured_media":0,"comment_status":"open","ping_status":"open","sticky":false,"template":"","format":"standard","meta":{"site-sidebar-layout":"default","site-content-layout":"","ast-site-content-layout":"","site-content-style":"default","site-sidebar-style":"default","ast-global-header-display":"","ast-banner-title-visibility":"","ast-main-header-display":"","ast-hfb-above-header-display":"","ast-hfb-below-header-display":"","ast-hfb-mobile-header-display":"","site-post-title":"","ast-breadcrumbs-content":"","ast-featured-img":"","footer-sml-layout":"","theme-transparent-header-meta":"","adv-header-id-meta":"","stick-header-meta":"","header-above-stick-meta":"","header-main-stick-meta":"","header-below-stick-meta":"","astra-migrate-meta-layouts":"default","ast-page-background-enabled":"default","ast-page-background-meta":{"desktop":{"background-color":"var(--ast-global-color-4)","background-image":"","background-repeat":"repeat","background-position":"center center","background-size":"auto","background-attachment":"scroll","background-type":"","background-media":"","overlay-type":"","overlay-color":"","overlay-gradient":""},"tablet":{"background-color":"","background-image":"","background-repeat":"repeat","background-position":"center center","background-size":"auto","background-attachment":"scroll","background-type":"","background-media":"","overlay-type":"","overlay-color":"","overlay-gradient":""},"mobile":{"background-color":"","background-image":"","background-repeat":"repeat","background-position":"center center","background-size":"auto","background-attachment":"scroll","background-type":"","background-media":"","overlay-type":"","overlay-color":"","overlay-gradient":""}},"ast-content-background-meta":{"desktop":{"background-color":"var(--ast-global-color-5)","background-image":"","background-repeat":"repeat","background-position":"center center","background-size":"auto","background-attachment":"scroll","background-type":"","background-media":"","overlay-type":"","overlay-color":"","overlay-gradient":""},"tablet":{"background-color":"var(--ast-global-color-5)","background-image":"","background-repeat":"repeat","background-position":"center center","background-size":"auto","background-attachment":"scroll","background-type":"","background-media":"","overlay-type":"","overlay-color":"","overlay-gradient":""},"mobile":{"background-color":"var(--ast-global-color-5)","background-image":"","background-repeat":"repeat","background-position":"center center","background-size":"auto","background-attachment":"scroll","background-type":"","background-media":"","overlay-type":"","overlay-color":"","overlay-gradient":""}},"footnotes":""},"categories":[19815,9386,5773],"tags":[25965,195831,141780,12437,195830,2951],"class_list":["post-95135","post","type-post","status-publish","format-standard","hentry","category-calidad-de-vida","category-salamanca","category-senectud","tag-angel-fernandez-ramos","tag-jenny-de-jong-gierveld","tag-jose-buz-delgado","tag-juan-jose-zacares-gonzalez","tag-marta-monica-sanchez-rodriguez","tag-onesimo-juncos-rabadan"],"_links":{"self":[{"href":"https:\/\/www.deberes.net\/tesis\/wp-json\/wp\/v2\/posts\/95135","targetHints":{"allow":["GET"]}}],"collection":[{"href":"https:\/\/www.deberes.net\/tesis\/wp-json\/wp\/v2\/posts"}],"about":[{"href":"https:\/\/www.deberes.net\/tesis\/wp-json\/wp\/v2\/types\/post"}],"author":[{"embeddable":true,"href":"https:\/\/www.deberes.net\/tesis\/wp-json\/wp\/v2\/users\/1"}],"replies":[{"embeddable":true,"href":"https:\/\/www.deberes.net\/tesis\/wp-json\/wp\/v2\/comments?post=95135"}],"version-history":[{"count":0,"href":"https:\/\/www.deberes.net\/tesis\/wp-json\/wp\/v2\/posts\/95135\/revisions"}],"wp:attachment":[{"href":"https:\/\/www.deberes.net\/tesis\/wp-json\/wp\/v2\/media?parent=95135"}],"wp:term":[{"taxonomy":"category","embeddable":true,"href":"https:\/\/www.deberes.net\/tesis\/wp-json\/wp\/v2\/categories?post=95135"},{"taxonomy":"post_tag","embeddable":true,"href":"https:\/\/www.deberes.net\/tesis\/wp-json\/wp\/v2\/tags?post=95135"}],"curies":[{"name":"wp","href":"https:\/\/api.w.org\/{rel}","templated":true}]}}