{"id":95193,"date":"2018-03-11T10:15:05","date_gmt":"2018-03-11T10:15:05","guid":{"rendered":"https:\/\/www.deberes.net\/tesis\/sin-categoria\/la-extradicion-aderecho-o-deber\/"},"modified":"2018-03-11T10:15:05","modified_gmt":"2018-03-11T10:15:05","slug":"la-extradicion-aderecho-o-deber","status":"publish","type":"post","link":"https:\/\/www.deberes.net\/tesis\/derecho-penal\/la-extradicion-aderecho-o-deber\/","title":{"rendered":"La extradici\u00f3n \u00c2\u00bfderecho o deber?"},"content":{"rendered":"<h2>Tesis doctoral de <strong> Almudena Corral Ayala <\/strong><\/h2>\n<p>A lo largo del presente trabajo, analizar\u00e9 un  tema de gran actualidad, que suscita significativos conflictos legales, que a su vez se ven reflejados en las relaciones entre los diversos estados, cuesti\u00f3n que en sus fundamentos se cifra en el principio de territorialidad, siendo objeto de un an\u00e1lisis m\u00e1s detallado una de sus manifestaciones: la extradici\u00f3n.  en una primera parte, la problem\u00e1tica propuesta ser\u00e1 objeto de estudio desde una perspectiva jur\u00eddico-positiva, y, me centrar\u00e9 en la normativa espa\u00f1ola vigente en esta materia, pasando seguidamente a analizar un supuesto de la praxis real, objeto de un intenso debate en este momento: la solicitud de extradici\u00f3n a la rep\u00fablica argentina, a instancia del juez espa\u00f1ol baltasar garz\u00f3n,  del militar de aquel pa\u00eds ricardo miguel cavallo.     la diversidad legislativa y jurisdiccional existente entre los diferentes estados, la escasa regulaci\u00f3n del derecho internacional en la materia y la necesidad de evitar la impunidad de los delitos y la inseguridad jur\u00eddica que resultar\u00eda del exclusivo establecimiento por cada estado de normas materiales, sin disciplinar los criterios de validez en el espacio de las mismas, hacen que se plantee la cuesti\u00f3n b\u00e1sica de la vigencia de la ley penal en el espacio.  partir\u00e9 en el estudio de la indicada materia del reconocimiento de un principio b\u00e1sico, que posteriormente analizar\u00e9 a lo largo de la obra: la potestad punitiva estatal (ius puniendi del estado) no puede ejercerse m\u00e1s all\u00e1  de las fronteras del propio estado.  pero como ocurre siempre en derecho, que no es una ciencia exacta, han de tomarse en consideraci\u00f3n situaciones excepcionales, toda vez que se cumplan determinados requisitos, que en aras a la seguridad jur\u00eddica son contemplados en la propia norma.   no es extra\u00f1a la situaci\u00f3n de la comisi\u00f3n de delitos en el territorio de un estado, por personas que no son nacionales del mismo; es frecuente tambi\u00e9n que, tras la comisi\u00f3n de una infracci\u00f3n, los imputados por la misma se refugien en el territorio de un estado distinto de aquel en el que se cometi\u00f3 la acci\u00f3n t\u00edpica y antijur\u00eddica, buscando la impunidad.  supuestos de este tipo me permiten aseverar que, ante los conflictos que pueden surgir a la hora de determinar cu\u00e1l es el estado competente para aplicar su poder punitivo, en base a su soberan\u00eda y territorio, el punto de partida para establecer la competencia sea el territorial, lo que conlleva el respeto a la soberan\u00eda de los dem\u00e1s estados cuando la ejercen sobre delitos cometidos dentro de sus fronteras.  sin embargo, dentro de determinadas condiciones y en r\u00e9gimen de reciprocidad, los estados ceden, en base a concretos principios jur\u00eddicos, parte del ejercicio de su potestad sancionadora para evitar que ciertos delitos, pudieran quedar sin sanci\u00f3n, en virtud de principios que no atienden ya al lugar de comisi\u00f3n de los hechos, sino a la nacionalidad del delincuente o a la protecci\u00f3n de intereses supranacionales.  as\u00ed pues, la potestad punitiva de los estados forma parte esencial del ejercicio de su soberan\u00eda, y en tal medida se encuentra sometida a l\u00edmites determinados por el espacio sobre el que tal soberan\u00eda se ejerce.  en concreto, por tanto, la potestad punitiva estatal no puede ejercerse m\u00e1s all\u00e1 de las fronteras del propio estado. Sin embargo, tal expresi\u00f3n de un principio tan general se ve inmediatamente matizada cuando es objeto de aplicaci\u00f3n a singulares casos concretos, debido a las caracter\u00edsticas que presenta la delincuencia actualmente, causada en gran medida por las innovaciones tecnol\u00f3gicas y las relaciones existentes entre los estados.  en primer lugar, las actuales facilidades que existen hoy en d\u00eda para trasladarse de un lugar a otro en un contexto tan globalizado, dan lugar a una movilidad de la delincuencia, de forma que a veces resulta f\u00e1cil eludir la actuaci\u00f3n de los tribunales del pa\u00eds en el que se ha cometido el delito y, en consecuencia, la acci\u00f3n penal.  m\u00e1s aun, a veces, no es necesario a los autores encontrarse f\u00edsicamente en  el lugar de comisi\u00f3n del hecho delictivo, ya que se valen de las actuales innovaciones tecnol\u00f3gicas (tal como ocurre con los delitos inform\u00e1ticos) u otras veces de meros instrumentos humanos para lograr el fin delictivo, vi\u00e9ndose agravada dicha situaci\u00f3n cuando adem\u00e1s, el bien jur\u00eddico lesionado afecta a toda la comunidad internacional  (tenemos en mente el ataque a las torres gemelas en nueva york). \u00c2\u00bfser\u00eda \u00fanicamente estados unidos, en base al principio de territorialidad, el estado competente para sancionar dicha barbarie? \u00c2\u00bfo por el contrario cualquier estado de derecho podr\u00eda ejercer su poder punitivo? \u00c2\u00bfo la comunidad internacional en su conjunto?  todo ello ha dado lugar a la creaci\u00f3n de determinadas reglas jur\u00eddicas destinadas a resolver los supuestos en los que confluye la potestad punitiva de m\u00e1s de un estado, para establecer la colaboraci\u00f3n internacional en la persecuci\u00f3n de hechos que afectan a la comunidad supranacional.<\/p>\n<p>&nbsp;<\/p>\n<h3>Datos acad\u00e9micos de la tesis doctoral \u00ab<strong>La extradici\u00f3n \u00c2\u00bfderecho o deber?<\/strong>\u00ab<\/h3>\n<ul>\n<li><strong>T\u00edtulo de la tesis:<\/strong>\u00a0 La extradici\u00f3n \u00c2\u00bfderecho o deber? <\/li>\n<li><strong>Autor:<\/strong>\u00a0 Almudena Corral Ayala <\/li>\n<li><strong>Universidad:<\/strong>\u00a0 Sevilla<\/li>\n<li><strong>Fecha de lectura de la tesis:<\/strong>\u00a0 13\/07\/2009<\/li>\n<\/ul>\n<p>&nbsp;<\/p>\n<h3>Direcci\u00f3n y tribunal<\/h3>\n<ul>\n<li><strong>Director de la tesis<\/strong>\n<ul>\n<li>Miguel Polaino Orts<\/li>\n<\/ul>\n<\/li>\n<li><strong>Tribunal<\/strong>\n<ul>\n<li>Presidente del tribunal: Miguel Polaino navarrete <\/li>\n<li>Fernando Miro llinares (vocal)<\/li>\n<li>Miguel Olmedo cardenete (vocal)<\/li>\n<li>Mar\u00eda  Jos\u00e9 Jim\u00e9nez d\u00edaz (vocal)<\/li>\n<\/ul>\n<\/li>\n<\/ul>\n<p>&nbsp;<\/p>\n","protected":false},"excerpt":{"rendered":"<p>Tesis doctoral de Almudena Corral Ayala A lo largo del presente trabajo, analizar\u00e9 un tema de gran actualidad, que suscita [&hellip;]<\/p>\n","protected":false},"author":1,"featured_media":0,"comment_status":"open","ping_status":"open","sticky":false,"template":"","format":"standard","meta":{"site-sidebar-layout":"default","site-content-layout":"","ast-site-content-layout":"","site-content-style":"default","site-sidebar-style":"default","ast-global-header-display":"","ast-banner-title-visibility":"","ast-main-header-display":"","ast-hfb-above-header-display":"","ast-hfb-below-header-display":"","ast-hfb-mobile-header-display":"","site-post-title":"","ast-breadcrumbs-content":"","ast-featured-img":"","footer-sml-layout":"","theme-transparent-header-meta":"","adv-header-id-meta":"","stick-header-meta":"","header-above-stick-meta":"","header-main-stick-meta":"","header-below-stick-meta":"","astra-migrate-meta-layouts":"default","ast-page-background-enabled":"default","ast-page-background-meta":{"desktop":{"background-color":"var(--ast-global-color-4)","background-image":"","background-repeat":"repeat","background-position":"center center","background-size":"auto","background-attachment":"scroll","background-type":"","background-media":"","overlay-type":"","overlay-color":"","overlay-gradient":""},"tablet":{"background-color":"","background-image":"","background-repeat":"repeat","background-position":"center center","background-size":"auto","background-attachment":"scroll","background-type":"","background-media":"","overlay-type":"","overlay-color":"","overlay-gradient":""},"mobile":{"background-color":"","background-image":"","background-repeat":"repeat","background-position":"center center","background-size":"auto","background-attachment":"scroll","background-type":"","background-media":"","overlay-type":"","overlay-color":"","overlay-gradient":""}},"ast-content-background-meta":{"desktop":{"background-color":"var(--ast-global-color-5)","background-image":"","background-repeat":"repeat","background-position":"center center","background-size":"auto","background-attachment":"scroll","background-type":"","background-media":"","overlay-type":"","overlay-color":"","overlay-gradient":""},"tablet":{"background-color":"var(--ast-global-color-5)","background-image":"","background-repeat":"repeat","background-position":"center center","background-size":"auto","background-attachment":"scroll","background-type":"","background-media":"","overlay-type":"","overlay-color":"","overlay-gradient":""},"mobile":{"background-color":"var(--ast-global-color-5)","background-image":"","background-repeat":"repeat","background-position":"center center","background-size":"auto","background-attachment":"scroll","background-type":"","background-media":"","overlay-type":"","overlay-color":"","overlay-gradient":""}},"footnotes":""},"categories":[613,10715],"tags":[195924,58362,53152,156600,11234,195713],"class_list":["post-95193","post","type-post","status-publish","format-standard","hentry","category-derecho-penal","category-sevilla","tag-almudena-corral-ayala","tag-fernando-miro-llinares","tag-maria-jose-jimenez-diaz","tag-miguel-olmedo-cardenete","tag-miguel-polaino-navarrete","tag-miguel-polaino-orts"],"_links":{"self":[{"href":"https:\/\/www.deberes.net\/tesis\/wp-json\/wp\/v2\/posts\/95193","targetHints":{"allow":["GET"]}}],"collection":[{"href":"https:\/\/www.deberes.net\/tesis\/wp-json\/wp\/v2\/posts"}],"about":[{"href":"https:\/\/www.deberes.net\/tesis\/wp-json\/wp\/v2\/types\/post"}],"author":[{"embeddable":true,"href":"https:\/\/www.deberes.net\/tesis\/wp-json\/wp\/v2\/users\/1"}],"replies":[{"embeddable":true,"href":"https:\/\/www.deberes.net\/tesis\/wp-json\/wp\/v2\/comments?post=95193"}],"version-history":[{"count":0,"href":"https:\/\/www.deberes.net\/tesis\/wp-json\/wp\/v2\/posts\/95193\/revisions"}],"wp:attachment":[{"href":"https:\/\/www.deberes.net\/tesis\/wp-json\/wp\/v2\/media?parent=95193"}],"wp:term":[{"taxonomy":"category","embeddable":true,"href":"https:\/\/www.deberes.net\/tesis\/wp-json\/wp\/v2\/categories?post=95193"},{"taxonomy":"post_tag","embeddable":true,"href":"https:\/\/www.deberes.net\/tesis\/wp-json\/wp\/v2\/tags?post=95193"}],"curies":[{"name":"wp","href":"https:\/\/api.w.org\/{rel}","templated":true}]}}