{"id":9521,"date":"1995-01-01T00:00:00","date_gmt":"1995-01-01T00:00:00","guid":{"rendered":"https:\/\/www.deberes.net\/tesis\/1995\/01\/01\/el-regimen-juridico-de-la-contratacion-publica-en-el-derecho-comunitario-europeo\/"},"modified":"1995-01-01T00:00:00","modified_gmt":"1995-01-01T00:00:00","slug":"el-regimen-juridico-de-la-contratacion-publica-en-el-derecho-comunitario-europeo","status":"publish","type":"post","link":"https:\/\/www.deberes.net\/tesis\/ciencias-juridicas-y-derecho\/el-regimen-juridico-de-la-contratacion-publica-en-el-derecho-comunitario-europeo\/","title":{"rendered":"El regimen juridico de la contratacion publica en el derecho comunitario europeo"},"content":{"rendered":"<h2>Tesis doctoral de <strong>  Moreno Molina Jos\u00e9 Antonio <\/strong><\/h2>\n<p>La tesis doctoral tiene como principal objeto el estudio del regimen juridico de la contratacion publica en el derecho comunitario europeo. Es, pues, una tesis de derecho administrativo comunitario. En este sentido, la investigacion llevada a cabo durante los ultimos cuatro a\u00f1os ha centrado sus miras tanto en la completo normativa, de derecho originario y derivado, como en la jurisprudencia comunitaria sobre los contratos publicos.  sin embargo, no nos hemos detenido en este punto de la investigacion, sino que hemos intentado situar el estudio dentro de un marco mas amplio, cual es el de la progresiva convergencia en los ordenamientos modernos -con independencia de cuales sean los regimenes juridicos, publicos o privados, que contemplen con respecto a los contratos que celebre la administracion- hacia la formacion de un derecho comun de la contratacion publica, que pretende disciplinar las fases de preparacion y adjudicacion de los contratos. Con estas normas, se quiere garantizar el respeto en la contratacion publica de principios tan importantes como los de objetividad, transparencia, publicidad y no discriminacion.<\/p>\n<p>&nbsp;<\/p>\n<h3>Datos acad\u00e9micos de la tesis doctoral \u00ab<strong>El regimen juridico de la contratacion publica en el derecho comunitario europeo<\/strong>\u00ab<\/h3>\n<ul>\n<li><strong>T\u00edtulo de la tesis:<\/strong>\u00a0 El regimen juridico de la contratacion publica en el derecho comunitario europeo <\/li>\n<li><strong>Autor:<\/strong>\u00a0  Moreno Molina Jos\u00e9 Antonio <\/li>\n<li><strong>Universidad:<\/strong>\u00a0 Castilla-la mancha<\/li>\n<li><strong>Fecha de lectura de la tesis:<\/strong>\u00a0 01\/01\/1995<\/li>\n<\/ul>\n<p>&nbsp;<\/p>\n<h3>Direcci\u00f3n y tribunal<\/h3>\n<ul>\n<li><strong>Director de la tesis<\/strong>\n<ul>\n<li>Jos\u00e9 Luis Pi\u00f1ar Ma\u00f1as<\/li>\n<\/ul>\n<\/li>\n<li><strong>Tribunal<\/strong>\n<ul>\n<li>Presidente del tribunal: Jos\u00e9 Ram\u00f3n Parada V\u00e1zquez <\/li>\n<li>Miguel S\u00e1nchez Mor\u00f3n (vocal)<\/li>\n<li>Rafael G\u00f3mez-ferrer Morant (vocal)<\/li>\n<li>Joaquin Tornos Mas (vocal)<\/li>\n<\/ul>\n<\/li>\n<\/ul>\n<p>&nbsp;<\/p>\n","protected":false},"excerpt":{"rendered":"<p>Tesis doctoral de Moreno Molina Jos\u00e9 Antonio La tesis doctoral tiene como principal objeto el estudio del regimen juridico de [&hellip;]<\/p>\n","protected":false},"author":1,"featured_media":0,"comment_status":"open","ping_status":"open","sticky":false,"template":"","format":"standard","meta":{"site-sidebar-layout":"default","site-content-layout":"","ast-site-content-layout":"","site-content-style":"default","site-sidebar-style":"default","ast-global-header-display":"","ast-banner-title-visibility":"","ast-main-header-display":"","ast-hfb-above-header-display":"","ast-hfb-below-header-display":"","ast-hfb-mobile-header-display":"","site-post-title":"","ast-breadcrumbs-content":"","ast-featured-img":"","footer-sml-layout":"","theme-transparent-header-meta":"","adv-header-id-meta":"","stick-header-meta":"","header-above-stick-meta":"","header-main-stick-meta":"","header-below-stick-meta":"","astra-migrate-meta-layouts":"default","ast-page-background-enabled":"default","ast-page-background-meta":{"desktop":{"background-color":"var(--ast-global-color-4)","background-image":"","background-repeat":"repeat","background-position":"center center","background-size":"auto","background-attachment":"scroll","background-type":"","background-media":"","overlay-type":"","overlay-color":"","overlay-gradient":""},"tablet":{"background-color":"","background-image":"","background-repeat":"repeat","background-position":"center center","background-size":"auto","background-attachment":"scroll","background-type":"","background-media":"","overlay-type":"","overlay-color":"","overlay-gradient":""},"mobile":{"background-color":"","background-image":"","background-repeat":"repeat","background-position":"center center","background-size":"auto","background-attachment":"scroll","background-type":"","background-media":"","overlay-type":"","overlay-color":"","overlay-gradient":""}},"ast-content-background-meta":{"desktop":{"background-color":"var(--ast-global-color-5)","background-image":"","background-repeat":"repeat","background-position":"center center","background-size":"auto","background-attachment":"scroll","background-type":"","background-media":"","overlay-type":"","overlay-color":"","overlay-gradient":""},"tablet":{"background-color":"var(--ast-global-color-5)","background-image":"","background-repeat":"repeat","background-position":"center center","background-size":"auto","background-attachment":"scroll","background-type":"","background-media":"","overlay-type":"","overlay-color":"","overlay-gradient":""},"mobile":{"background-color":"var(--ast-global-color-5)","background-image":"","background-repeat":"repeat","background-position":"center center","background-size":"auto","background-attachment":"scroll","background-type":"","background-media":"","overlay-type":"","overlay-color":"","overlay-gradient":""}},"footnotes":""},"categories":[18451,612,1442,979],"tags":[1445,6455,1918,18560,32481,3455],"class_list":["post-9521","post","type-post","status-publish","format-standard","hentry","category-castilla-la-mancha","category-ciencias-juridicas-y-derecho","category-derecho-administrativo","category-derecho-y-legislacion-nacionales","tag-joaquin-tornos-mas","tag-jose-luis-pinar-manas","tag-jose-ramon-parada-vazquez","tag-miguel-sanchez-moron","tag-moreno-molina-jose-antonio","tag-rafael-gomez-ferrer-morant"],"_links":{"self":[{"href":"https:\/\/www.deberes.net\/tesis\/wp-json\/wp\/v2\/posts\/9521","targetHints":{"allow":["GET"]}}],"collection":[{"href":"https:\/\/www.deberes.net\/tesis\/wp-json\/wp\/v2\/posts"}],"about":[{"href":"https:\/\/www.deberes.net\/tesis\/wp-json\/wp\/v2\/types\/post"}],"author":[{"embeddable":true,"href":"https:\/\/www.deberes.net\/tesis\/wp-json\/wp\/v2\/users\/1"}],"replies":[{"embeddable":true,"href":"https:\/\/www.deberes.net\/tesis\/wp-json\/wp\/v2\/comments?post=9521"}],"version-history":[{"count":0,"href":"https:\/\/www.deberes.net\/tesis\/wp-json\/wp\/v2\/posts\/9521\/revisions"}],"wp:attachment":[{"href":"https:\/\/www.deberes.net\/tesis\/wp-json\/wp\/v2\/media?parent=9521"}],"wp:term":[{"taxonomy":"category","embeddable":true,"href":"https:\/\/www.deberes.net\/tesis\/wp-json\/wp\/v2\/categories?post=9521"},{"taxonomy":"post_tag","embeddable":true,"href":"https:\/\/www.deberes.net\/tesis\/wp-json\/wp\/v2\/tags?post=9521"}],"curies":[{"name":"wp","href":"https:\/\/api.w.org\/{rel}","templated":true}]}}