{"id":95237,"date":"2018-03-11T10:15:10","date_gmt":"2018-03-11T10:15:10","guid":{"rendered":"https:\/\/www.deberes.net\/tesis\/sin-categoria\/multifuncionalidad-e-instrumentos-de-politica-agraria-el-caso-de-la-politica-agroambiental-en-la-comunidad-autonoma-del-pais-vasco\/"},"modified":"2018-03-11T10:15:10","modified_gmt":"2018-03-11T10:15:10","slug":"multifuncionalidad-e-instrumentos-de-politica-agraria-el-caso-de-la-politica-agroambiental-en-la-comunidad-autonoma-del-pais-vasco","status":"publish","type":"post","link":"https:\/\/www.deberes.net\/tesis\/sector-de-agricultura-silvicultura-ganaderia-y-pesca\/multifuncionalidad-e-instrumentos-de-politica-agraria-el-caso-de-la-politica-agroambiental-en-la-comunidad-autonoma-del-pais-vasco\/","title":{"rendered":"Multifuncionalidad e instrumentos de politica agraria: el caso de la politica agroambiental en la comunidad autonoma del pais vasco"},"content":{"rendered":"<h2>Tesis doctoral de <strong> Eduardo Malagon Zaldua <\/strong><\/h2>\n<p>La agricultura y el medio rural desempe\u00f1an un papel fundamental en la provisi\u00f3n de determinados bienes p\u00fablicos, como el mantenimiento de la biodiversidad, el paisaje, la cultura y el empleo en las zonas rurales, etc. Pero este car\u00e1cter multifuncional de la agricultura tambi\u00e9n ha sido un argumento legitimador utilizado por los pa\u00edses desarrollados para justificar los subsidios a sus agricultores y la protecci\u00f3n de sus mercados internos de alimentos. Sin embargo, los instrumentos convencionales de apoyo al sector agrario est\u00e1n siendo cuestionados en las negociaciones comerciales multilaterales por su car\u00e1cter distorsionador del comercio internacional pero tambi\u00e9n por su ineficacia para garantizar la provisi\u00f3n socialmente \u00f3ptima de los bienes y servicios ambientales.  paralelamente, en los pa\u00edses desarrollados se han ido desarrollando y aplicando instrumentos espec\u00edficos con el objetivo de estimular sistemas de producci\u00f3n agraria m\u00e1s respetuosos desde el punto de vista medioambiental, constituyendo lo que se ha denominado como pol\u00edtica agroambiental. Aunque exist\u00edan experiencias previas de car\u00e1cter nacional, en la uni\u00f3n europea la pol\u00edtica agroambiental pas\u00f3 a forma parte de la pol\u00edtica agr\u00edcola com\u00fan (pac) tras la reforma de 1992 (reglamento 2078\/92). Estas actuaciones se integrar\u00f3n en las pol\u00edticas de desarrollo rural a partir de la aprobaci\u00f3n de la agenda 2000 en 1999. en la comunidad aut\u00f3noma del pa\u00eds vasco (capv),  la pol\u00edtica agroambiental comenz\u00f3 a aplicarse desde 1996. A partir de 2000, las actuaciones agroambientales quedaron integradas en el plan de desarrollo rural sostenible 2000-2006.  este trabajo de investigaci\u00f3n tiene los siguientes objetivos:  \t&#8211; realizar una s\u00edntesis de los principales argumentos del debate sobre la multifuncionalidad agraria; \t&#8211; recopilar y analizar la praxis de la pol\u00edtica agroambiental en los pa\u00edses de la ue;  &#8211; realizar una evaluaci\u00f3n de la aplicaci\u00f3n de las pol\u00edticas agroambientales en la capv; &#8211; valorar posibles propuestas para el desarrollo de instrumentos de pol\u00edtica agraria que garanticen el cumplimiento de funciones no comerciales de esta actividad.<\/p>\n<p>&nbsp;<\/p>\n<h3>Datos acad\u00e9micos de la tesis doctoral \u00ab<strong>Multifuncionalidad e instrumentos de politica agraria: el caso de la politica agroambiental en la comunidad autonoma del pais vasco<\/strong>\u00ab<\/h3>\n<ul>\n<li><strong>T\u00edtulo de la tesis:<\/strong>\u00a0 Multifuncionalidad e instrumentos de politica agraria: el caso de la politica agroambiental en la comunidad autonoma del pais vasco <\/li>\n<li><strong>Autor:<\/strong>\u00a0 Eduardo Malagon Zaldua <\/li>\n<li><strong>Universidad:<\/strong>\u00a0 Pa\u00eds vasco\/euskal herriko unibertsitatea<\/li>\n<li><strong>Fecha de lectura de la tesis:<\/strong>\u00a0 14\/07\/2009<\/li>\n<\/ul>\n<p>&nbsp;<\/p>\n<h3>Direcci\u00f3n y tribunal<\/h3>\n<ul>\n<li><strong>Director de la tesis<\/strong>\n<ul>\n<li>Eduardo Ramos Leal<\/li>\n<\/ul>\n<\/li>\n<li><strong>Tribunal<\/strong>\n<ul>\n<li>Presidente del tribunal: Carlos Berzosa alonso Martinez <\/li>\n<li>Juan  sebastian Castillo valero (vocal)<\/li>\n<li>Juan  ramon Murua mujika (vocal)<\/li>\n<li>rosa Mar\u00eda Gallardo cobos (vocal)<\/li>\n<\/ul>\n<\/li>\n<\/ul>\n<p>&nbsp;<\/p>\n","protected":false},"excerpt":{"rendered":"<p>Tesis doctoral de Eduardo Malagon Zaldua La agricultura y el medio rural desempe\u00f1an un papel fundamental en la provisi\u00f3n de [&hellip;]<\/p>\n","protected":false},"author":1,"featured_media":0,"comment_status":"open","ping_status":"open","sticky":false,"template":"","format":"standard","meta":{"site-sidebar-layout":"default","site-content-layout":"","ast-site-content-layout":"","site-content-style":"default","site-sidebar-style":"default","ast-global-header-display":"","ast-banner-title-visibility":"","ast-main-header-display":"","ast-hfb-above-header-display":"","ast-hfb-below-header-display":"","ast-hfb-mobile-header-display":"","site-post-title":"","ast-breadcrumbs-content":"","ast-featured-img":"","footer-sml-layout":"","theme-transparent-header-meta":"","adv-header-id-meta":"","stick-header-meta":"","header-above-stick-meta":"","header-main-stick-meta":"","header-below-stick-meta":"","astra-migrate-meta-layouts":"default","ast-page-background-enabled":"default","ast-page-background-meta":{"desktop":{"background-color":"var(--ast-global-color-4)","background-image":"","background-repeat":"repeat","background-position":"center center","background-size":"auto","background-attachment":"scroll","background-type":"","background-media":"","overlay-type":"","overlay-color":"","overlay-gradient":""},"tablet":{"background-color":"","background-image":"","background-repeat":"repeat","background-position":"center center","background-size":"auto","background-attachment":"scroll","background-type":"","background-media":"","overlay-type":"","overlay-color":"","overlay-gradient":""},"mobile":{"background-color":"","background-image":"","background-repeat":"repeat","background-position":"center center","background-size":"auto","background-attachment":"scroll","background-type":"","background-media":"","overlay-type":"","overlay-color":"","overlay-gradient":""}},"ast-content-background-meta":{"desktop":{"background-color":"var(--ast-global-color-5)","background-image":"","background-repeat":"repeat","background-position":"center center","background-size":"auto","background-attachment":"scroll","background-type":"","background-media":"","overlay-type":"","overlay-color":"","overlay-gradient":""},"tablet":{"background-color":"var(--ast-global-color-5)","background-image":"","background-repeat":"repeat","background-position":"center center","background-size":"auto","background-attachment":"scroll","background-type":"","background-media":"","overlay-type":"","overlay-color":"","overlay-gradient":""},"mobile":{"background-color":"var(--ast-global-color-5)","background-image":"","background-repeat":"repeat","background-position":"center center","background-size":"auto","background-attachment":"scroll","background-type":"","background-media":"","overlay-type":"","overlay-color":"","overlay-gradient":""}},"footnotes":""},"categories":[963,12909,935],"tags":[892,195997,46972,195999,195998,48684],"class_list":["post-95237","post","type-post","status-publish","format-standard","hentry","category-economia-sectorial","category-pais-vasco-euskal-herriko-unibertsitatea","category-sector-de-agricultura-silvicultura-ganaderia-y-pesca","tag-carlos-berzosa-alonso-Martinez","tag-eduardo-malagon-zaldua","tag-eduardo-ramos-leal","tag-juan-ramon-murua-mujika","tag-juan-sebastian-castillo-valero","tag-rosa-maria-gallardo-cobos"],"_links":{"self":[{"href":"https:\/\/www.deberes.net\/tesis\/wp-json\/wp\/v2\/posts\/95237","targetHints":{"allow":["GET"]}}],"collection":[{"href":"https:\/\/www.deberes.net\/tesis\/wp-json\/wp\/v2\/posts"}],"about":[{"href":"https:\/\/www.deberes.net\/tesis\/wp-json\/wp\/v2\/types\/post"}],"author":[{"embeddable":true,"href":"https:\/\/www.deberes.net\/tesis\/wp-json\/wp\/v2\/users\/1"}],"replies":[{"embeddable":true,"href":"https:\/\/www.deberes.net\/tesis\/wp-json\/wp\/v2\/comments?post=95237"}],"version-history":[{"count":0,"href":"https:\/\/www.deberes.net\/tesis\/wp-json\/wp\/v2\/posts\/95237\/revisions"}],"wp:attachment":[{"href":"https:\/\/www.deberes.net\/tesis\/wp-json\/wp\/v2\/media?parent=95237"}],"wp:term":[{"taxonomy":"category","embeddable":true,"href":"https:\/\/www.deberes.net\/tesis\/wp-json\/wp\/v2\/categories?post=95237"},{"taxonomy":"post_tag","embeddable":true,"href":"https:\/\/www.deberes.net\/tesis\/wp-json\/wp\/v2\/tags?post=95237"}],"curies":[{"name":"wp","href":"https:\/\/api.w.org\/{rel}","templated":true}]}}