{"id":95247,"date":"2018-03-11T10:15:10","date_gmt":"2018-03-11T10:15:10","guid":{"rendered":"https:\/\/www.deberes.net\/tesis\/sin-categoria\/evolucion-estacional-e-interanual-do-co2-no-atlantico-norte\/"},"modified":"2018-03-11T10:15:10","modified_gmt":"2018-03-11T10:15:10","slug":"evolucion-estacional-e-interanual-do-co2-no-atlantico-norte","status":"publish","type":"post","link":"https:\/\/www.deberes.net\/tesis\/oceanografia-quimica\/evolucion-estacional-e-interanual-do-co2-no-atlantico-norte\/","title":{"rendered":"Evoluci\u00f3n estacional e interanual do co2 no atl\u00e1ntico norte"},"content":{"rendered":"<h2>Tesis doctoral de <strong> Jos\u00e9 Antonio Pad\u00edn \u00e1lvarez <\/strong><\/h2>\n<p>Buques de oportunidad, cubriendo la ruta entre vigo a saint nazaire (francia) equipados con un equipo aut\u00f3nomo de medida de fugacidad de co2 (fco2) fueron una plataforma de observaci\u00f3n adecuada para la caracterizaci\u00f3n del intercambio de co2 oc\u00e9ano- atm\u00f3sfera del golfo de vizadaya a distintas escalas temporales<\/p>\n<p>&nbsp;<\/p>\n<h3>Datos acad\u00e9micos de la tesis doctoral \u00ab<strong>Evoluci\u00f3n estacional e interanual do co2 no atl\u00e1ntico norte<\/strong>\u00ab<\/h3>\n<ul>\n<li><strong>T\u00edtulo de la tesis:<\/strong>\u00a0 Evoluci\u00f3n estacional e interanual do co2 no atl\u00e1ntico norte <\/li>\n<li><strong>Autor:<\/strong>\u00a0 Jos\u00e9 Antonio Pad\u00edn \u00e1lvarez <\/li>\n<li><strong>Universidad:<\/strong>\u00a0 Vigo<\/li>\n<li><strong>Fecha de lectura de la tesis:<\/strong>\u00a0 14\/07\/2009<\/li>\n<\/ul>\n<p>&nbsp;<\/p>\n<h3>Direcci\u00f3n y tribunal<\/h3>\n<ul>\n<li><strong>Director de la tesis<\/strong>\n<ul>\n<li>Fiz Fern\u00e1ndez P\u00e9rez<\/li>\n<\/ul>\n<\/li>\n<li><strong>Tribunal<\/strong>\n<ul>\n<li>Presidente del tribunal: abelardo Gomez parra <\/li>\n<li>Jes\u00fas Forja pajares (vocal)<\/li>\n<li>  (vocal)<\/li>\n<li>  (vocal)<\/li>\n<\/ul>\n<\/li>\n<\/ul>\n<p>&nbsp;<\/p>\n","protected":false},"excerpt":{"rendered":"<p>Tesis doctoral de Jos\u00e9 Antonio Pad\u00edn \u00e1lvarez Buques de oportunidad, cubriendo la ruta entre vigo a saint nazaire (francia) equipados [&hellip;]<\/p>\n","protected":false},"author":1,"featured_media":0,"comment_status":"open","ping_status":"open","sticky":false,"template":"","format":"standard","meta":{"site-sidebar-layout":"default","site-content-layout":"","ast-site-content-layout":"","site-content-style":"default","site-sidebar-style":"default","ast-global-header-display":"","ast-banner-title-visibility":"","ast-main-header-display":"","ast-hfb-above-header-display":"","ast-hfb-below-header-display":"","ast-hfb-mobile-header-display":"","site-post-title":"","ast-breadcrumbs-content":"","ast-featured-img":"","footer-sml-layout":"","theme-transparent-header-meta":"","adv-header-id-meta":"","stick-header-meta":"","header-above-stick-meta":"","header-main-stick-meta":"","header-below-stick-meta":"","astra-migrate-meta-layouts":"default","ast-page-background-enabled":"default","ast-page-background-meta":{"desktop":{"background-color":"var(--ast-global-color-4)","background-image":"","background-repeat":"repeat","background-position":"center center","background-size":"auto","background-attachment":"scroll","background-type":"","background-media":"","overlay-type":"","overlay-color":"","overlay-gradient":""},"tablet":{"background-color":"","background-image":"","background-repeat":"repeat","background-position":"center center","background-size":"auto","background-attachment":"scroll","background-type":"","background-media":"","overlay-type":"","overlay-color":"","overlay-gradient":""},"mobile":{"background-color":"","background-image":"","background-repeat":"repeat","background-position":"center center","background-size":"auto","background-attachment":"scroll","background-type":"","background-media":"","overlay-type":"","overlay-color":"","overlay-gradient":""}},"ast-content-background-meta":{"desktop":{"background-color":"var(--ast-global-color-5)","background-image":"","background-repeat":"repeat","background-position":"center center","background-size":"auto","background-attachment":"scroll","background-type":"","background-media":"","overlay-type":"","overlay-color":"","overlay-gradient":""},"tablet":{"background-color":"var(--ast-global-color-5)","background-image":"","background-repeat":"repeat","background-position":"center center","background-size":"auto","background-attachment":"scroll","background-type":"","background-media":"","overlay-type":"","overlay-color":"","overlay-gradient":""},"mobile":{"background-color":"var(--ast-global-color-5)","background-image":"","background-repeat":"repeat","background-position":"center center","background-size":"auto","background-attachment":"scroll","background-type":"","background-media":"","overlay-type":"","overlay-color":"","overlay-gradient":""}},"footnotes":""},"categories":[1563,15748,18657],"tags":[3124,59024,20703,196014],"class_list":["post-95247","post","type-post","status-publish","format-standard","hentry","category-oceanografia-quimica","category-procesos-litorales-y-sublitorales","category-vigo","tag-abelardo-gomez-parra","tag-fiz-fernandez-perez","tag-jesus-forja-pajares","tag-jose-antonio-padin-alvarez"],"_links":{"self":[{"href":"https:\/\/www.deberes.net\/tesis\/wp-json\/wp\/v2\/posts\/95247","targetHints":{"allow":["GET"]}}],"collection":[{"href":"https:\/\/www.deberes.net\/tesis\/wp-json\/wp\/v2\/posts"}],"about":[{"href":"https:\/\/www.deberes.net\/tesis\/wp-json\/wp\/v2\/types\/post"}],"author":[{"embeddable":true,"href":"https:\/\/www.deberes.net\/tesis\/wp-json\/wp\/v2\/users\/1"}],"replies":[{"embeddable":true,"href":"https:\/\/www.deberes.net\/tesis\/wp-json\/wp\/v2\/comments?post=95247"}],"version-history":[{"count":0,"href":"https:\/\/www.deberes.net\/tesis\/wp-json\/wp\/v2\/posts\/95247\/revisions"}],"wp:attachment":[{"href":"https:\/\/www.deberes.net\/tesis\/wp-json\/wp\/v2\/media?parent=95247"}],"wp:term":[{"taxonomy":"category","embeddable":true,"href":"https:\/\/www.deberes.net\/tesis\/wp-json\/wp\/v2\/categories?post=95247"},{"taxonomy":"post_tag","embeddable":true,"href":"https:\/\/www.deberes.net\/tesis\/wp-json\/wp\/v2\/tags?post=95247"}],"curies":[{"name":"wp","href":"https:\/\/api.w.org\/{rel}","templated":true}]}}