{"id":95261,"date":"2018-03-11T10:15:10","date_gmt":"2018-03-11T10:15:10","guid":{"rendered":"https:\/\/www.deberes.net\/tesis\/sin-categoria\/ricardo-molina-y-la-generacion-del-27-a-traves-de-un-epistolario-inedito-estudio-y-edicion-cra%c2%adtica\/"},"modified":"2018-03-11T10:15:10","modified_gmt":"2018-03-11T10:15:10","slug":"ricardo-molina-y-la-generacion-del-27-a-traves-de-un-epistolario-inedito-estudio-y-edicion-cra%c2%adtica","status":"publish","type":"post","link":"https:\/\/www.deberes.net\/tesis\/ciencias-de-las-artes-y-las-letras\/ricardo-molina-y-la-generacion-del-27-a-traves-de-un-epistolario-inedito-estudio-y-edicion-cra%c2%adtica\/","title":{"rendered":"Ricardo molina y la generaci\u00f3n del 27 a trav\u00e9s de un epistolario in\u00e9dito. estudio y edici\u00f3n cr\u00edtica"},"content":{"rendered":"<h2>Tesis doctoral de <strong> Olga Rend\u00f3n Infante <\/strong><\/h2>\n<p>La tesis doctoral recoge la transcripci\u00f3n y anotaci\u00f3n de las cartas enviadas entre el poeta cordob\u00e9s cofundador de la revista \u00abc\u00e1ntico\u00bb y cinco miembros del grupo del 27: vicente aleixandre, luis cernuda, jorge guill\u00e9n, d\u00e1maso alonso y gerardo diego, con el fin de demostrar la inestimable influencia que estos ejercieron no s\u00f3lo sobre las hojas de poes\u00eda, sino sobre la propia producci\u00f3n po\u00e9tica de molina.  paso previo al estudio de las cartas se analizan tres cap\u00edtulos introductorios desde la prespectiva que ofrecen las fuentes consultadas en el archivo personal de molina (anotaciones, recortes de prensa y, en particular, la correspondencia): una semblanza del grupo \u00abc\u00e1ntico\u00bb, un estudio del perfil del poeta ricardo molina y un analisis exhaustivo de la relaci\u00f3n entre estos miembros del 27 y el grupo cordob\u00e9s de \u00abc\u00e1ntico\u00bb, en donde se da cuenta de las referencias a estos en cada n\u00famero de la revista, del n\u00famero doble en homenaje a luis cernuda y de las visitas y encuentros literarios celebrados en c\u00f3rdoba.  el objetivo de este estudio se centra en demostrar, a trav\u00e9s de la ordenaci\u00f3n y anotaci\u00f3n de este extraordinario corpus,  la tamizada red de relaciones de aquellos poetas del 27 que participaron en la vida de \u00abc\u00e1ntico\u00bb a trav\u00e9s de sus colaboraciones, consejos, homenajes y  visitas. Por otra parte, estudiamos este material como un medio eficaz para conocer, de primera mano, los valiosos juicios cr\u00edticos que estos amigos poetas del 27 emitieron acerca de la obra literaria de ricardo molina, y por \u00faltimo, lo presentamos como un material \u00fanico para aclarar las variantes de las que debe dar cuenta la cr\u00edtica textual.  en definitiva, este material es imprescindible para medir el grado de implicaci\u00f3n de los miembros de la generaci\u00f3n del 27 en la redacci\u00f3n de los n\u00fameros de la revista cordobesa;  pretende demostrar hasta qu\u00e9 punto las cartas constituyen un testimonio valioso para conocer el panorama po\u00e9tico de finales de los a\u00f1os 40 y toda la d\u00e9cada de los 50 y, en \u00faltima instancia, la tesis pretende demostrar hasta qu\u00e9 punto este epistolario se convierte en prueba fehaciente de la firme uni\u00f3n entre los poetas del 27 y estos otros poetas de la andaluc\u00eda oriental, los que crecieron en torno a la revista \u00abc\u00e1ntico\u00bb con ricardo molina al frente.<\/p>\n<p>&nbsp;<\/p>\n<h3>Datos acad\u00e9micos de la tesis doctoral \u00ab<strong>Ricardo molina y la generaci\u00f3n del 27 a trav\u00e9s de un epistolario in\u00e9dito. estudio y edici\u00f3n cr\u00edtica<\/strong>\u00ab<\/h3>\n<ul>\n<li><strong>T\u00edtulo de la tesis:<\/strong>\u00a0 Ricardo molina y la generaci\u00f3n del 27 a trav\u00e9s de un epistolario in\u00e9dito. estudio y edici\u00f3n cr\u00edtica <\/li>\n<li><strong>Autor:<\/strong>\u00a0 Olga Rend\u00f3n Infante <\/li>\n<li><strong>Universidad:<\/strong>\u00a0 C\u00e1diz<\/li>\n<li><strong>Fecha de lectura de la tesis:<\/strong>\u00a0 15\/07\/2009<\/li>\n<\/ul>\n<p>&nbsp;<\/p>\n<h3>Direcci\u00f3n y tribunal<\/h3>\n<ul>\n<li><strong>Director de la tesis<\/strong>\n<ul>\n<li>Manuel J. Ramos Ortega<\/li>\n<\/ul>\n<\/li>\n<li><strong>Tribunal<\/strong>\n<ul>\n<li>Presidente del tribunal: rogelio Reyes cano <\/li>\n<li>Ana sof\u00eda P\u00e9rez bustamante mourier (vocal)<\/li>\n<li>Francisco Javier Diez de revenga torres (vocal)<\/li>\n<li>Rafael De c\u00f3zar sievert (vocal)<\/li>\n<\/ul>\n<\/li>\n<\/ul>\n<p>&nbsp;<\/p>\n","protected":false},"excerpt":{"rendered":"<p>Tesis doctoral de Olga Rend\u00f3n Infante La tesis doctoral recoge la transcripci\u00f3n y anotaci\u00f3n de las cartas enviadas entre el [&hellip;]<\/p>\n","protected":false},"author":1,"featured_media":0,"comment_status":"open","ping_status":"open","sticky":false,"template":"","format":"standard","meta":{"site-sidebar-layout":"default","site-content-layout":"","ast-site-content-layout":"","site-content-style":"default","site-sidebar-style":"default","ast-global-header-display":"","ast-banner-title-visibility":"","ast-main-header-display":"","ast-hfb-above-header-display":"","ast-hfb-below-header-display":"","ast-hfb-mobile-header-display":"","site-post-title":"","ast-breadcrumbs-content":"","ast-featured-img":"","footer-sml-layout":"","theme-transparent-header-meta":"","adv-header-id-meta":"","stick-header-meta":"","header-above-stick-meta":"","header-main-stick-meta":"","header-below-stick-meta":"","astra-migrate-meta-layouts":"default","ast-page-background-enabled":"default","ast-page-background-meta":{"desktop":{"background-color":"var(--ast-global-color-4)","background-image":"","background-repeat":"repeat","background-position":"center center","background-size":"auto","background-attachment":"scroll","background-type":"","background-media":"","overlay-type":"","overlay-color":"","overlay-gradient":""},"tablet":{"background-color":"","background-image":"","background-repeat":"repeat","background-position":"center center","background-size":"auto","background-attachment":"scroll","background-type":"","background-media":"","overlay-type":"","overlay-color":"","overlay-gradient":""},"mobile":{"background-color":"","background-image":"","background-repeat":"repeat","background-position":"center center","background-size":"auto","background-attachment":"scroll","background-type":"","background-media":"","overlay-type":"","overlay-color":"","overlay-gradient":""}},"ast-content-background-meta":{"desktop":{"background-color":"var(--ast-global-color-5)","background-image":"","background-repeat":"repeat","background-position":"center center","background-size":"auto","background-attachment":"scroll","background-type":"","background-media":"","overlay-type":"","overlay-color":"","overlay-gradient":""},"tablet":{"background-color":"var(--ast-global-color-5)","background-image":"","background-repeat":"repeat","background-position":"center center","background-size":"auto","background-attachment":"scroll","background-type":"","background-media":"","overlay-type":"","overlay-color":"","overlay-gradient":""},"mobile":{"background-color":"var(--ast-global-color-5)","background-image":"","background-repeat":"repeat","background-position":"center center","background-size":"auto","background-attachment":"scroll","background-type":"","background-media":"","overlay-type":"","overlay-color":"","overlay-gradient":""}},"footnotes":""},"categories":[1506,147,149,636,628],"tags":[78867,8638,128705,196035,142239,10868],"class_list":["post-95261","post","type-post","status-publish","format-standard","hentry","category-cadiz","category-ciencias-de-las-artes-y-las-letras","category-critica-de-textos","category-lengua-y-literatura","category-teoria-analisis-y-critica-literarios","tag-ana-sofia-perez-bustamante-mourier","tag-francisco-javier-diez-de-revenga-torres","tag-manuel-j-ramos-ortega","tag-olga-rendon-infante","tag-rafael-de-cozar-sievert","tag-rogelio-reyes-cano"],"_links":{"self":[{"href":"https:\/\/www.deberes.net\/tesis\/wp-json\/wp\/v2\/posts\/95261","targetHints":{"allow":["GET"]}}],"collection":[{"href":"https:\/\/www.deberes.net\/tesis\/wp-json\/wp\/v2\/posts"}],"about":[{"href":"https:\/\/www.deberes.net\/tesis\/wp-json\/wp\/v2\/types\/post"}],"author":[{"embeddable":true,"href":"https:\/\/www.deberes.net\/tesis\/wp-json\/wp\/v2\/users\/1"}],"replies":[{"embeddable":true,"href":"https:\/\/www.deberes.net\/tesis\/wp-json\/wp\/v2\/comments?post=95261"}],"version-history":[{"count":0,"href":"https:\/\/www.deberes.net\/tesis\/wp-json\/wp\/v2\/posts\/95261\/revisions"}],"wp:attachment":[{"href":"https:\/\/www.deberes.net\/tesis\/wp-json\/wp\/v2\/media?parent=95261"}],"wp:term":[{"taxonomy":"category","embeddable":true,"href":"https:\/\/www.deberes.net\/tesis\/wp-json\/wp\/v2\/categories?post=95261"},{"taxonomy":"post_tag","embeddable":true,"href":"https:\/\/www.deberes.net\/tesis\/wp-json\/wp\/v2\/tags?post=95261"}],"curies":[{"name":"wp","href":"https:\/\/api.w.org\/{rel}","templated":true}]}}