{"id":95359,"date":"2018-03-11T10:15:19","date_gmt":"2018-03-11T10:15:19","guid":{"rendered":"https:\/\/www.deberes.net\/tesis\/sin-categoria\/la-edad-del-aire-un-nuevo-parametro-para-optimizar-la-relacion-ventilacion-calidad-del-aire-en-el-interior-de-los-locales\/"},"modified":"2018-03-11T10:15:19","modified_gmt":"2018-03-11T10:15:19","slug":"la-edad-del-aire-un-nuevo-parametro-para-optimizar-la-relacion-ventilacion-calidad-del-aire-en-el-interior-de-los-locales","status":"publish","type":"post","link":"https:\/\/www.deberes.net\/tesis\/mecanica-de-fluidos\/la-edad-del-aire-un-nuevo-parametro-para-optimizar-la-relacion-ventilacion-calidad-del-aire-en-el-interior-de-los-locales\/","title":{"rendered":"La edad del aire: un nuevo par\u00e1metro para optimizar la relaci\u00f3n ventilaci\u00f3n-calidad del aire en el interior de los locales"},"content":{"rendered":"<h2>Tesis doctoral de <strong> Virg\u00ednia G\u00f3mez Garc\u00eda <\/strong><\/h2>\n<p>Hemos tomado la calidad del aire donde estaba por rite, fanger, y  acgih. Hemos puesto a punto un sistema que permite conocer la edad del aire para la que se minimiza la relaci\u00f3n caudal-ppi. Lo que supone un ahorro en\u00e9rg\u00e9tico.  adem\u00e1s hemos mejorado la teor\u00eda de fanger al tener en cuenta cualquier tipo de polutante ( y no solo los que son detectados por el hombre, como fanger trataba en su teor\u00eda).  hemos introducido el uso de herramientas inform\u00e1ticas avanzadas, a la resoluci\u00f3n de problema de instalaci\u00f3nes.  hemos introducido el concepto de edad del aire, como un nuevo par\u00e1metro de calidad.<\/p>\n<p>&nbsp;<\/p>\n<h3>Datos acad\u00e9micos de la tesis doctoral \u00ab<strong>La edad del aire: un nuevo par\u00e1metro para optimizar la relaci\u00f3n ventilaci\u00f3n-calidad del aire en el interior de los locales<\/strong>\u00ab<\/h3>\n<ul>\n<li><strong>T\u00edtulo de la tesis:<\/strong>\u00a0 La edad del aire: un nuevo par\u00e1metro para optimizar la relaci\u00f3n ventilaci\u00f3n-calidad del aire en el interior de los locales <\/li>\n<li><strong>Autor:<\/strong>\u00a0 Virg\u00ednia G\u00f3mez Garc\u00eda <\/li>\n<li><strong>Universidad:<\/strong>\u00a0 Polit\u00e9cnica de Madrid<\/li>\n<li><strong>Fecha de lectura de la tesis:<\/strong>\u00a0 17\/07\/2009<\/li>\n<\/ul>\n<p>&nbsp;<\/p>\n<h3>Direcci\u00f3n y tribunal<\/h3>\n<ul>\n<li><strong>Director de la tesis<\/strong>\n<ul>\n<li>Miguel Angel Galvez Huerta<\/li>\n<\/ul>\n<\/li>\n<li><strong>Tribunal<\/strong>\n<ul>\n<li>Presidente del tribunal: tom\u00e1s Gil p\u00e9rez <\/li>\n<li>Jos\u00e9 ignacio P\u00e9rez calero (vocal)<\/li>\n<li>Rafael Gonz\u00e1lez gonz\u00e1lez (vocal)<\/li>\n<li>Andr\u00e9s Perales aguera (vocal)<\/li>\n<\/ul>\n<\/li>\n<\/ul>\n<p>&nbsp;<\/p>\n","protected":false},"excerpt":{"rendered":"<p>Tesis doctoral de Virg\u00ednia G\u00f3mez Garc\u00eda Hemos tomado la calidad del aire donde estaba por rite, fanger, y acgih. Hemos [&hellip;]<\/p>\n","protected":false},"author":1,"featured_media":0,"comment_status":"open","ping_status":"open","sticky":false,"template":"","format":"standard","meta":{"site-sidebar-layout":"default","site-content-layout":"","ast-site-content-layout":"","site-content-style":"default","site-sidebar-style":"default","ast-global-header-display":"","ast-banner-title-visibility":"","ast-main-header-display":"","ast-hfb-above-header-display":"","ast-hfb-below-header-display":"","ast-hfb-mobile-header-display":"","site-post-title":"","ast-breadcrumbs-content":"","ast-featured-img":"","footer-sml-layout":"","theme-transparent-header-meta":"","adv-header-id-meta":"","stick-header-meta":"","header-above-stick-meta":"","header-main-stick-meta":"","header-below-stick-meta":"","astra-migrate-meta-layouts":"default","ast-page-background-enabled":"default","ast-page-background-meta":{"desktop":{"background-color":"var(--ast-global-color-4)","background-image":"","background-repeat":"repeat","background-position":"center center","background-size":"auto","background-attachment":"scroll","background-type":"","background-media":"","overlay-type":"","overlay-color":"","overlay-gradient":""},"tablet":{"background-color":"","background-image":"","background-repeat":"repeat","background-position":"center center","background-size":"auto","background-attachment":"scroll","background-type":"","background-media":"","overlay-type":"","overlay-color":"","overlay-gradient":""},"mobile":{"background-color":"","background-image":"","background-repeat":"repeat","background-position":"center center","background-size":"auto","background-attachment":"scroll","background-type":"","background-media":"","overlay-type":"","overlay-color":"","overlay-gradient":""}},"ast-content-background-meta":{"desktop":{"background-color":"var(--ast-global-color-5)","background-image":"","background-repeat":"repeat","background-position":"center center","background-size":"auto","background-attachment":"scroll","background-type":"","background-media":"","overlay-type":"","overlay-color":"","overlay-gradient":""},"tablet":{"background-color":"var(--ast-global-color-5)","background-image":"","background-repeat":"repeat","background-position":"center center","background-size":"auto","background-attachment":"scroll","background-type":"","background-media":"","overlay-type":"","overlay-color":"","overlay-gradient":""},"mobile":{"background-color":"var(--ast-global-color-5)","background-image":"","background-repeat":"repeat","background-position":"center center","background-size":"auto","background-attachment":"scroll","background-type":"","background-media":"","overlay-type":"","overlay-color":"","overlay-gradient":""}},"footnotes":""},"categories":[12585,48081,1192,16008],"tags":[31387,142149,91281,31011,30727,196207],"class_list":["post-95359","post","type-post","status-publish","format-standard","hentry","category-ecuaciones-diferenciales-ordinarias","category-fisica-de-la-transmision-del-calor","category-mecanica-de-fluidos","category-politecnica-de-madrid","tag-andres-perales-aguera","tag-jose-ignacio-perez-calero","tag-miguel-angel-galvez-huerta","tag-rafael-gonzalez-gonzalez","tag-tomas-gil-perez","tag-virginia-gomez-garcia"],"_links":{"self":[{"href":"https:\/\/www.deberes.net\/tesis\/wp-json\/wp\/v2\/posts\/95359","targetHints":{"allow":["GET"]}}],"collection":[{"href":"https:\/\/www.deberes.net\/tesis\/wp-json\/wp\/v2\/posts"}],"about":[{"href":"https:\/\/www.deberes.net\/tesis\/wp-json\/wp\/v2\/types\/post"}],"author":[{"embeddable":true,"href":"https:\/\/www.deberes.net\/tesis\/wp-json\/wp\/v2\/users\/1"}],"replies":[{"embeddable":true,"href":"https:\/\/www.deberes.net\/tesis\/wp-json\/wp\/v2\/comments?post=95359"}],"version-history":[{"count":0,"href":"https:\/\/www.deberes.net\/tesis\/wp-json\/wp\/v2\/posts\/95359\/revisions"}],"wp:attachment":[{"href":"https:\/\/www.deberes.net\/tesis\/wp-json\/wp\/v2\/media?parent=95359"}],"wp:term":[{"taxonomy":"category","embeddable":true,"href":"https:\/\/www.deberes.net\/tesis\/wp-json\/wp\/v2\/categories?post=95359"},{"taxonomy":"post_tag","embeddable":true,"href":"https:\/\/www.deberes.net\/tesis\/wp-json\/wp\/v2\/tags?post=95359"}],"curies":[{"name":"wp","href":"https:\/\/api.w.org\/{rel}","templated":true}]}}