{"id":95367,"date":"2018-03-11T10:15:19","date_gmt":"2018-03-11T10:15:19","guid":{"rendered":"https:\/\/www.deberes.net\/tesis\/sin-categoria\/envejecimiento-y-bienestar-en-republica-dominicana\/"},"modified":"2018-03-11T10:15:19","modified_gmt":"2018-03-11T10:15:19","slug":"envejecimiento-y-bienestar-en-republica-dominicana","status":"publish","type":"post","link":"https:\/\/www.deberes.net\/tesis\/envejecimiento-de-la-poblacion\/envejecimiento-y-bienestar-en-republica-dominicana\/","title":{"rendered":"Envejecimiento y bienestar en republica dominicana"},"content":{"rendered":"<h2>Tesis doctoral de <strong> Cristina Molina Sena <\/strong><\/h2>\n<p>El presente trabajo enlaza los conceptos de actividades de la vida diaria y bienestar psicol\u00f3gico en personas mayores de la republica dominicana y tiene como una de sus m\u00e1s importantes justificaciones el creciente aumento de la poblaci\u00f3n de adultos mayores que est\u00e1 generando nuevas demandas de atenci\u00f3n, siendo la promoci\u00f3n del bienestar una de las bases del envejecimiento con \u00e9xito. Se realiz\u00f3 un dise\u00f1o de encuesta transversal en mayores de 65 a\u00f1os dominicanos no institucionalizados (n= 1397). El muestreo fue por cuotas y estratificado (afijaci\u00f3n proporcional) en funci\u00f3n de las regiones del pa\u00eds y de la edad. El nivel del confianza fue del 95% (con p=q=0.5) y el margen de error m\u00e1ximo del 4,6%. Se aplicaron como instrumentos el \u00edndice de barthel y las escalas de bienestar de ryff.  por lo que se refiere a los resultados se plantearon en relaci\u00f3n a cuatro bloques: descriptivos y relaciones entre instrumentos, relaciones entre el \u00edndice de barthel con los sociodemogr\u00e1ficos, relaciones entre las escalas de ryff con los sociodemogr\u00e1ficos y finalmente se desarrollo un modelo de ecuaciones estructurales. en relaci\u00f3n a las conclusiones, el \u00edndice de barthel mostr\u00f3 correlaciones positivas y significativas con dos factores de las escalas de ryff, dominio del ambiente y crecimiento personal. Por lo que se refiere a las relaciones entre las dimensiones de las escalas de ryff, todas las correlaciones fueron elevadas. Se comprob\u00f3 que las actividades de la vida diaria en la vejez son importantes por la relaci\u00f3n que se da entre el patr\u00f3n de actividades que lleva a cabo la persona y sus metas, valores y preferencias; en relaci\u00f3n a las escalas de ryff, se obtuvieron valores medios m\u00e1s bajos que en otros contextos. La edad fue uno de los sociodemogr\u00e1ficos m\u00e1s importantes, observ\u00e1ndose que a mayor edad descend\u00edan las puntuaciones de las diferentes medidas. En relaci\u00f3n al g\u00e9nero, no se observaron diferencias significativas, si bien la media de las mujeres fue superior en gran parte de las medidas. Tambi\u00e9n se concluy\u00f3 que un nivel de estudios alto favorece mantener un mejor nivel de actividades de la vida diaria y bienestar, patr\u00f3n que se repet\u00eda en las personas que segu\u00edan desarrollando actividades y manten\u00edan un buen nivel econ\u00f3mico en el envejecimiento. En relaci\u00f3n al modelo multivariado se concluy\u00f3 que las variables m\u00e1s afectadas por las caracter\u00edsticas sociodemogr\u00e1ficas son el nivel de abvd y el dominio del ambiente, siendo las variables m\u00e1s determinantes la edad y el nivel de estudios.<\/p>\n<p>&nbsp;<\/p>\n<h3>Datos acad\u00e9micos de la tesis doctoral \u00ab<strong>Envejecimiento y bienestar en republica dominicana<\/strong>\u00ab<\/h3>\n<ul>\n<li><strong>T\u00edtulo de la tesis:<\/strong>\u00a0 Envejecimiento y bienestar en republica dominicana <\/li>\n<li><strong>Autor:<\/strong>\u00a0 Cristina Molina Sena <\/li>\n<li><strong>Universidad:<\/strong>\u00a0 Universitat de val\u00e9ncia (estudi general)<\/li>\n<li><strong>Fecha de lectura de la tesis:<\/strong>\u00a0 17\/07\/2009<\/li>\n<\/ul>\n<p>&nbsp;<\/p>\n<h3>Direcci\u00f3n y tribunal<\/h3>\n<ul>\n<li><strong>Director de la tesis<\/strong>\n<ul>\n<li>Juan  Carlos Mel\u00e9ndez Moral<\/li>\n<\/ul>\n<\/li>\n<li><strong>Tribunal<\/strong>\n<ul>\n<li>Presidente del tribunal: consuelo Cervi\u00f1o vazquez <\/li>\n<li>izarne Lizaso elgarresta (vocal)<\/li>\n<li>Manuel Aleixandre rico (vocal)<\/li>\n<li>Javier L\u00f3pez mart\u00ednez (vocal)<\/li>\n<\/ul>\n<\/li>\n<\/ul>\n<p>&nbsp;<\/p>\n","protected":false},"excerpt":{"rendered":"<p>Tesis doctoral de Cristina Molina Sena El presente trabajo enlaza los conceptos de actividades de la vida diaria y bienestar [&hellip;]<\/p>\n","protected":false},"author":1,"featured_media":0,"comment_status":"open","ping_status":"open","sticky":false,"template":"","format":"standard","meta":{"site-sidebar-layout":"default","site-content-layout":"","ast-site-content-layout":"","site-content-style":"default","site-sidebar-style":"default","ast-global-header-display":"","ast-banner-title-visibility":"","ast-main-header-display":"","ast-hfb-above-header-display":"","ast-hfb-below-header-display":"","ast-hfb-mobile-header-display":"","site-post-title":"","ast-breadcrumbs-content":"","ast-featured-img":"","footer-sml-layout":"","theme-transparent-header-meta":"","adv-header-id-meta":"","stick-header-meta":"","header-above-stick-meta":"","header-main-stick-meta":"","header-below-stick-meta":"","astra-migrate-meta-layouts":"default","ast-page-background-enabled":"default","ast-page-background-meta":{"desktop":{"background-color":"var(--ast-global-color-4)","background-image":"","background-repeat":"repeat","background-position":"center center","background-size":"auto","background-attachment":"scroll","background-type":"","background-media":"","overlay-type":"","overlay-color":"","overlay-gradient":""},"tablet":{"background-color":"","background-image":"","background-repeat":"repeat","background-position":"center center","background-size":"auto","background-attachment":"scroll","background-type":"","background-media":"","overlay-type":"","overlay-color":"","overlay-gradient":""},"mobile":{"background-color":"","background-image":"","background-repeat":"repeat","background-position":"center center","background-size":"auto","background-attachment":"scroll","background-type":"","background-media":"","overlay-type":"","overlay-color":"","overlay-gradient":""}},"ast-content-background-meta":{"desktop":{"background-color":"var(--ast-global-color-5)","background-image":"","background-repeat":"repeat","background-position":"center center","background-size":"auto","background-attachment":"scroll","background-type":"","background-media":"","overlay-type":"","overlay-color":"","overlay-gradient":""},"tablet":{"background-color":"var(--ast-global-color-5)","background-image":"","background-repeat":"repeat","background-position":"center center","background-size":"auto","background-attachment":"scroll","background-type":"","background-media":"","overlay-type":"","overlay-color":"","overlay-gradient":""},"mobile":{"background-color":"var(--ast-global-color-5)","background-image":"","background-repeat":"repeat","background-position":"center center","background-size":"auto","background-attachment":"scroll","background-type":"","background-media":"","overlay-type":"","overlay-color":"","overlay-gradient":""}},"footnotes":""},"categories":[19815,4697,8607,5774],"tags":[51473,196224,121102,148032,196225,11383],"class_list":["post-95367","post","type-post","status-publish","format-standard","hentry","category-calidad-de-vida","category-envejecimiento-de-la-poblacion","category-geriatria","category-psicologia-geriatrica","tag-consuelo-cervino-vazquez","tag-cristina-molina-sena","tag-izarne-lizaso-elgarresta","tag-javier-lopez-Martinez","tag-juan-carlos-melendez-moral","tag-manuel-aleixandre-rico"],"_links":{"self":[{"href":"https:\/\/www.deberes.net\/tesis\/wp-json\/wp\/v2\/posts\/95367","targetHints":{"allow":["GET"]}}],"collection":[{"href":"https:\/\/www.deberes.net\/tesis\/wp-json\/wp\/v2\/posts"}],"about":[{"href":"https:\/\/www.deberes.net\/tesis\/wp-json\/wp\/v2\/types\/post"}],"author":[{"embeddable":true,"href":"https:\/\/www.deberes.net\/tesis\/wp-json\/wp\/v2\/users\/1"}],"replies":[{"embeddable":true,"href":"https:\/\/www.deberes.net\/tesis\/wp-json\/wp\/v2\/comments?post=95367"}],"version-history":[{"count":0,"href":"https:\/\/www.deberes.net\/tesis\/wp-json\/wp\/v2\/posts\/95367\/revisions"}],"wp:attachment":[{"href":"https:\/\/www.deberes.net\/tesis\/wp-json\/wp\/v2\/media?parent=95367"}],"wp:term":[{"taxonomy":"category","embeddable":true,"href":"https:\/\/www.deberes.net\/tesis\/wp-json\/wp\/v2\/categories?post=95367"},{"taxonomy":"post_tag","embeddable":true,"href":"https:\/\/www.deberes.net\/tesis\/wp-json\/wp\/v2\/tags?post=95367"}],"curies":[{"name":"wp","href":"https:\/\/api.w.org\/{rel}","templated":true}]}}