{"id":95417,"date":"2018-03-11T10:15:23","date_gmt":"2018-03-11T10:15:23","guid":{"rendered":"https:\/\/www.deberes.net\/tesis\/sin-categoria\/temperamento-y-problemas-de-ansiedad-en-muestra-cla%c2%adnica-de-edad-preescolar-y-escolar\/"},"modified":"2018-03-11T10:15:23","modified_gmt":"2018-03-11T10:15:23","slug":"temperamento-y-problemas-de-ansiedad-en-muestra-cla%c2%adnica-de-edad-preescolar-y-escolar","status":"publish","type":"post","link":"https:\/\/www.deberes.net\/tesis\/psicopatologia\/temperamento-y-problemas-de-ansiedad-en-muestra-cla%c2%adnica-de-edad-preescolar-y-escolar\/","title":{"rendered":"Temperamento y problemas de ansiedad en muestra cl\u00ednica de edad preescolar y escolar"},"content":{"rendered":"<h2>Tesis doctoral de <strong> Andr\u00e9s Laredo Garc\u00eda <\/strong><\/h2>\n<p>En los \u00faltimos a\u00f1os, diversos investigadores han estudiado el papel de las dimensiones temperamentales en el desarrollo y mantenimiento de problemas de ansiedad en la infancia. El objetivo del presente estudio fue examinar la vinculaci\u00f3n entre ciertas dimensiones temperamentales (el alto afecto negativo, el elevado nivel de actividad, as\u00ed como el bajo autoconsuelo) y sintomatolog\u00eda y problemas de ansiedad en individuos cl\u00ednicos de 3 a 10 a\u00f1os. Un total de 38 pacientes preescolares y de 79 pacientes escolares, pertenecientes a cuatro centros de atenci\u00f3n psiqui\u00e1trica infantil catalanes, fueron evaluados por sus padres y por psic\u00f3logos. Los padres contestaron, a modo de cribaje, a instrumentos de psicopatol\u00f3gia y de temperamento.Posteriormente, diversos profesionales en psicopatolog\u00eda cl\u00ednica infantil realizaron entrevistas diagn\u00f3sticas a los\/as ni\u00f1os\/as de la muestra que presentaban indicios de ansiedad, seg\u00fan los resultados del cribaje inicial. Los hallazgos obtenidos muestran alta presencia de trastornos de ansiedad en la muestra cl\u00ednica evaluada, as\u00ed como se apreci\u00f3 que los participantes con elevados niveles de afecto negativo y bajos niveles de actividad motora y de autoconsuelo presentaban elevada sintomatolog\u00eda ansiosa. Ciertas dimensiones, sobretodo el malestar en edad preescolar y el miedo y la tristeza en edad escolar, se han convertido en los principales factores predictivos y que hac\u00edan m\u00e1s proclives a los pacientes a padecer ansiedad cl\u00ednica. Sin embargo, los participantes con trastornos de ansiedad no presentaron un estilo temperamental distinto al de los participantes sin estas patolog\u00edas.<\/p>\n<p>&nbsp;<\/p>\n<h3>Datos acad\u00e9micos de la tesis doctoral \u00ab<strong>Temperamento y problemas de ansiedad en muestra cl\u00ednica de edad preescolar y escolar<\/strong>\u00ab<\/h3>\n<ul>\n<li><strong>T\u00edtulo de la tesis:<\/strong>\u00a0 Temperamento y problemas de ansiedad en muestra cl\u00ednica de edad preescolar y escolar <\/li>\n<li><strong>Autor:<\/strong>\u00a0 Andr\u00e9s Laredo Garc\u00eda <\/li>\n<li><strong>Universidad:<\/strong>\u00a0 Aut\u00f3noma de barcelona<\/li>\n<li><strong>Fecha de lectura de la tesis:<\/strong>\u00a0 20\/07\/2009<\/li>\n<\/ul>\n<p>&nbsp;<\/p>\n<h3>Direcci\u00f3n y tribunal<\/h3>\n<ul>\n<li><strong>Director de la tesis<\/strong>\n<ul>\n<li>Mar\u00eda  Claustre Jan\u00e9 Ballabriga<\/li>\n<\/ul>\n<\/li>\n<li><strong>Tribunal<\/strong>\n<ul>\n<li>Presidente del tribunal: edelmira Domenech llaberia <\/li>\n<li>josefina Canals sans (vocal)<\/li>\n<li>  (vocal)<\/li>\n<li>  (vocal)<\/li>\n<\/ul>\n<\/li>\n<\/ul>\n<p>&nbsp;<\/p>\n","protected":false},"excerpt":{"rendered":"<p>Tesis doctoral de Andr\u00e9s Laredo Garc\u00eda En los \u00faltimos a\u00f1os, diversos investigadores han estudiado el papel de las dimensiones temperamentales [&hellip;]<\/p>\n","protected":false},"author":1,"featured_media":0,"comment_status":"open","ping_status":"open","sticky":false,"template":"","format":"standard","meta":{"site-sidebar-layout":"default","site-content-layout":"","ast-site-content-layout":"","site-content-style":"default","site-sidebar-style":"default","ast-global-header-display":"","ast-banner-title-visibility":"","ast-main-header-display":"","ast-hfb-above-header-display":"","ast-hfb-below-header-display":"","ast-hfb-mobile-header-display":"","site-post-title":"","ast-breadcrumbs-content":"","ast-featured-img":"","footer-sml-layout":"","theme-transparent-header-meta":"","adv-header-id-meta":"","stick-header-meta":"","header-above-stick-meta":"","header-main-stick-meta":"","header-below-stick-meta":"","astra-migrate-meta-layouts":"default","ast-page-background-enabled":"default","ast-page-background-meta":{"desktop":{"background-color":"var(--ast-global-color-4)","background-image":"","background-repeat":"repeat","background-position":"center center","background-size":"auto","background-attachment":"scroll","background-type":"","background-media":"","overlay-type":"","overlay-color":"","overlay-gradient":""},"tablet":{"background-color":"","background-image":"","background-repeat":"repeat","background-position":"center center","background-size":"auto","background-attachment":"scroll","background-type":"","background-media":"","overlay-type":"","overlay-color":"","overlay-gradient":""},"mobile":{"background-color":"","background-image":"","background-repeat":"repeat","background-position":"center center","background-size":"auto","background-attachment":"scroll","background-type":"","background-media":"","overlay-type":"","overlay-color":"","overlay-gradient":""}},"ast-content-background-meta":{"desktop":{"background-color":"var(--ast-global-color-5)","background-image":"","background-repeat":"repeat","background-position":"center center","background-size":"auto","background-attachment":"scroll","background-type":"","background-media":"","overlay-type":"","overlay-color":"","overlay-gradient":""},"tablet":{"background-color":"var(--ast-global-color-5)","background-image":"","background-repeat":"repeat","background-position":"center center","background-size":"auto","background-attachment":"scroll","background-type":"","background-media":"","overlay-type":"","overlay-color":"","overlay-gradient":""},"mobile":{"background-color":"var(--ast-global-color-5)","background-image":"","background-repeat":"repeat","background-position":"center center","background-size":"auto","background-attachment":"scroll","background-type":"","background-media":"","overlay-type":"","overlay-color":"","overlay-gradient":""}},"footnotes":""},"categories":[325],"tags":[196312,13749,20068,147322],"class_list":["post-95417","post","type-post","status-publish","format-standard","hentry","category-psicopatologia","tag-andres-laredo-garcia","tag-edelmira-domenech-llaberia","tag-josefina-canals-sans","tag-maria-claustre-jane-ballabriga"],"_links":{"self":[{"href":"https:\/\/www.deberes.net\/tesis\/wp-json\/wp\/v2\/posts\/95417","targetHints":{"allow":["GET"]}}],"collection":[{"href":"https:\/\/www.deberes.net\/tesis\/wp-json\/wp\/v2\/posts"}],"about":[{"href":"https:\/\/www.deberes.net\/tesis\/wp-json\/wp\/v2\/types\/post"}],"author":[{"embeddable":true,"href":"https:\/\/www.deberes.net\/tesis\/wp-json\/wp\/v2\/users\/1"}],"replies":[{"embeddable":true,"href":"https:\/\/www.deberes.net\/tesis\/wp-json\/wp\/v2\/comments?post=95417"}],"version-history":[{"count":0,"href":"https:\/\/www.deberes.net\/tesis\/wp-json\/wp\/v2\/posts\/95417\/revisions"}],"wp:attachment":[{"href":"https:\/\/www.deberes.net\/tesis\/wp-json\/wp\/v2\/media?parent=95417"}],"wp:term":[{"taxonomy":"category","embeddable":true,"href":"https:\/\/www.deberes.net\/tesis\/wp-json\/wp\/v2\/categories?post=95417"},{"taxonomy":"post_tag","embeddable":true,"href":"https:\/\/www.deberes.net\/tesis\/wp-json\/wp\/v2\/tags?post=95417"}],"curies":[{"name":"wp","href":"https:\/\/api.w.org\/{rel}","templated":true}]}}