{"id":95421,"date":"2018-03-11T10:15:23","date_gmt":"2018-03-11T10:15:23","guid":{"rendered":"https:\/\/www.deberes.net\/tesis\/sin-categoria\/gabriel-ciscar-y-ciscar-marino-cienta%c2%adfico-regente-y-exiliado\/"},"modified":"2018-03-11T10:15:23","modified_gmt":"2018-03-11T10:15:23","slug":"gabriel-ciscar-y-ciscar-marino-cienta%c2%adfico-regente-y-exiliado","status":"publish","type":"post","link":"https:\/\/www.deberes.net\/tesis\/historia-moderna-del-area-europea\/gabriel-ciscar-y-ciscar-marino-cienta%c2%adfico-regente-y-exiliado\/","title":{"rendered":"Gabriel ciscar y ciscar. marino, cient\u00edfico, regente y exiliado"},"content":{"rendered":"<h2>Tesis doctoral de <strong> Ignacio Cervello Bura\u00f1es <\/strong><\/h2>\n<p>El objeto principal de la tesis ha sido agregar cuanta informaci\u00f3n nueva, ha sido posible encontrar, especialmente respaldada por la verificaci\u00f3n documental, para completar el conocimiento de la vida y vicisitudes del personaje (que ya ha sido biografiado) d. Gabriel ciscar y ciscar.     nacido en oliva (Valencia) el 17 de marzo de 1760, se cri\u00f3 en el seno de su familia tradicional y acomodada, que le di\u00f3 el ejemplo del amor al trabajo y al estudio.    como marino de guerra desempe\u00f1\u00f3 funciones docentes en la mayor parte de sus desti9nos. Su excepcional aptitud para el estudio, conocimiento y ense\u00f1anza de las matem\u00e1ticas, le permiti\u00f3 desarrollar una notable producci\u00f3n cient\u00edfica relacionada con esta disciplina, y especialmente aplicada a los conocimientos navales.     al comenzar la guerra de la independencia, se encuentrta inmerso en los acontecimientos pol\u00edticos de aquella \u00e9poca, y llega a desempe\u00f1ar el cargo de regente.     tras el trienio liberal se ve envuelto en la persecuci\u00f3n del a\u00f1o 1823, que le obliga a refugiarse en gibraltar, donde termina sus d\u00edas el 12 de agosto de 1829, sin el consuelo de la presencia de su propia familia.     en 1859 se trasladaron sus restos al pante\u00f3n de marinos ilustres.<\/p>\n<p>&nbsp;<\/p>\n<h3>Datos acad\u00e9micos de la tesis doctoral \u00ab<strong>Gabriel ciscar y ciscar. marino, cient\u00edfico, regente y exiliado<\/strong>\u00ab<\/h3>\n<ul>\n<li><strong>T\u00edtulo de la tesis:<\/strong>\u00a0 Gabriel ciscar y ciscar. marino, cient\u00edfico, regente y exiliado <\/li>\n<li><strong>Autor:<\/strong>\u00a0 Ignacio Cervello Bura\u00f1es <\/li>\n<li><strong>Universidad:<\/strong>\u00a0 Universitat de val\u00e9ncia (estudi general)<\/li>\n<li><strong>Fecha de lectura de la tesis:<\/strong>\u00a0 20\/07\/2009<\/li>\n<\/ul>\n<p>&nbsp;<\/p>\n<h3>Direcci\u00f3n y tribunal<\/h3>\n<ul>\n<li><strong>Director de la tesis<\/strong>\n<ul>\n<li>Antonio Mestre Sanchis<\/li>\n<\/ul>\n<\/li>\n<li><strong>Tribunal<\/strong>\n<ul>\n<li>Presidente del tribunal: ricardo Garcia garcel <\/li>\n<li>Emilio La parra l\u00f3pez (vocal)<\/li>\n<li>armando Alberola roma (vocal)<\/li>\n<li>pablo P\u00e9rez Garc\u00eda (vocal)<\/li>\n<\/ul>\n<\/li>\n<\/ul>\n<p>&nbsp;<\/p>\n","protected":false},"excerpt":{"rendered":"<p>Tesis doctoral de Ignacio Cervello Bura\u00f1es El objeto principal de la tesis ha sido agregar cuanta informaci\u00f3n nueva, ha sido [&hellip;]<\/p>\n","protected":false},"author":1,"featured_media":0,"comment_status":"open","ping_status":"open","sticky":false,"template":"","format":"standard","meta":{"site-sidebar-layout":"default","site-content-layout":"","ast-site-content-layout":"","site-content-style":"default","site-sidebar-style":"default","ast-global-header-display":"","ast-banner-title-visibility":"","ast-main-header-display":"","ast-hfb-above-header-display":"","ast-hfb-below-header-display":"","ast-hfb-mobile-header-display":"","site-post-title":"","ast-breadcrumbs-content":"","ast-featured-img":"","footer-sml-layout":"","theme-transparent-header-meta":"","adv-header-id-meta":"","stick-header-meta":"","header-above-stick-meta":"","header-main-stick-meta":"","header-below-stick-meta":"","astra-migrate-meta-layouts":"default","ast-page-background-enabled":"default","ast-page-background-meta":{"desktop":{"background-color":"var(--ast-global-color-4)","background-image":"","background-repeat":"repeat","background-position":"center center","background-size":"auto","background-attachment":"scroll","background-type":"","background-media":"","overlay-type":"","overlay-color":"","overlay-gradient":""},"tablet":{"background-color":"","background-image":"","background-repeat":"repeat","background-position":"center center","background-size":"auto","background-attachment":"scroll","background-type":"","background-media":"","overlay-type":"","overlay-color":"","overlay-gradient":""},"mobile":{"background-color":"","background-image":"","background-repeat":"repeat","background-position":"center center","background-size":"auto","background-attachment":"scroll","background-type":"","background-media":"","overlay-type":"","overlay-color":"","overlay-gradient":""}},"ast-content-background-meta":{"desktop":{"background-color":"var(--ast-global-color-5)","background-image":"","background-repeat":"repeat","background-position":"center center","background-size":"auto","background-attachment":"scroll","background-type":"","background-media":"","overlay-type":"","overlay-color":"","overlay-gradient":""},"tablet":{"background-color":"var(--ast-global-color-5)","background-image":"","background-repeat":"repeat","background-position":"center center","background-size":"auto","background-attachment":"scroll","background-type":"","background-media":"","overlay-type":"","overlay-color":"","overlay-gradient":""},"mobile":{"background-color":"var(--ast-global-color-5)","background-image":"","background-repeat":"repeat","background-position":"center center","background-size":"auto","background-attachment":"scroll","background-type":"","background-media":"","overlay-type":"","overlay-color":"","overlay-gradient":""}},"footnotes":""},"categories":[1015],"tags":[3361,98875,33139,196316,10636,93073],"class_list":["post-95421","post","type-post","status-publish","format-standard","hentry","category-historia-moderna-del-area-europea","tag-antonio-mestre-sanchis","tag-armando-alberola-roma","tag-emilio-la-parra-lopez","tag-ignacio-cervello-buranes","tag-pablo-perez-garcia","tag-ricardo-garcia-garcel"],"_links":{"self":[{"href":"https:\/\/www.deberes.net\/tesis\/wp-json\/wp\/v2\/posts\/95421","targetHints":{"allow":["GET"]}}],"collection":[{"href":"https:\/\/www.deberes.net\/tesis\/wp-json\/wp\/v2\/posts"}],"about":[{"href":"https:\/\/www.deberes.net\/tesis\/wp-json\/wp\/v2\/types\/post"}],"author":[{"embeddable":true,"href":"https:\/\/www.deberes.net\/tesis\/wp-json\/wp\/v2\/users\/1"}],"replies":[{"embeddable":true,"href":"https:\/\/www.deberes.net\/tesis\/wp-json\/wp\/v2\/comments?post=95421"}],"version-history":[{"count":0,"href":"https:\/\/www.deberes.net\/tesis\/wp-json\/wp\/v2\/posts\/95421\/revisions"}],"wp:attachment":[{"href":"https:\/\/www.deberes.net\/tesis\/wp-json\/wp\/v2\/media?parent=95421"}],"wp:term":[{"taxonomy":"category","embeddable":true,"href":"https:\/\/www.deberes.net\/tesis\/wp-json\/wp\/v2\/categories?post=95421"},{"taxonomy":"post_tag","embeddable":true,"href":"https:\/\/www.deberes.net\/tesis\/wp-json\/wp\/v2\/tags?post=95421"}],"curies":[{"name":"wp","href":"https:\/\/api.w.org\/{rel}","templated":true}]}}