{"id":95422,"date":"2018-03-11T10:15:23","date_gmt":"2018-03-11T10:15:23","guid":{"rendered":"https:\/\/www.deberes.net\/tesis\/sin-categoria\/incapacidad-temporal-de-los-trabajadores-de-un-hospital-de-tercer-niver-de-la-comunidad-autonoma-canaria-durante-el-periodo-2002-2006\/"},"modified":"2018-03-11T10:15:23","modified_gmt":"2018-03-11T10:15:23","slug":"incapacidad-temporal-de-los-trabajadores-de-un-hospital-de-tercer-niver-de-la-comunidad-autonoma-canaria-durante-el-periodo-2002-2006","status":"publish","type":"post","link":"https:\/\/www.deberes.net\/tesis\/derecho-del-trabajo-y-de-la-seguridad-social\/incapacidad-temporal-de-los-trabajadores-de-un-hospital-de-tercer-niver-de-la-comunidad-autonoma-canaria-durante-el-periodo-2002-2006\/","title":{"rendered":"Incapacidad temporal de los trabajadores de un hospital de tercer niver de la comunidad autonoma canaria durante el periodo 2002-2006"},"content":{"rendered":"<h2>Tesis doctoral de <strong> Mar\u00eda  Del Carmen Ballines Garcia <\/strong><\/h2>\n<p>Fundamento: la protecci\u00f3n de la incapacidad laboral de car\u00e1cter temporal es un logro social relativamente reciente en la historia de la clase trabajadora, sin embargo, la disminuci\u00f3n de las horas de trabajo origina una cuantiosa p\u00e9rdida de recursos productivos, un aumento del gasto p\u00fablico en prestaciones asociadas que constituyen costes indirectos, servicios m\u00e9dicos y percepciones por enfermedad. La magnitud de las cifras en incapacidad temporal explican la creciente preocupaci\u00f3n para eliminar la evitable a fin de reducir, no s\u00f3lo los costes de personal, sino tambi\u00e9n el doble gasto asociado a dicha prestaci\u00f3n: econ\u00f3mico y sanitario. el absentismo laboral, y concretamente el generado por la incapacidad temporal, es un indicador muy fiable para medir el estado de salud  y la satisfacci\u00f3n de los trabajadores en la empresa. Este fen\u00f3meno ha  adquirido en los trabajadores de centros sanitarios p\u00fablicos, una dimensi\u00f3n superior al resto de los colectivos, d\u00e1ndose la paradoja que se trata del personal que debe velar por la salud de toda la comunidad. objetivo general: conocer y cuantificar el absentismo laboral generado por los procesos de incapacidad temporal a trav\u00e9s de indicadores en un hospital p\u00fablico de tercer nivel de la comunidad aut\u00f3noma de canarias  periodo  2002-2006. resultados: los procesos de incapacidad temporal por contingencia com\u00fan se incrementan a lo largo del per\u00edodo de estudio, siendo este crecimiento m\u00e1s notable a partir del 2004, que es cuando se produce una mejora salarial  en el subsidio por esta prestaci\u00f3n, experimentando, en el caso de la contingencia profesional, una disminuci\u00f3n del n\u00famero total de d\u00edas a partir del mismo a\u00f1o. conclusiones: la incidencia de incapacidad temporal es superior en los trabajadores del hospital que la registrada en el resto de la poblaci\u00f3n trabajadora de la comunidad aut\u00f3noma de canarias y  de espa\u00f1a. Las mejoras salariales de la prestaci\u00f3n econ\u00f3mica de la incapacidad temporal por contingencia com\u00fan que supuso el cambio de convenio 2001-2003 al 2004-2007, es un factor socioecon\u00f3mico que puede explicar el incremento que se produce de los procesos de baja por este tipo de contingencia a partir del 2004 y la disminuci\u00f3n de duraci\u00f3n de los procesos de contingencia profesional a partir del mismo a\u00f1o.  la incidencia y la duraci\u00f3n media anual de los procesos de baja es inversamente proporcional a la cualificaci\u00f3n que exige el puesto de trabajo siendo los grupos d y e los que presentan tasas e \u00edndices m\u00e1s elevados.<\/p>\n<p>&nbsp;<\/p>\n<h3>Datos acad\u00e9micos de la tesis doctoral \u00ab<strong>Incapacidad temporal de los trabajadores de un hospital de tercer niver de la comunidad autonoma canaria durante el periodo 2002-2006<\/strong>\u00ab<\/h3>\n<ul>\n<li><strong>T\u00edtulo de la tesis:<\/strong>\u00a0 Incapacidad temporal de los trabajadores de un hospital de tercer niver de la comunidad autonoma canaria durante el periodo 2002-2006 <\/li>\n<li><strong>Autor:<\/strong>\u00a0 Mar\u00eda  Del Carmen Ballines Garcia <\/li>\n<li><strong>Universidad:<\/strong>\u00a0 La laguna<\/li>\n<li><strong>Fecha de lectura de la tesis:<\/strong>\u00a0 20\/07\/2009<\/li>\n<\/ul>\n<p>&nbsp;<\/p>\n<h3>Direcci\u00f3n y tribunal<\/h3>\n<ul>\n<li><strong>Director de la tesis<\/strong>\n<ul>\n<li>\u00e1ngeles Arias Rodr\u00edguez<\/li>\n<\/ul>\n<\/li>\n<li><strong>Tribunal<\/strong>\n<ul>\n<li>Presidente del tribunal: ram\u00f3n G\u00e1lvez vargas <\/li>\n<li>aurora Bueno cavanillas (vocal)<\/li>\n<li>Antonio Sierra l\u00f3pez (vocal)<\/li>\n<li>amelia Hernandez garcia (vocal)<\/li>\n<\/ul>\n<\/li>\n<\/ul>\n<p>&nbsp;<\/p>\n","protected":false},"excerpt":{"rendered":"<p>Tesis doctoral de Mar\u00eda Del Carmen Ballines Garcia Fundamento: la protecci\u00f3n de la incapacidad laboral de car\u00e1cter temporal es un [&hellip;]<\/p>\n","protected":false},"author":1,"featured_media":0,"comment_status":"open","ping_status":"open","sticky":false,"template":"","format":"standard","meta":{"site-sidebar-layout":"default","site-content-layout":"","ast-site-content-layout":"","site-content-style":"default","site-sidebar-style":"default","ast-global-header-display":"","ast-banner-title-visibility":"","ast-main-header-display":"","ast-hfb-above-header-display":"","ast-hfb-below-header-display":"","ast-hfb-mobile-header-display":"","site-post-title":"","ast-breadcrumbs-content":"","ast-featured-img":"","footer-sml-layout":"","theme-transparent-header-meta":"","adv-header-id-meta":"","stick-header-meta":"","header-above-stick-meta":"","header-main-stick-meta":"","header-below-stick-meta":"","astra-migrate-meta-layouts":"default","ast-page-background-enabled":"default","ast-page-background-meta":{"desktop":{"background-color":"var(--ast-global-color-4)","background-image":"","background-repeat":"repeat","background-position":"center center","background-size":"auto","background-attachment":"scroll","background-type":"","background-media":"","overlay-type":"","overlay-color":"","overlay-gradient":""},"tablet":{"background-color":"","background-image":"","background-repeat":"repeat","background-position":"center center","background-size":"auto","background-attachment":"scroll","background-type":"","background-media":"","overlay-type":"","overlay-color":"","overlay-gradient":""},"mobile":{"background-color":"","background-image":"","background-repeat":"repeat","background-position":"center center","background-size":"auto","background-attachment":"scroll","background-type":"","background-media":"","overlay-type":"","overlay-color":"","overlay-gradient":""}},"ast-content-background-meta":{"desktop":{"background-color":"var(--ast-global-color-5)","background-image":"","background-repeat":"repeat","background-position":"center center","background-size":"auto","background-attachment":"scroll","background-type":"","background-media":"","overlay-type":"","overlay-color":"","overlay-gradient":""},"tablet":{"background-color":"var(--ast-global-color-5)","background-image":"","background-repeat":"repeat","background-position":"center center","background-size":"auto","background-attachment":"scroll","background-type":"","background-media":"","overlay-type":"","overlay-color":"","overlay-gradient":""},"mobile":{"background-color":"var(--ast-global-color-5)","background-image":"","background-repeat":"repeat","background-position":"center center","background-size":"auto","background-attachment":"scroll","background-type":"","background-media":"","overlay-type":"","overlay-color":"","overlay-gradient":""}},"footnotes":""},"categories":[2170,18345,9915,12013,7395],"tags":[10193,10194,6588,3743,196317,3339],"class_list":["post-95422","post","type-post","status-publish","format-standard","hentry","category-derecho-del-trabajo-y-de-la-seguridad-social","category-empresas-publicas","category-la-laguna","category-prevencion-de-accidentes","category-salud-laboral","tag-amelia-hernandez-garcia","tag-angeles-arias-rodriguez","tag-antonio-sierra-lopez","tag-aurora-bueno-cavanillas","tag-maria-del-carmen-ballines-garcia","tag-ramon-galvez-vargas"],"_links":{"self":[{"href":"https:\/\/www.deberes.net\/tesis\/wp-json\/wp\/v2\/posts\/95422","targetHints":{"allow":["GET"]}}],"collection":[{"href":"https:\/\/www.deberes.net\/tesis\/wp-json\/wp\/v2\/posts"}],"about":[{"href":"https:\/\/www.deberes.net\/tesis\/wp-json\/wp\/v2\/types\/post"}],"author":[{"embeddable":true,"href":"https:\/\/www.deberes.net\/tesis\/wp-json\/wp\/v2\/users\/1"}],"replies":[{"embeddable":true,"href":"https:\/\/www.deberes.net\/tesis\/wp-json\/wp\/v2\/comments?post=95422"}],"version-history":[{"count":0,"href":"https:\/\/www.deberes.net\/tesis\/wp-json\/wp\/v2\/posts\/95422\/revisions"}],"wp:attachment":[{"href":"https:\/\/www.deberes.net\/tesis\/wp-json\/wp\/v2\/media?parent=95422"}],"wp:term":[{"taxonomy":"category","embeddable":true,"href":"https:\/\/www.deberes.net\/tesis\/wp-json\/wp\/v2\/categories?post=95422"},{"taxonomy":"post_tag","embeddable":true,"href":"https:\/\/www.deberes.net\/tesis\/wp-json\/wp\/v2\/tags?post=95422"}],"curies":[{"name":"wp","href":"https:\/\/api.w.org\/{rel}","templated":true}]}}