{"id":95561,"date":"2018-03-11T10:15:32","date_gmt":"2018-03-11T10:15:32","guid":{"rendered":"https:\/\/www.deberes.net\/tesis\/sin-categoria\/analisis-de-las-desigualdades-sociales-en-la-atencion-sanitaria-a-la-diabetes\/"},"modified":"2018-03-11T10:15:32","modified_gmt":"2018-03-11T10:15:32","slug":"analisis-de-las-desigualdades-sociales-en-la-atencion-sanitaria-a-la-diabetes","status":"publish","type":"post","link":"https:\/\/www.deberes.net\/tesis\/salud-publica\/analisis-de-las-desigualdades-sociales-en-la-atencion-sanitaria-a-la-diabetes\/","title":{"rendered":"An\u00e1lisis de las desigualdades sociales en la atenci\u00f3n sanitaria a la diabetes"},"content":{"rendered":"<h2>Tesis doctoral de <strong> Ignacio Ricci Cabello <\/strong><\/h2>\n<p>Contexto: el crecimiento de la preValencia de la diabetes ha estimulado el estudio de las desigualdades sociales en la atenci\u00f3n sanitaria.  objetivo: analizar los estudios llevados a cabo en los pa\u00edses de la ocde con un sistema sanitario de cobertura poblacional sobre desigualdades sociales en la prevenci\u00f3n, diagn\u00f3stico, tratamiento, control y seguimiento de la diabetes.  fuentes de datos: bases de datos bibliogr\u00e1ficas medline, embase y biblioteca cochrane plus (1967- diciembre 2007). Se aplic\u00f3 una estrategia de b\u00fasqueda en la que se combinaron t\u00e9rminos mesh con palabras clave.  selecci\u00f3n de estudios: se incluyeron todos los estudios observacionales realizados en los pa\u00edses de la ocde con sistemas sanitarios de cobertura poblacional que estudiaban las desigualdades sociales en la atenci\u00f3n sanitaria a las personas diab\u00e9ticas. Se excluyeron los estudios cualitativos. Dos revisores seleccionaron los art\u00edculos de forma independiente, resolviendo una tercera persona las discrepancias.  extracci\u00f3n de los datos: se extrajo de los estudios la informaci\u00f3n sobre el eje de desigualdad estudiado, tipo de servicio sanitario, pa\u00eds donde se realiz\u00f3 el estudio, tipo de diabetes, tama\u00f1o de la poblaci\u00f3n, dise\u00f1o y principales hallazgos. Dos revisores realizaron independientemente la valoraci\u00f3n cr\u00edtica con la herramienta strobe, resolviendo una tercera persona las discrepancias.  resultados: 41 art\u00edculos fueron evaluados cr\u00edticamente, observ\u00e1ndose indicios de desigualdades \u00e9tnicas y socioecon\u00f3micas en la atenci\u00f3n sanitaria a las personas diab\u00e9ticas. La calidad metodol\u00f3gica de los art\u00edculos fue moderada, observ\u00e1ndose en la mayor\u00eda de casos informaci\u00f3n insuficiente para descartar sesgos.  conclusiones: a pesar de las limitaciones de los art\u00edculos, en esta revisi\u00f3n se puede observar que, incluso en los pa\u00edses con un desarrollo econ\u00f3mico importante y con un sistema sanitario con capacidad de proporcionar una asistencia sanitaria a toda la poblaci\u00f3n, no se puede descartar la existencia de desigualdades sociales en la atenci\u00f3n sanitaria a la diabetes.<\/p>\n<p>&nbsp;<\/p>\n<h3>Datos acad\u00e9micos de la tesis doctoral \u00ab<strong>An\u00e1lisis de las desigualdades sociales en la atenci\u00f3n sanitaria a la diabetes<\/strong>\u00ab<\/h3>\n<ul>\n<li><strong>T\u00edtulo de la tesis:<\/strong>\u00a0 An\u00e1lisis de las desigualdades sociales en la atenci\u00f3n sanitaria a la diabetes <\/li>\n<li><strong>Autor:<\/strong>\u00a0 Ignacio Ricci Cabello <\/li>\n<li><strong>Universidad:<\/strong>\u00a0 Granada<\/li>\n<li><strong>Fecha de lectura de la tesis:<\/strong>\u00a0 23\/07\/2009<\/li>\n<\/ul>\n<p>&nbsp;<\/p>\n<h3>Direcci\u00f3n y tribunal<\/h3>\n<ul>\n<li><strong>Director de la tesis<\/strong>\n<ul>\n<li>Isabel Ru\u00edz P\u00e9rez<\/li>\n<\/ul>\n<\/li>\n<li><strong>Tribunal<\/strong>\n<ul>\n<li>Presidente del tribunal: Mar\u00eda  dolores Ruiz l\u00f3pez <\/li>\n<li>Mar\u00eda  Jos\u00e9 Aguado romeo (vocal)<\/li>\n<li>luc\u00eda Artazcoz lazcano (vocal)<\/li>\n<li>Ana Delgado sanchez (vocal)<\/li>\n<\/ul>\n<\/li>\n<\/ul>\n<p>&nbsp;<\/p>\n","protected":false},"excerpt":{"rendered":"<p>Tesis doctoral de Ignacio Ricci Cabello Contexto: el crecimiento de la preValencia de la diabetes ha estimulado el estudio de [&hellip;]<\/p>\n","protected":false},"author":1,"featured_media":0,"comment_status":"open","ping_status":"open","sticky":false,"template":"","format":"standard","meta":{"site-sidebar-layout":"default","site-content-layout":"","ast-site-content-layout":"","site-content-style":"default","site-sidebar-style":"default","ast-global-header-display":"","ast-banner-title-visibility":"","ast-main-header-display":"","ast-hfb-above-header-display":"","ast-hfb-below-header-display":"","ast-hfb-mobile-header-display":"","site-post-title":"","ast-breadcrumbs-content":"","ast-featured-img":"","footer-sml-layout":"","theme-transparent-header-meta":"","adv-header-id-meta":"","stick-header-meta":"","header-above-stick-meta":"","header-main-stick-meta":"","header-below-stick-meta":"","astra-migrate-meta-layouts":"default","ast-page-background-enabled":"default","ast-page-background-meta":{"desktop":{"background-color":"var(--ast-global-color-4)","background-image":"","background-repeat":"repeat","background-position":"center center","background-size":"auto","background-attachment":"scroll","background-type":"","background-media":"","overlay-type":"","overlay-color":"","overlay-gradient":""},"tablet":{"background-color":"","background-image":"","background-repeat":"repeat","background-position":"center center","background-size":"auto","background-attachment":"scroll","background-type":"","background-media":"","overlay-type":"","overlay-color":"","overlay-gradient":""},"mobile":{"background-color":"","background-image":"","background-repeat":"repeat","background-position":"center center","background-size":"auto","background-attachment":"scroll","background-type":"","background-media":"","overlay-type":"","overlay-color":"","overlay-gradient":""}},"ast-content-background-meta":{"desktop":{"background-color":"var(--ast-global-color-5)","background-image":"","background-repeat":"repeat","background-position":"center center","background-size":"auto","background-attachment":"scroll","background-type":"","background-media":"","overlay-type":"","overlay-color":"","overlay-gradient":""},"tablet":{"background-color":"var(--ast-global-color-5)","background-image":"","background-repeat":"repeat","background-position":"center center","background-size":"auto","background-attachment":"scroll","background-type":"","background-media":"","overlay-type":"","overlay-color":"","overlay-gradient":""},"mobile":{"background-color":"var(--ast-global-color-5)","background-image":"","background-repeat":"repeat","background-position":"center center","background-size":"auto","background-attachment":"scroll","background-type":"","background-media":"","overlay-type":"","overlay-color":"","overlay-gradient":""}},"footnotes":""},"categories":[1086,1686,967],"tags":[196539,196537,34243,120090,18282,196538],"class_list":["post-95561","post","type-post","status-publish","format-standard","hentry","category-epidemiologia","category-medicina-preventiva","category-salud-publica","tag-ana-delgado-sanchez","tag-ignacio-ricci-cabello","tag-isabel-ruiz-perez","tag-lucia-artazcoz-lazcano","tag-maria-dolores-ruiz-lopez","tag-maria-jose-aguado-romeo"],"_links":{"self":[{"href":"https:\/\/www.deberes.net\/tesis\/wp-json\/wp\/v2\/posts\/95561","targetHints":{"allow":["GET"]}}],"collection":[{"href":"https:\/\/www.deberes.net\/tesis\/wp-json\/wp\/v2\/posts"}],"about":[{"href":"https:\/\/www.deberes.net\/tesis\/wp-json\/wp\/v2\/types\/post"}],"author":[{"embeddable":true,"href":"https:\/\/www.deberes.net\/tesis\/wp-json\/wp\/v2\/users\/1"}],"replies":[{"embeddable":true,"href":"https:\/\/www.deberes.net\/tesis\/wp-json\/wp\/v2\/comments?post=95561"}],"version-history":[{"count":0,"href":"https:\/\/www.deberes.net\/tesis\/wp-json\/wp\/v2\/posts\/95561\/revisions"}],"wp:attachment":[{"href":"https:\/\/www.deberes.net\/tesis\/wp-json\/wp\/v2\/media?parent=95561"}],"wp:term":[{"taxonomy":"category","embeddable":true,"href":"https:\/\/www.deberes.net\/tesis\/wp-json\/wp\/v2\/categories?post=95561"},{"taxonomy":"post_tag","embeddable":true,"href":"https:\/\/www.deberes.net\/tesis\/wp-json\/wp\/v2\/tags?post=95561"}],"curies":[{"name":"wp","href":"https:\/\/api.w.org\/{rel}","templated":true}]}}