{"id":95625,"date":"2018-03-11T10:15:41","date_gmt":"2018-03-11T10:15:41","guid":{"rendered":"https:\/\/www.deberes.net\/tesis\/sin-categoria\/el-trauma-emocional-como-posible-factor-etiologico-en-la-enfermedad-de-parkinson-idiopatica\/"},"modified":"2018-03-11T10:15:41","modified_gmt":"2018-03-11T10:15:41","slug":"el-trauma-emocional-como-posible-factor-etiologico-en-la-enfermedad-de-parkinson-idiopatica","status":"publish","type":"post","link":"https:\/\/www.deberes.net\/tesis\/psicologia\/el-trauma-emocional-como-posible-factor-etiologico-en-la-enfermedad-de-parkinson-idiopatica\/","title":{"rendered":"El trauma emocional como posible factor etiol\u00f3gico en la enfermedad de parkinson idiop\u00e1tica"},"content":{"rendered":"<h2>Tesis doctoral de <strong> Markus Peter Hurni <\/strong><\/h2>\n<p>En la introducci\u00f3n se plantea la hip\u00f3tesis que la disociaci\u00f3n estructural radical de la personalidad pre-serva al individuo de sufrir el estr\u00e9s postraum\u00e1tico de un trauma emocional precoz (s\u00edndrome de estr\u00e9s postraum\u00e1tico enmascarado). El proceso que produce un desequilibrio neuroqu\u00edmico no solo altera el sistema motor, sino afecta a los sistemas fisiol\u00f3gicos cognitivos, el sistema proprioceptivo, nervioso aut\u00f3nomo y cardiovascular. Una alteraci\u00f3n disociativa y el d\u00e9ficit dopamin\u00e9rgico inician la fase cl\u00ednica y producen el imagen de s\u00edntomas de la enfermedad de parkinson desencadenados por reflejos protec-tivos inadecuados.  el objetivo general del estudio emp\u00edrico fue verificar la hip\u00f3tesis del trauma emocional precoz y se desglos\u00f3 en seis objetivos espec\u00edficos. Se formularon cinco hip\u00f3tesis relativo a la correlaci\u00f3n de las medidas, de la preValencia de los acontecimientos traum\u00e1ticos, la rigidez de la disociaci\u00f3n, la necesi-dad de la estimulaci\u00f3n compensatoria y de las manifestaciones de estr\u00e9s postraum\u00e1tico enmascarado en los afectados por la enfermedad de parkinson. El estudio emp\u00edrico de tipo exploratorio se bas\u00f3 en una nueva escala retrospectiva semi-estructurada (escala retrospectiva de la enfermedad de parkinson erep) y una escala ya existente en la literatura m\u00e9dica (st luke s questionnaire sl). El estudio in-cluy\u00f3 30 sujetos y el mismo numero de controles del grupo sanos y de afectados de la esclerosis m\u00faltiple. Los resultados (anovas) confirmaron las hip\u00f3tesis y mostraron sobretodo que el grupo parkinson tuvo la mayor puntuaci\u00f3n en todas las medidas de las escalas salvo en una en ambos medi-das en que la puntuaci\u00f3n fue igual a la del grupo esclerosis (erep-b y sliii). La discusi\u00f3n pone hin-capi\u00e9 en el hecho que el estudio emp\u00edrico mostr\u00f3 que los afectados por la enfermedad de parkinson tienen de manera significativa muchas m\u00e1s experiencias traum\u00e1ticas que la poblaci\u00f3n no cl\u00ednica y to-dav\u00eda m\u00e1s que el grupo esclerosis m\u00faltiple. La tesis termina con las conclusiones, las limitaciones y las perspectivas futuras, los que pueden formar la base de una investigaci\u00f3n futura larga.<\/p>\n<p>&nbsp;<\/p>\n<h3>Datos acad\u00e9micos de la tesis doctoral \u00ab<strong>El trauma emocional como posible factor etiol\u00f3gico en la enfermedad de parkinson idiop\u00e1tica<\/strong>\u00ab<\/h3>\n<ul>\n<li><strong>T\u00edtulo de la tesis:<\/strong>\u00a0 El trauma emocional como posible factor etiol\u00f3gico en la enfermedad de parkinson idiop\u00e1tica <\/li>\n<li><strong>Autor:<\/strong>\u00a0 Markus Peter Hurni <\/li>\n<li><strong>Universidad:<\/strong>\u00a0 Granada<\/li>\n<li><strong>Fecha de lectura de la tesis:<\/strong>\u00a0 24\/07\/2009<\/li>\n<\/ul>\n<p>&nbsp;<\/p>\n<h3>Direcci\u00f3n y tribunal<\/h3>\n<ul>\n<li><strong>Director de la tesis<\/strong>\n<ul>\n<li>Juan  Francisco Godoy Garc\u00eda<\/li>\n<\/ul>\n<\/li>\n<li><strong>Tribunal<\/strong>\n<ul>\n<li>Presidente del tribunal: Jos\u00e9 Antonio Carrobles isabel <\/li>\n<li>Jos\u00e9 Olivares rodriguez (vocal)<\/li>\n<li>Antonio Del pino p\u00e9rez (vocal)<\/li>\n<li>Manuel De la fuente arias (vocal)<\/li>\n<\/ul>\n<\/li>\n<\/ul>\n<p>&nbsp;<\/p>\n","protected":false},"excerpt":{"rendered":"<p>Tesis doctoral de Markus Peter Hurni En la introducci\u00f3n se plantea la hip\u00f3tesis que la disociaci\u00f3n estructural radical de la [&hellip;]<\/p>\n","protected":false},"author":1,"featured_media":0,"comment_status":"open","ping_status":"open","sticky":false,"template":"","format":"standard","meta":{"site-sidebar-layout":"default","site-content-layout":"","ast-site-content-layout":"","site-content-style":"default","site-sidebar-style":"default","ast-global-header-display":"","ast-banner-title-visibility":"","ast-main-header-display":"","ast-hfb-above-header-display":"","ast-hfb-below-header-display":"","ast-hfb-mobile-header-display":"","site-post-title":"","ast-breadcrumbs-content":"","ast-featured-img":"","footer-sml-layout":"","theme-transparent-header-meta":"","adv-header-id-meta":"","stick-header-meta":"","header-above-stick-meta":"","header-main-stick-meta":"","header-below-stick-meta":"","astra-migrate-meta-layouts":"default","ast-page-background-enabled":"default","ast-page-background-meta":{"desktop":{"background-color":"var(--ast-global-color-4)","background-image":"","background-repeat":"repeat","background-position":"center center","background-size":"auto","background-attachment":"scroll","background-type":"","background-media":"","overlay-type":"","overlay-color":"","overlay-gradient":""},"tablet":{"background-color":"","background-image":"","background-repeat":"repeat","background-position":"center center","background-size":"auto","background-attachment":"scroll","background-type":"","background-media":"","overlay-type":"","overlay-color":"","overlay-gradient":""},"mobile":{"background-color":"","background-image":"","background-repeat":"repeat","background-position":"center center","background-size":"auto","background-attachment":"scroll","background-type":"","background-media":"","overlay-type":"","overlay-color":"","overlay-gradient":""}},"ast-content-background-meta":{"desktop":{"background-color":"var(--ast-global-color-5)","background-image":"","background-repeat":"repeat","background-position":"center center","background-size":"auto","background-attachment":"scroll","background-type":"","background-media":"","overlay-type":"","overlay-color":"","overlay-gradient":""},"tablet":{"background-color":"var(--ast-global-color-5)","background-image":"","background-repeat":"repeat","background-position":"center center","background-size":"auto","background-attachment":"scroll","background-type":"","background-media":"","overlay-type":"","overlay-color":"","overlay-gradient":""},"mobile":{"background-color":"var(--ast-global-color-5)","background-image":"","background-repeat":"repeat","background-position":"center center","background-size":"auto","background-attachment":"scroll","background-type":"","background-media":"","overlay-type":"","overlay-color":"","overlay-gradient":""}},"footnotes":""},"categories":[6894,324],"tags":[56408,6689,45293,4124,22284,196637],"class_list":["post-95625","post","type-post","status-publish","format-standard","hentry","category-personalidad","category-psicologia","tag-antonio-del-pino-perez","tag-jose-antonio-carrobles-isabel","tag-jose-olivares-rodriguez","tag-juan-francisco-godoy-garcia","tag-manuel-de-la-fuente-arias","tag-markus-peter-hurni"],"_links":{"self":[{"href":"https:\/\/www.deberes.net\/tesis\/wp-json\/wp\/v2\/posts\/95625","targetHints":{"allow":["GET"]}}],"collection":[{"href":"https:\/\/www.deberes.net\/tesis\/wp-json\/wp\/v2\/posts"}],"about":[{"href":"https:\/\/www.deberes.net\/tesis\/wp-json\/wp\/v2\/types\/post"}],"author":[{"embeddable":true,"href":"https:\/\/www.deberes.net\/tesis\/wp-json\/wp\/v2\/users\/1"}],"replies":[{"embeddable":true,"href":"https:\/\/www.deberes.net\/tesis\/wp-json\/wp\/v2\/comments?post=95625"}],"version-history":[{"count":0,"href":"https:\/\/www.deberes.net\/tesis\/wp-json\/wp\/v2\/posts\/95625\/revisions"}],"wp:attachment":[{"href":"https:\/\/www.deberes.net\/tesis\/wp-json\/wp\/v2\/media?parent=95625"}],"wp:term":[{"taxonomy":"category","embeddable":true,"href":"https:\/\/www.deberes.net\/tesis\/wp-json\/wp\/v2\/categories?post=95625"},{"taxonomy":"post_tag","embeddable":true,"href":"https:\/\/www.deberes.net\/tesis\/wp-json\/wp\/v2\/tags?post=95625"}],"curies":[{"name":"wp","href":"https:\/\/api.w.org\/{rel}","templated":true}]}}