{"id":95646,"date":"2018-03-11T10:15:41","date_gmt":"2018-03-11T10:15:41","guid":{"rendered":"https:\/\/www.deberes.net\/tesis\/sin-categoria\/la-proteccion-de-la-incapacidad-temporal-en-el-regimen-general-de-la-seguridad-social\/"},"modified":"2018-03-11T10:15:41","modified_gmt":"2018-03-11T10:15:41","slug":"la-proteccion-de-la-incapacidad-temporal-en-el-regimen-general-de-la-seguridad-social","status":"publish","type":"post","link":"https:\/\/www.deberes.net\/tesis\/derecho-del-trabajo-y-de-la-seguridad-social\/la-proteccion-de-la-incapacidad-temporal-en-el-regimen-general-de-la-seguridad-social\/","title":{"rendered":"La protecci\u00f3n de la incapacidad temporal en el r\u00e9gimen general de la seguridad social"},"content":{"rendered":"<h2>Tesis doctoral de <strong> Celia Fern\u00e1ndez Prats <\/strong><\/h2>\n<p>La prestaci\u00f3n por incapacidad temporal ha sido objeto, en la \u00faltima d\u00e9cada, de numerosas reformas legislativas que han pretendido, principalmente, llevar a cabo un mayor control sobre la misma y, al mismo tiempo, reducir el gasto que esta prestaci\u00f3n ocasiona al sistema de seguridad social. La presente tesis doctoral pretende realizar un estudio completo del r\u00e9gimen jur\u00eddico de la misma. Para ello, se ha estructurado en seis cap\u00edtulos: el primero de ellos se dedica al estudio de la evoluci\u00f3n hist\u00f3rica de la prestaci\u00f3n de incapacidad temporal, haciendo un repaso por todas las normas que se han encargado de la protecci\u00f3n de las situaciones que incapacitan temporalmente para el desempe\u00f1o del trabajo desde la ley de accidentes de trabajo de 1900, hasta la actualidad, poni\u00e9ndose de manifiesto en las reformas m\u00e1s recientes las pol\u00edticas legislativas utilizadas para incrementar el control sobre la prestaci\u00f3n. en el segundo cap\u00edtulo se aborda el concepto de la prestaci\u00f3n de incapacidad temporal, analizando cada una de las notas que deben concurrir en la misma. Por otro lado, se ha tratado tambi\u00e9n de delimitar la incapacidad temporal de otras situaciones que impiden temporalmente el desempe\u00f1o del trabajo y que, sin embargo, no son susceptibles de esta protecci\u00f3n, finalizando el cap\u00edtulo con las situaciones protegidas por la prestaci\u00f3n de incapacidad temporal, as\u00ed como con la determinaci\u00f3n de la entidad competente para calificar la causa de la que deriva la situaci\u00f3n protegida por la prestaci\u00f3n. el tercer cap\u00edtulo se centra en el an\u00e1lisis detallado de los requisitos que se exigen para acceder a la prestaci\u00f3n de incapacidad temporal, tanto de afiliaci\u00f3n y alta como de cotizaci\u00f3n previa a la seguridad social. Para ello se han analizado, entre otros aspectos, cada una de las situaciones que se pueden considerar asimiladas al alta para el acceso a esta prestaci\u00f3n, as\u00ed como las reglas que han permitido utilizar tanto la legislaci\u00f3n como la jurisprudencia para proceder al c\u00f3mputo del per\u00edodo de carencia. en el cap\u00edtulo cuarto se determina la cuant\u00eda de la prestaci\u00f3n de incapacidad temporal, el c\u00e1lculo de su base reguladora, con especial atenci\u00f3n a la forma de incluir en la misma determinados conceptos retributivos que no tienen una periodicidad peri\u00f3dica en su devengo. Tambi\u00e9n se aborda el c\u00e1lculo de la cuant\u00eda de la prestaci\u00f3n una vez extinguido el contrato de trabajo y c\u00f3mo afectan estas situaciones de incapacidad temporal t\u00e9cnica a la relaci\u00f3n con la prestaci\u00f3n por desempleo y a la cotizaci\u00f3n a la seguridad social. el cap\u00edtulo quinto se destina al estudio de la din\u00e1mica de la prestaci\u00f3n de incapacidad temporal. Esto es, nacimiento, duraci\u00f3n, extinci\u00f3n y posibles causas de p\u00e9rdida o suspensi\u00f3n del subsidio. Dentro de la din\u00e1mica se han analizado, por tanto, las cuestiones relativas a las pr\u00f3rrogas de la situaci\u00f3n de incapacidad temporal, las reca\u00eddas, el alta como situaci\u00f3n extintiva de la prestaci\u00f3n, aludiendo a las problem\u00e1ticas altas a los exclusivos efectos econ\u00f3micos y el tr\u00e1nsito entre las situaciones de incapacidad temporal y permanente. Finalmente, tambi\u00e9n se han examinado las competencias de las matepss en materia sancionatoria, a efectos de poder anular o suspender el subsidio econ\u00f3mico. el sexto y \u00faltimo cap\u00edtulo hace referencia a la determinaci\u00f3n de los responsables en materia de gesti\u00f3n, control y pago de la prestaci\u00f3n. Para ello se examinan las competencias en esta materia de las matepss y de las entidades colaboradoras en la gesti\u00f3n de la seguridad social, tanto de forma voluntaria, como obligatoria. Asimismo, en materia de control, entre otros aspectos, se valoran las distintas posibilidades otorgadas a las matepss y al inss para el control de los servicios p\u00fablicos de salud y el papel de la inspecci\u00f3n m\u00e9dica de \u00e9stos \u00faltimos.<\/p>\n<p>&nbsp;<\/p>\n<h3>Datos acad\u00e9micos de la tesis doctoral \u00ab<strong>La protecci\u00f3n de la incapacidad temporal en el r\u00e9gimen general de la seguridad social<\/strong>\u00ab<\/h3>\n<ul>\n<li><strong>T\u00edtulo de la tesis:<\/strong>\u00a0 La protecci\u00f3n de la incapacidad temporal en el r\u00e9gimen general de la seguridad social <\/li>\n<li><strong>Autor:<\/strong>\u00a0 Celia Fern\u00e1ndez Prats <\/li>\n<li><strong>Universidad:<\/strong>\u00a0 Universitat de val\u00e9ncia (estudi general)<\/li>\n<li><strong>Fecha de lectura de la tesis:<\/strong>\u00a0 27\/07\/2009<\/li>\n<\/ul>\n<p>&nbsp;<\/p>\n<h3>Direcci\u00f3n y tribunal<\/h3>\n<ul>\n<li><strong>Director de la tesis<\/strong>\n<ul>\n<li>Juan L\u00f3pez Gand\u00eda<\/li>\n<\/ul>\n<\/li>\n<li><strong>Tribunal<\/strong>\n<ul>\n<li>Presidente del tribunal: Jos\u00e9 Mar\u00eda Goerlich peset <\/li>\n<li>joaquin Aparicio tovar (vocal)<\/li>\n<li>Manuel ramon Alarcon caracuel (vocal)<\/li>\n<li>carmen Viqueira perez (vocal)<\/li>\n<\/ul>\n<\/li>\n<\/ul>\n<p>&nbsp;<\/p>\n","protected":false},"excerpt":{"rendered":"<p>Tesis doctoral de Celia Fern\u00e1ndez Prats La prestaci\u00f3n por incapacidad temporal ha sido objeto, en la \u00faltima d\u00e9cada, de numerosas [&hellip;]<\/p>\n","protected":false},"author":1,"featured_media":0,"comment_status":"open","ping_status":"open","sticky":false,"template":"","format":"standard","meta":{"site-sidebar-layout":"default","site-content-layout":"","ast-site-content-layout":"","site-content-style":"default","site-sidebar-style":"default","ast-global-header-display":"","ast-banner-title-visibility":"","ast-main-header-display":"","ast-hfb-above-header-display":"","ast-hfb-below-header-display":"","ast-hfb-mobile-header-display":"","site-post-title":"","ast-breadcrumbs-content":"","ast-featured-img":"","footer-sml-layout":"","theme-transparent-header-meta":"","adv-header-id-meta":"","stick-header-meta":"","header-above-stick-meta":"","header-main-stick-meta":"","header-below-stick-meta":"","astra-migrate-meta-layouts":"default","ast-page-background-enabled":"default","ast-page-background-meta":{"desktop":{"background-color":"var(--ast-global-color-4)","background-image":"","background-repeat":"repeat","background-position":"center center","background-size":"auto","background-attachment":"scroll","background-type":"","background-media":"","overlay-type":"","overlay-color":"","overlay-gradient":""},"tablet":{"background-color":"","background-image":"","background-repeat":"repeat","background-position":"center center","background-size":"auto","background-attachment":"scroll","background-type":"","background-media":"","overlay-type":"","overlay-color":"","overlay-gradient":""},"mobile":{"background-color":"","background-image":"","background-repeat":"repeat","background-position":"center center","background-size":"auto","background-attachment":"scroll","background-type":"","background-media":"","overlay-type":"","overlay-color":"","overlay-gradient":""}},"ast-content-background-meta":{"desktop":{"background-color":"var(--ast-global-color-5)","background-image":"","background-repeat":"repeat","background-position":"center center","background-size":"auto","background-attachment":"scroll","background-type":"","background-media":"","overlay-type":"","overlay-color":"","overlay-gradient":""},"tablet":{"background-color":"var(--ast-global-color-5)","background-image":"","background-repeat":"repeat","background-position":"center center","background-size":"auto","background-attachment":"scroll","background-type":"","background-media":"","overlay-type":"","overlay-color":"","overlay-gradient":""},"mobile":{"background-color":"var(--ast-global-color-5)","background-image":"","background-repeat":"repeat","background-position":"center center","background-size":"auto","background-attachment":"scroll","background-type":"","background-media":"","overlay-type":"","overlay-color":"","overlay-gradient":""}},"footnotes":""},"categories":[2170,6287],"tags":[130172,196673,39408,148600,26860,13967],"class_list":["post-95646","post","type-post","status-publish","format-standard","hentry","category-derecho-del-trabajo-y-de-la-seguridad-social","category-seguridad-social","tag-carmen-viqueira-perez","tag-celia-fernandez-prats","tag-joaquin-aparicio-tovar","tag-jose-maria-goerlich-peset","tag-juan-lopez-gandia","tag-manuel-ramon-alarcon-caracuel"],"_links":{"self":[{"href":"https:\/\/www.deberes.net\/tesis\/wp-json\/wp\/v2\/posts\/95646","targetHints":{"allow":["GET"]}}],"collection":[{"href":"https:\/\/www.deberes.net\/tesis\/wp-json\/wp\/v2\/posts"}],"about":[{"href":"https:\/\/www.deberes.net\/tesis\/wp-json\/wp\/v2\/types\/post"}],"author":[{"embeddable":true,"href":"https:\/\/www.deberes.net\/tesis\/wp-json\/wp\/v2\/users\/1"}],"replies":[{"embeddable":true,"href":"https:\/\/www.deberes.net\/tesis\/wp-json\/wp\/v2\/comments?post=95646"}],"version-history":[{"count":0,"href":"https:\/\/www.deberes.net\/tesis\/wp-json\/wp\/v2\/posts\/95646\/revisions"}],"wp:attachment":[{"href":"https:\/\/www.deberes.net\/tesis\/wp-json\/wp\/v2\/media?parent=95646"}],"wp:term":[{"taxonomy":"category","embeddable":true,"href":"https:\/\/www.deberes.net\/tesis\/wp-json\/wp\/v2\/categories?post=95646"},{"taxonomy":"post_tag","embeddable":true,"href":"https:\/\/www.deberes.net\/tesis\/wp-json\/wp\/v2\/tags?post=95646"}],"curies":[{"name":"wp","href":"https:\/\/api.w.org\/{rel}","templated":true}]}}