{"id":95658,"date":"2018-03-11T10:15:41","date_gmt":"2018-03-11T10:15:41","guid":{"rendered":"https:\/\/www.deberes.net\/tesis\/sin-categoria\/essays-on-immigration-evidence-from-spain\/"},"modified":"2018-03-11T10:15:41","modified_gmt":"2018-03-11T10:15:41","slug":"essays-on-immigration-evidence-from-spain","status":"publish","type":"post","link":"https:\/\/www.deberes.net\/tesis\/movilidad-y-migraciones-internacionales\/essays-on-immigration-evidence-from-spain\/","title":{"rendered":"Essays on immigration: evidence from spain"},"content":{"rendered":"<h2>Tesis doctoral de <strong> Javier V\u00e1zquez Grenno <\/strong><\/h2>\n<p>La tesis analiza los efectos econ\u00f3micos de los flujos migratorios, poiendo el \u00e9nfasis en el caso espa\u00f1ol de la \u00faltima d\u00e9cada. Se trata de un trabajo que combina elementos te\u00f3ricos y emp\u00edricos que, utilizando diferentes metodolog\u00edas, aborda desde diversos \u00e1ngulos los efectos de la inmigraci\u00f3n en el caso espa\u00f1ol. En particular, analiza los efectos en el sistema de pensiones, en las prestaciones por desempleo y en el mercado de trabajo.  el cap\u00edtulo 1 comienza con una revisi\u00f3n de la literatura econ\u00f3mica dedicada al estudio de los efectos de la inmigraci\u00f3n en las econom\u00edas de destino. Especialmente, subraya los efectos en el mercado de trabajo y en el sector p\u00fablico, temas que aborda en profundidad en los cap\u00edtulos siguientes.   en el segundo cap\u00edtulo, utilizando un modelo de generaciones solapadas, estudia c\u00f3mo un shock migratorio con baja calificaci\u00f3n puede afectar el sistema de bienestar (sistema de pensiones y seguro por desempleo) de la econom\u00eda receptora. Las aportaciones m\u00e1s relevantes de este cap\u00edtulo son las siguientes: i) realiza el an\u00e1lisis tanto en un contexto de pleno empleo como de desempleo; ii) incluye algunos supuestos m\u00e1s realistas respecto a la literatura previa, como son las diferencias en las tasas de fertilidad entre inmigrantes y nativos, y diferencias en las calificaciones de los descendientes de inmigrantes y nativos; iii) analiza la importancia de la inmigraci\u00f3n irregular.  en el cap\u00edtulo tres desarrolla un modelo de contabilidad agregada con el objetivo de evaluar cuantitativamente los efectos de una pol\u00edtica selectiva de inmigraci\u00f3n sobre la sostenibilidad del actual sistema de pensiones en espa\u00f1a. Adem\u00e1s, este cap\u00edtulo contribuye al an\u00e1lisis de la sostenibilidad del sistema de pensiones evaluando los efectos de diferentes reformas como son el retraso en la edad de jubilaci\u00f3n de los trabajadores y los mecanismos de indexaci\u00f3n de las prestaciones, entre otras.    el cuarto cap\u00edtulo analiza el comportamiento de nativos e inmigrantes en el mercado laboral espa\u00f1ol, utilizando datos de la encuesta de poblaci\u00f3n activa. En concreto, investiga el proceso de asimilaci\u00f3n (en t\u00e9rminos de desempleo) de los inmigrantes en la econom\u00eda espa\u00f1ola. En primer lugar, realiza un an\u00e1lisis de flujo del mercado de trabajo,  calculando las tasas de entrada y salida del desempleo de los diferentes agentes. El autor encuentra que los inmigrantes consiguen y pierden su trabajo m\u00e1s r\u00e1pidamente que los nativos. Con el objetivo de explicar estas diferencias, desarrolla y calibra un modelo de b\u00fasqueda y emparejamiento, para posteriormente simular el shock migratorio comprendido entre los a\u00f1os 2002 y 2006.   en el cap\u00edtulo final se realiza una discusi\u00f3n de las princiaples conclusiones de la tesis.<\/p>\n<p>&nbsp;<\/p>\n<h3>Datos acad\u00e9micos de la tesis doctoral \u00ab<strong>Essays on immigration: evidence from spain<\/strong>\u00ab<\/h3>\n<ul>\n<li><strong>T\u00edtulo de la tesis:<\/strong>\u00a0 Essays on immigration: evidence from spain <\/li>\n<li><strong>Autor:<\/strong>\u00a0 Javier V\u00e1zquez Grenno <\/li>\n<li><strong>Universidad:<\/strong>\u00a0 Aut\u00f3noma de barcelona<\/li>\n<li><strong>Fecha de lectura de la tesis:<\/strong>\u00a0 27\/07\/2009<\/li>\n<\/ul>\n<p>&nbsp;<\/p>\n<h3>Direcci\u00f3n y tribunal<\/h3>\n<ul>\n<li><strong>Director de la tesis<\/strong>\n<ul>\n<li>Miguel L\u00f3pez Garc\u00eda<\/li>\n<\/ul>\n<\/li>\n<li><strong>Tribunal<\/strong>\n<ul>\n<li>Presidente del tribunal: Juan  Francisco Jimeno serrano <\/li>\n<li>esteban Sanrom\u00e1 mel\u00e9ndez (vocal)<\/li>\n<li>  (vocal)<\/li>\n<li>  (vocal)<\/li>\n<\/ul>\n<\/li>\n<\/ul>\n<p>&nbsp;<\/p>\n","protected":false},"excerpt":{"rendered":"<p>Tesis doctoral de Javier V\u00e1zquez Grenno La tesis analiza los efectos econ\u00f3micos de los flujos migratorios, poiendo el \u00e9nfasis en [&hellip;]<\/p>\n","protected":false},"author":1,"featured_media":0,"comment_status":"open","ping_status":"open","sticky":false,"template":"","format":"standard","meta":{"site-sidebar-layout":"default","site-content-layout":"","ast-site-content-layout":"","site-content-style":"default","site-sidebar-style":"default","ast-global-header-display":"","ast-banner-title-visibility":"","ast-main-header-display":"","ast-hfb-above-header-display":"","ast-hfb-below-header-display":"","ast-hfb-mobile-header-display":"","site-post-title":"","ast-breadcrumbs-content":"","ast-featured-img":"","footer-sml-layout":"","theme-transparent-header-meta":"","adv-header-id-meta":"","stick-header-meta":"","header-above-stick-meta":"","header-main-stick-meta":"","header-below-stick-meta":"","astra-migrate-meta-layouts":"default","ast-page-background-enabled":"default","ast-page-background-meta":{"desktop":{"background-color":"var(--ast-global-color-4)","background-image":"","background-repeat":"repeat","background-position":"center center","background-size":"auto","background-attachment":"scroll","background-type":"","background-media":"","overlay-type":"","overlay-color":"","overlay-gradient":""},"tablet":{"background-color":"","background-image":"","background-repeat":"repeat","background-position":"center center","background-size":"auto","background-attachment":"scroll","background-type":"","background-media":"","overlay-type":"","overlay-color":"","overlay-gradient":""},"mobile":{"background-color":"","background-image":"","background-repeat":"repeat","background-position":"center center","background-size":"auto","background-attachment":"scroll","background-type":"","background-media":"","overlay-type":"","overlay-color":"","overlay-gradient":""}},"ast-content-background-meta":{"desktop":{"background-color":"var(--ast-global-color-5)","background-image":"","background-repeat":"repeat","background-position":"center center","background-size":"auto","background-attachment":"scroll","background-type":"","background-media":"","overlay-type":"","overlay-color":"","overlay-gradient":""},"tablet":{"background-color":"var(--ast-global-color-5)","background-image":"","background-repeat":"repeat","background-position":"center center","background-size":"auto","background-attachment":"scroll","background-type":"","background-media":"","overlay-type":"","overlay-color":"","overlay-gradient":""},"mobile":{"background-color":"var(--ast-global-color-5)","background-image":"","background-repeat":"repeat","background-position":"center center","background-size":"auto","background-attachment":"scroll","background-type":"","background-media":"","overlay-type":"","overlay-color":"","overlay-gradient":""}},"footnotes":""},"categories":[22018,1354,6287],"tags":[141272,196692,25545,196693],"class_list":["post-95658","post","type-post","status-publish","format-standard","hentry","category-bienestar-social","category-movilidad-y-migraciones-internacionales","category-seguridad-social","tag-esteban-sanroma-melendez","tag-javier-vazquez-grenno","tag-juan-francisco-jimeno-serrano","tag-miguel-lopez-garcia"],"_links":{"self":[{"href":"https:\/\/www.deberes.net\/tesis\/wp-json\/wp\/v2\/posts\/95658","targetHints":{"allow":["GET"]}}],"collection":[{"href":"https:\/\/www.deberes.net\/tesis\/wp-json\/wp\/v2\/posts"}],"about":[{"href":"https:\/\/www.deberes.net\/tesis\/wp-json\/wp\/v2\/types\/post"}],"author":[{"embeddable":true,"href":"https:\/\/www.deberes.net\/tesis\/wp-json\/wp\/v2\/users\/1"}],"replies":[{"embeddable":true,"href":"https:\/\/www.deberes.net\/tesis\/wp-json\/wp\/v2\/comments?post=95658"}],"version-history":[{"count":0,"href":"https:\/\/www.deberes.net\/tesis\/wp-json\/wp\/v2\/posts\/95658\/revisions"}],"wp:attachment":[{"href":"https:\/\/www.deberes.net\/tesis\/wp-json\/wp\/v2\/media?parent=95658"}],"wp:term":[{"taxonomy":"category","embeddable":true,"href":"https:\/\/www.deberes.net\/tesis\/wp-json\/wp\/v2\/categories?post=95658"},{"taxonomy":"post_tag","embeddable":true,"href":"https:\/\/www.deberes.net\/tesis\/wp-json\/wp\/v2\/tags?post=95658"}],"curies":[{"name":"wp","href":"https:\/\/api.w.org\/{rel}","templated":true}]}}