{"id":95681,"date":"2018-03-11T10:15:41","date_gmt":"2018-03-11T10:15:41","guid":{"rendered":"https:\/\/www.deberes.net\/tesis\/sin-categoria\/la-respuesta-del-derecho-internacional-al-problema-del-cambio-climatico\/"},"modified":"2018-03-11T10:15:41","modified_gmt":"2018-03-11T10:15:41","slug":"la-respuesta-del-derecho-internacional-al-problema-del-cambio-climatico","status":"publish","type":"post","link":"https:\/\/www.deberes.net\/tesis\/derecho-internacional\/la-respuesta-del-derecho-internacional-al-problema-del-cambio-climatico\/","title":{"rendered":"La respuesta del derecho internacional al problema del cambio clim\u00e1tico"},"content":{"rendered":"<h2>Tesis doctoral de <strong> Bruno Manoel Viana De Araujo <\/strong><\/h2>\n<p>La pluralidad de causas y efectos relacionados con el cambio clim\u00e1tico es tan amplia que, incluso a la hora de elaborar un estudio jur\u00eddico sobre este tema, resulta indispensable recurrir a otras ciencias, como la econom\u00eda, la geograf\u00eda, la qu\u00edmica y la f\u00edsica. As\u00ed, con todas ellas trabajando en una misma direcci\u00f3n, cada rama de conocimiento podr\u00e1 aportar su contribuci\u00f3n en la b\u00fasqueda de una soluci\u00f3n para el problema que se presenta. ante estas dificultades y complejidades, el derecho no podr\u00eda quedarse al margen y ha tratado de ofrecer un r\u00e9gimen jur\u00eddico internacional para combatir los efectos del cambio clim\u00e1tico. Los efectos del calentamiento del clima de la tierra hacen que \u00e9ste sea un problema no s\u00f3lo de dimensiones internacionales transfronterizas, sino tambi\u00e9n globales. el inicio de la respuesta del derecho internacional al problema de las transformaciones en el clima no ha sido proporcional a la gravedad del asunto. Despu\u00e9s de muchas negociaciones, los estados resolvieron aprobar una convenci\u00f3n internacional sobre el tema. \u00e9sta fue la convenci\u00f3n marco de las naciones unidas sobre el cambio clim\u00e1tico, que fue adoptada el 8 de mayo de 1992 en nueva york. tan pronto como fue aprobada, la comunidad internacional fue consciente de que un acuerdo marco como el adoptado, ser\u00eda por s\u00ed solo incapaz de afrontar las nefastas consecuencias del cambio clim\u00e1tico. Conscientes de la necesidad de mejorar la protecci\u00f3n del medio ambiente y del ser humano, las partes de la convenci\u00f3n marco acordaron elaborar un protocolo en 1997, m\u00e1s conocido como el protocolo de kyoto. Con \u00e9l, las partes establecieron unos objetivos de reducci\u00f3n de las emisiones de los gases de efecto invernadero, que los estados desarrollados los deben cumplir en el per\u00edodo del 2008 al 2012. ante este panorama, el derecho internacional ha sumado avances y experimentado retrocesos. Por una parte, consigui\u00f3 establecer las bases de un r\u00e9gimen jur\u00eddico internacional para el cambio clim\u00e1tico.  sin embargo, el establecimiento del r\u00e9gimen jur\u00eddico internacional del cambio clim\u00e1tico no ha sido, a d\u00eda de hoy, capaz de ofrecer una protecci\u00f3n real al medio ambiente contra los efectos de la transformaci\u00f3n del clima. No ha logrado, en consecuencia, persuadir suficientemente a todos los estados para que asuman compromisos m\u00e1s representativos y eficaces de reducci\u00f3n de las emisiones de gases de efecto invernadero. el desarrollo de la presente tesis doctoral comienza con un estudio del cambio clim\u00e1tico concebido como un fen\u00f3meno natural, as\u00ed como de sus efectos nefastos que se han multiplicado exponencialmente por causas antrop\u00f3genas. A continuaci\u00f3n, se pasa a examinar la regulaci\u00f3n jur\u00eddica internacional de este tema, hasta llegar a la elaboraci\u00f3n de una propuesta para la creaci\u00f3n de un fondo de inversi\u00f3n destinado a financiar los proyectos del mecanismo para el desarrollo limpio, seguida de la presentaci\u00f3n de las correspondientes conclusiones.<\/p>\n<p>&nbsp;<\/p>\n<h3>Datos acad\u00e9micos de la tesis doctoral \u00ab<strong>La respuesta del derecho internacional al problema del cambio clim\u00e1tico<\/strong>\u00ab<\/h3>\n<ul>\n<li><strong>T\u00edtulo de la tesis:<\/strong>\u00a0 La respuesta del derecho internacional al problema del cambio clim\u00e1tico <\/li>\n<li><strong>Autor:<\/strong>\u00a0 Bruno Manoel Viana De Araujo <\/li>\n<li><strong>Universidad:<\/strong>\u00a0 Universitat de val\u00e9ncia (estudi general)<\/li>\n<li><strong>Fecha de lectura de la tesis:<\/strong>\u00a0 28\/07\/2009<\/li>\n<\/ul>\n<p>&nbsp;<\/p>\n<h3>Direcci\u00f3n y tribunal<\/h3>\n<ul>\n<li><strong>Director de la tesis<\/strong>\n<ul>\n<li>Valent\u00edn Bou Franch<\/li>\n<\/ul>\n<\/li>\n<li><strong>Tribunal<\/strong>\n<ul>\n<li>Presidente del tribunal: jose Juste ruiz <\/li>\n<li>Alberto a Herrero de la fuente (vocal)<\/li>\n<li>jaume Ferrer lloret (vocal)<\/li>\n<li>Carlos Fern\u00e1ndez de casadevante  roman\u00ed (vocal)<\/li>\n<\/ul>\n<\/li>\n<\/ul>\n<p>&nbsp;<\/p>\n","protected":false},"excerpt":{"rendered":"<p>Tesis doctoral de Bruno Manoel Viana De Araujo La pluralidad de causas y efectos relacionados con el cambio clim\u00e1tico es [&hellip;]<\/p>\n","protected":false},"author":1,"featured_media":0,"comment_status":"open","ping_status":"open","sticky":false,"template":"","format":"standard","meta":{"site-sidebar-layout":"default","site-content-layout":"","ast-site-content-layout":"","site-content-style":"default","site-sidebar-style":"default","ast-global-header-display":"","ast-banner-title-visibility":"","ast-main-header-display":"","ast-hfb-above-header-display":"","ast-hfb-below-header-display":"","ast-hfb-mobile-header-display":"","site-post-title":"","ast-breadcrumbs-content":"","ast-featured-img":"","footer-sml-layout":"","theme-transparent-header-meta":"","adv-header-id-meta":"","stick-header-meta":"","header-above-stick-meta":"","header-main-stick-meta":"","header-below-stick-meta":"","astra-migrate-meta-layouts":"default","ast-page-background-enabled":"default","ast-page-background-meta":{"desktop":{"background-color":"var(--ast-global-color-4)","background-image":"","background-repeat":"repeat","background-position":"center center","background-size":"auto","background-attachment":"scroll","background-type":"","background-media":"","overlay-type":"","overlay-color":"","overlay-gradient":""},"tablet":{"background-color":"","background-image":"","background-repeat":"repeat","background-position":"center center","background-size":"auto","background-attachment":"scroll","background-type":"","background-media":"","overlay-type":"","overlay-color":"","overlay-gradient":""},"mobile":{"background-color":"","background-image":"","background-repeat":"repeat","background-position":"center center","background-size":"auto","background-attachment":"scroll","background-type":"","background-media":"","overlay-type":"","overlay-color":"","overlay-gradient":""}},"ast-content-background-meta":{"desktop":{"background-color":"var(--ast-global-color-5)","background-image":"","background-repeat":"repeat","background-position":"center center","background-size":"auto","background-attachment":"scroll","background-type":"","background-media":"","overlay-type":"","overlay-color":"","overlay-gradient":""},"tablet":{"background-color":"var(--ast-global-color-5)","background-image":"","background-repeat":"repeat","background-position":"center center","background-size":"auto","background-attachment":"scroll","background-type":"","background-media":"","overlay-type":"","overlay-color":"","overlay-gradient":""},"mobile":{"background-color":"var(--ast-global-color-5)","background-image":"","background-repeat":"repeat","background-position":"center center","background-size":"auto","background-attachment":"scroll","background-type":"","background-media":"","overlay-type":"","overlay-color":"","overlay-gradient":""}},"footnotes":""},"categories":[20341,1211],"tags":[14855,196730,39925,52636,19168,39118],"class_list":["post-95681","post","type-post","status-publish","format-standard","hentry","category-cambio-climatico","category-derecho-internacional","tag-alberto-a-herrero-de-la-fuente","tag-bruno-manoel-viana-de-araujo","tag-carlos-fernandez-de-casadevante-romani","tag-jaume-ferrer-lloret","tag-jose-juste-ruiz","tag-valentin-bou-franch"],"_links":{"self":[{"href":"https:\/\/www.deberes.net\/tesis\/wp-json\/wp\/v2\/posts\/95681","targetHints":{"allow":["GET"]}}],"collection":[{"href":"https:\/\/www.deberes.net\/tesis\/wp-json\/wp\/v2\/posts"}],"about":[{"href":"https:\/\/www.deberes.net\/tesis\/wp-json\/wp\/v2\/types\/post"}],"author":[{"embeddable":true,"href":"https:\/\/www.deberes.net\/tesis\/wp-json\/wp\/v2\/users\/1"}],"replies":[{"embeddable":true,"href":"https:\/\/www.deberes.net\/tesis\/wp-json\/wp\/v2\/comments?post=95681"}],"version-history":[{"count":0,"href":"https:\/\/www.deberes.net\/tesis\/wp-json\/wp\/v2\/posts\/95681\/revisions"}],"wp:attachment":[{"href":"https:\/\/www.deberes.net\/tesis\/wp-json\/wp\/v2\/media?parent=95681"}],"wp:term":[{"taxonomy":"category","embeddable":true,"href":"https:\/\/www.deberes.net\/tesis\/wp-json\/wp\/v2\/categories?post=95681"},{"taxonomy":"post_tag","embeddable":true,"href":"https:\/\/www.deberes.net\/tesis\/wp-json\/wp\/v2\/tags?post=95681"}],"curies":[{"name":"wp","href":"https:\/\/api.w.org\/{rel}","templated":true}]}}