{"id":95684,"date":"2018-03-11T10:15:45","date_gmt":"2018-03-11T10:15:45","guid":{"rendered":"https:\/\/www.deberes.net\/tesis\/sin-categoria\/tradicion-identidad-vasca-y-modernidad-en-la-vida-y-en-la-creacion-musical-de-francisco-escudero\/"},"modified":"2018-03-11T10:15:45","modified_gmt":"2018-03-11T10:15:45","slug":"tradicion-identidad-vasca-y-modernidad-en-la-vida-y-en-la-creacion-musical-de-francisco-escudero","status":"publish","type":"post","link":"https:\/\/www.deberes.net\/tesis\/historia-de-la-musica\/tradicion-identidad-vasca-y-modernidad-en-la-vida-y-en-la-creacion-musical-de-francisco-escudero\/","title":{"rendered":"Tradici\u00f3n, identidad vasca y modernidad en la vida y en la creaci\u00f3n musical de francisco escudero"},"content":{"rendered":"<h2>Tesis doctoral de <strong> Itziar Larrinaga Cuadra <\/strong><\/h2>\n<p>Esta tesis doctoral estudia la vida y la creaci\u00f3n musical de francisco escudero garc\u00eda (1912-2002). Provee una biograf\u00eda detallada y un cat\u00e1logo exhaustivo de obras del autor. Facilita un acercamiento al conjunto de su creaci\u00f3n musical y aborda en profundidad el g\u00e9nero oper\u00edstico, al que \u00e9ste dedic\u00f3 un singular empe\u00f1o.  los primeros cinco cap\u00edtulos tienen un cariz biogr\u00e1fico y enmarcan la figura de escudero en el contexto en el que vio la luz y se desarroll\u00f3 como m\u00fasico. Los restantes cuatro cap\u00edtulos est\u00e1n orientados al estudio de su creaci\u00f3n musical. El cap\u00edtulo 6 presenta el conjunto de su obra, ordenada por g\u00e9neros; y los cap\u00edtulos 7, 8, 9 tratan sobre sus \u00f3peras zigor! (1957-1963), fuenteovejuna (1967-) y gernika (1979-1985), la segunda de ellas inacabada. El trabajo toma como puntos de referencia significativos las ideas de tradici\u00f3n, identidad nacional y modernidad. Contribuye a la reflexi\u00f3n en torno a la correlaci\u00f3n entre nacionalismo y m\u00fasica.<\/p>\n<p>&nbsp;<\/p>\n<h3>Datos acad\u00e9micos de la tesis doctoral \u00ab<strong>Tradici\u00f3n, identidad vasca y modernidad en la vida y en la creaci\u00f3n musical de francisco escudero<\/strong>\u00ab<\/h3>\n<ul>\n<li><strong>T\u00edtulo de la tesis:<\/strong>\u00a0 Tradici\u00f3n, identidad vasca y modernidad en la vida y en la creaci\u00f3n musical de francisco escudero <\/li>\n<li><strong>Autor:<\/strong>\u00a0 Itziar Larrinaga Cuadra <\/li>\n<li><strong>Universidad:<\/strong>\u00a0 Oviedo<\/li>\n<li><strong>Fecha de lectura de la tesis:<\/strong>\u00a0 28\/07\/2009<\/li>\n<\/ul>\n<p>&nbsp;<\/p>\n<h3>Direcci\u00f3n y tribunal<\/h3>\n<ul>\n<li><strong>Director de la tesis<\/strong>\n<ul>\n<li>Angel Medina Alvarez<\/li>\n<\/ul>\n<\/li>\n<li><strong>Tribunal<\/strong>\n<ul>\n<li>Presidente del tribunal: Carlos Villanueva abelairas <\/li>\n<li>jon Bag\u00ed\u00bc\u00e9s erriondo (vocal)<\/li>\n<li>Mar\u00eda Nagore ferrer (vocal)<\/li>\n<li>Mar\u00eda beatriz Mart\u00ednez del fresno (vocal)<\/li>\n<\/ul>\n<\/li>\n<\/ul>\n<p>&nbsp;<\/p>\n","protected":false},"excerpt":{"rendered":"<p>Tesis doctoral de Itziar Larrinaga Cuadra Esta tesis doctoral estudia la vida y la creaci\u00f3n musical de francisco escudero garc\u00eda [&hellip;]<\/p>\n","protected":false},"author":1,"featured_media":0,"comment_status":"open","ping_status":"open","sticky":false,"template":"","format":"standard","meta":{"site-sidebar-layout":"default","site-content-layout":"","ast-site-content-layout":"","site-content-style":"default","site-sidebar-style":"default","ast-global-header-display":"","ast-banner-title-visibility":"","ast-main-header-display":"","ast-hfb-above-header-display":"","ast-hfb-below-header-display":"","ast-hfb-mobile-header-display":"","site-post-title":"","ast-breadcrumbs-content":"","ast-featured-img":"","footer-sml-layout":"","theme-transparent-header-meta":"","adv-header-id-meta":"","stick-header-meta":"","header-above-stick-meta":"","header-main-stick-meta":"","header-below-stick-meta":"","astra-migrate-meta-layouts":"default","ast-page-background-enabled":"default","ast-page-background-meta":{"desktop":{"background-color":"var(--ast-global-color-4)","background-image":"","background-repeat":"repeat","background-position":"center center","background-size":"auto","background-attachment":"scroll","background-type":"","background-media":"","overlay-type":"","overlay-color":"","overlay-gradient":""},"tablet":{"background-color":"","background-image":"","background-repeat":"repeat","background-position":"center center","background-size":"auto","background-attachment":"scroll","background-type":"","background-media":"","overlay-type":"","overlay-color":"","overlay-gradient":""},"mobile":{"background-color":"","background-image":"","background-repeat":"repeat","background-position":"center center","background-size":"auto","background-attachment":"scroll","background-type":"","background-media":"","overlay-type":"","overlay-color":"","overlay-gradient":""}},"ast-content-background-meta":{"desktop":{"background-color":"var(--ast-global-color-5)","background-image":"","background-repeat":"repeat","background-position":"center center","background-size":"auto","background-attachment":"scroll","background-type":"","background-media":"","overlay-type":"","overlay-color":"","overlay-gradient":""},"tablet":{"background-color":"var(--ast-global-color-5)","background-image":"","background-repeat":"repeat","background-position":"center center","background-size":"auto","background-attachment":"scroll","background-type":"","background-media":"","overlay-type":"","overlay-color":"","overlay-gradient":""},"mobile":{"background-color":"var(--ast-global-color-5)","background-image":"","background-repeat":"repeat","background-position":"center center","background-size":"auto","background-attachment":"scroll","background-type":"","background-media":"","overlay-type":"","overlay-color":"","overlay-gradient":""}},"footnotes":""},"categories":[7632,9132,8846],"tags":[7635,25408,196735,74689,196736,12736],"class_list":["post-95684","post","type-post","status-publish","format-standard","hentry","category-historia-de-la-musica","category-musica-y-musicologia","category-oviedo","tag-angel-medina-alvarez","tag-carlos-villanueva-abelairas","tag-itziar-larrinaga-cuadra","tag-jon-bagies-erriondo","tag-maria-beatriz-Martinez-del-fresno","tag-maria-nagore-ferrer"],"_links":{"self":[{"href":"https:\/\/www.deberes.net\/tesis\/wp-json\/wp\/v2\/posts\/95684","targetHints":{"allow":["GET"]}}],"collection":[{"href":"https:\/\/www.deberes.net\/tesis\/wp-json\/wp\/v2\/posts"}],"about":[{"href":"https:\/\/www.deberes.net\/tesis\/wp-json\/wp\/v2\/types\/post"}],"author":[{"embeddable":true,"href":"https:\/\/www.deberes.net\/tesis\/wp-json\/wp\/v2\/users\/1"}],"replies":[{"embeddable":true,"href":"https:\/\/www.deberes.net\/tesis\/wp-json\/wp\/v2\/comments?post=95684"}],"version-history":[{"count":0,"href":"https:\/\/www.deberes.net\/tesis\/wp-json\/wp\/v2\/posts\/95684\/revisions"}],"wp:attachment":[{"href":"https:\/\/www.deberes.net\/tesis\/wp-json\/wp\/v2\/media?parent=95684"}],"wp:term":[{"taxonomy":"category","embeddable":true,"href":"https:\/\/www.deberes.net\/tesis\/wp-json\/wp\/v2\/categories?post=95684"},{"taxonomy":"post_tag","embeddable":true,"href":"https:\/\/www.deberes.net\/tesis\/wp-json\/wp\/v2\/tags?post=95684"}],"curies":[{"name":"wp","href":"https:\/\/api.w.org\/{rel}","templated":true}]}}