{"id":95747,"date":"2009-02-09T00:00:00","date_gmt":"2009-02-09T00:00:00","guid":{"rendered":"https:\/\/www.deberes.net\/tesis\/sin-categoria\/el-voseo-en-medios-de-comunicacion-de-chile-descripcion-y-analisis-de-la-variacion-dialectal-y-funcional\/"},"modified":"2009-02-09T00:00:00","modified_gmt":"2009-02-09T00:00:00","slug":"el-voseo-en-medios-de-comunicacion-de-chile-descripcion-y-analisis-de-la-variacion-dialectal-y-funcional","status":"publish","type":"post","link":"https:\/\/www.deberes.net\/tesis\/linguistica\/el-voseo-en-medios-de-comunicacion-de-chile-descripcion-y-analisis-de-la-variacion-dialectal-y-funcional\/","title":{"rendered":"El voseo en medios de comunicaci\u00f3n de chile. descripci\u00f3n y an\u00e1lisis de la variaci\u00f3n dialectal y funcional"},"content":{"rendered":"<h2>Tesis doctoral de <strong> Marcela Jonely De Lourdes Rivadeneira Valenzuela <\/strong><\/h2>\n<p>Este trabajo se centra en el estudio del voseo en el espa\u00f1ol de chile a partir de un corpus oral compuesto por programas de radio. Nuestros objetivos se orientan, por un lado, hacia la descripci\u00f3n y an\u00e1lisis ling\u00ed\u00bc\u00edstico del voseo, y por otro lado, hacia la evaluaci\u00f3n cuantitativa del efecto de factores externos sobre la ocurrencia de este rasgo. Los resultados en cuanto a variaci\u00f3n dialectal indican que existe una alta correlaci\u00f3n entre la frecuencia de aparici\u00f3n del voseo y las variables de zona geogr\u00e1fica, sexo y edad de los hablantes. Por lo que respecta a la variaci\u00f3n funcional, se demuestra que el grado de formalidad del programa de radio es una variable que condiciona claramente la presencia de formas voseantes. De esta forma, se ha podido determinar que en los medios de radio, el uso del voseo se ve favorecido por contextos comunicativos informales en los que participan activamente hombres del grupo adulto joven de la zona centro del pa\u00eds.<\/p>\n<p>&nbsp;<\/p>\n<h3>Datos acad\u00e9micos de la tesis doctoral \u00ab<strong>El voseo en medios de comunicaci\u00f3n de chile. descripci\u00f3n y an\u00e1lisis de la variaci\u00f3n dialectal y funcional<\/strong>\u00ab<\/h3>\n<ul>\n<li><strong>T\u00edtulo de la tesis:<\/strong>\u00a0 El voseo en medios de comunicaci\u00f3n de chile. descripci\u00f3n y an\u00e1lisis de la variaci\u00f3n dialectal y funcional <\/li>\n<li><strong>Autor:<\/strong>\u00a0 Marcela Jonely De Lourdes Rivadeneira Valenzuela <\/li>\n<li><strong>Universidad:<\/strong>\u00a0 Pompeu fabra<\/li>\n<li><strong>Fecha de lectura de la tesis:<\/strong>\u00a0 02\/09\/2009<\/li>\n<\/ul>\n<p>&nbsp;<\/p>\n<h3>Direcci\u00f3n y tribunal<\/h3>\n<ul>\n<li><strong>Director de la tesis<\/strong>\n<ul>\n<li>Esteve Clua Julve<\/li>\n<\/ul>\n<\/li>\n<li><strong>Tribunal<\/strong>\n<ul>\n<li>Presidente del tribunal: m. paz Battaner arias <\/li>\n<li>alfredo Torrej\u00f3n (vocal)<\/li>\n<li>hans Goebl (vocal)<\/li>\n<li>Carlos e S\u00e1nchez lancis (vocal)<\/li>\n<\/ul>\n<\/li>\n<\/ul>\n<p>&nbsp;<\/p>\n","protected":false},"excerpt":{"rendered":"<p>Tesis doctoral de Marcela Jonely De Lourdes Rivadeneira Valenzuela Este trabajo se centra en el estudio del voseo en el [&hellip;]<\/p>\n","protected":false},"author":1,"featured_media":0,"comment_status":"open","ping_status":"open","sticky":false,"template":"","format":"standard","meta":{"site-sidebar-layout":"default","site-content-layout":"","ast-site-content-layout":"","site-content-style":"default","site-sidebar-style":"default","ast-global-header-display":"","ast-banner-title-visibility":"","ast-main-header-display":"","ast-hfb-above-header-display":"","ast-hfb-below-header-display":"","ast-hfb-mobile-header-display":"","site-post-title":"","ast-breadcrumbs-content":"","ast-featured-img":"","footer-sml-layout":"","theme-transparent-header-meta":"","adv-header-id-meta":"","stick-header-meta":"","header-above-stick-meta":"","header-main-stick-meta":"","header-below-stick-meta":"","astra-migrate-meta-layouts":"default","ast-page-background-enabled":"default","ast-page-background-meta":{"desktop":{"background-color":"var(--ast-global-color-4)","background-image":"","background-repeat":"repeat","background-position":"center center","background-size":"auto","background-attachment":"scroll","background-type":"","background-media":"","overlay-type":"","overlay-color":"","overlay-gradient":""},"tablet":{"background-color":"","background-image":"","background-repeat":"repeat","background-position":"center center","background-size":"auto","background-attachment":"scroll","background-type":"","background-media":"","overlay-type":"","overlay-color":"","overlay-gradient":""},"mobile":{"background-color":"","background-image":"","background-repeat":"repeat","background-position":"center center","background-size":"auto","background-attachment":"scroll","background-type":"","background-media":"","overlay-type":"","overlay-color":"","overlay-gradient":""}},"ast-content-background-meta":{"desktop":{"background-color":"var(--ast-global-color-5)","background-image":"","background-repeat":"repeat","background-position":"center center","background-size":"auto","background-attachment":"scroll","background-type":"","background-media":"","overlay-type":"","overlay-color":"","overlay-gradient":""},"tablet":{"background-color":"var(--ast-global-color-5)","background-image":"","background-repeat":"repeat","background-position":"center center","background-size":"auto","background-attachment":"scroll","background-type":"","background-media":"","overlay-type":"","overlay-color":"","overlay-gradient":""},"mobile":{"background-color":"var(--ast-global-color-5)","background-image":"","background-repeat":"repeat","background-position":"center center","background-size":"auto","background-attachment":"scroll","background-type":"","background-media":"","overlay-type":"","overlay-color":"","overlay-gradient":""}},"footnotes":""},"categories":[33499,59,62,18712,3676],"tags":[196843,124227,140864,196844,19749,196842],"class_list":["post-95747","post","type-post","status-publish","format-standard","hentry","category-geografia-linguistica","category-linguistica","category-linguistica-sincronica","category-pompeu-fabra","category-sociolinguistica","tag-alfredo-torrejon","tag-carlos-e-sanchez-lancis","tag-esteve-clua-julve","tag-hans-goebl","tag-m-paz-battaner-arias","tag-marcela-jonely-de-lourdes-rivadeneira-valenzuela"],"_links":{"self":[{"href":"https:\/\/www.deberes.net\/tesis\/wp-json\/wp\/v2\/posts\/95747","targetHints":{"allow":["GET"]}}],"collection":[{"href":"https:\/\/www.deberes.net\/tesis\/wp-json\/wp\/v2\/posts"}],"about":[{"href":"https:\/\/www.deberes.net\/tesis\/wp-json\/wp\/v2\/types\/post"}],"author":[{"embeddable":true,"href":"https:\/\/www.deberes.net\/tesis\/wp-json\/wp\/v2\/users\/1"}],"replies":[{"embeddable":true,"href":"https:\/\/www.deberes.net\/tesis\/wp-json\/wp\/v2\/comments?post=95747"}],"version-history":[{"count":0,"href":"https:\/\/www.deberes.net\/tesis\/wp-json\/wp\/v2\/posts\/95747\/revisions"}],"wp:attachment":[{"href":"https:\/\/www.deberes.net\/tesis\/wp-json\/wp\/v2\/media?parent=95747"}],"wp:term":[{"taxonomy":"category","embeddable":true,"href":"https:\/\/www.deberes.net\/tesis\/wp-json\/wp\/v2\/categories?post=95747"},{"taxonomy":"post_tag","embeddable":true,"href":"https:\/\/www.deberes.net\/tesis\/wp-json\/wp\/v2\/tags?post=95747"}],"curies":[{"name":"wp","href":"https:\/\/api.w.org\/{rel}","templated":true}]}}