{"id":95749,"date":"2009-03-09T00:00:00","date_gmt":"2009-03-09T00:00:00","guid":{"rendered":"https:\/\/www.deberes.net\/tesis\/sin-categoria\/rasgos-de-la-inmigracion-en-la-region-de-murcia-1991-2007\/"},"modified":"2009-03-09T00:00:00","modified_gmt":"2009-03-09T00:00:00","slug":"rasgos-de-la-inmigracion-en-la-region-de-murcia-1991-2007","status":"publish","type":"post","link":"https:\/\/www.deberes.net\/tesis\/geografia-humana\/rasgos-de-la-inmigracion-en-la-region-de-murcia-1991-2007\/","title":{"rendered":"Rasgos de la inmigraci\u00f3n en la regi\u00f3n de murcia (1991-2007)"},"content":{"rendered":"<h2>Tesis doctoral de <strong> Ramon Martinez Medina <\/strong><\/h2>\n<p>La inmigraci\u00f3n en la regi\u00f3n de murcia se ha convertido en un fen\u00f3meno de gran importancia desde los a\u00f1os finales del siglo xx a la actualidad. Frente a una tendencia emigratoria de la regi\u00f3n, que con las nuevas transformaciones agrarias a partir de los aprovechamientos de aguas subterr\u00e1neas y del trasvase, pr\u00e1cticamente hab\u00eda desaparecido. De pronto se invierte la tendencia, empezaron a llegar poco a poco grupos de magreb\u00edes a una abundante oferta de puestos trabajo en la actividad agr\u00edcola. Hasta que en el a\u00f1o 2000 se produce una intensificaci\u00f3n y diversificaci\u00f3n de las llegadas.  este fen\u00f3meno tiene una repercusi\u00f3n econ\u00f3mica indudable, pero adem\u00e1s  es visible para realidad de la sociedad regional. De ah\u00ed, el inter\u00e9s de acercarse al conocimiento de una parte de los aspectos que se desprenden de estas corrientes. en el caso que nos ocupa se trata de analizar como se reparten por el territorio, donde se asientan y porque ah\u00ed. Conociendo la distribuci\u00f3n en el espacio regional se han seleccionado los municipios que concentran el fen\u00f3meno y se ha pasado a analizar en profundidad su ubicaci\u00f3n en las distintas pedan\u00edas, barrios y secciones censales. El an\u00e1lisis estad\u00edstico acompa\u00f1ado del trabajo de campo permite conocer las singularidades de esta realidad y ha permitido resaltar la problem\u00e1tica que se ha ido introduciendo en el desarrollo de la vida cotidiana de las entidades municipales.<\/p>\n<p>&nbsp;<\/p>\n<h3>Datos acad\u00e9micos de la tesis doctoral \u00ab<strong>Rasgos de la inmigraci\u00f3n en la regi\u00f3n de murcia (1991-2007)<\/strong>\u00ab<\/h3>\n<ul>\n<li><strong>T\u00edtulo de la tesis:<\/strong>\u00a0 Rasgos de la inmigraci\u00f3n en la regi\u00f3n de murcia (1991-2007) <\/li>\n<li><strong>Autor:<\/strong>\u00a0 Ramon Martinez Medina <\/li>\n<li><strong>Universidad:<\/strong>\u00a0 Murcia<\/li>\n<li><strong>Fecha de lectura de la tesis:<\/strong>\u00a0 03\/09\/2009<\/li>\n<\/ul>\n<p>&nbsp;<\/p>\n<h3>Direcci\u00f3n y tribunal<\/h3>\n<ul>\n<li><strong>Director de la tesis<\/strong>\n<ul>\n<li>Jos\u00e9 Mar\u00eda Gomez Espin<\/li>\n<\/ul>\n<\/li>\n<li><strong>Tribunal<\/strong>\n<ul>\n<li>Presidente del tribunal: Francisco Calvo Garc\u00eda-tornel <\/li>\n<li>gregorio Canales mart\u00ednez (vocal)<\/li>\n<li>felipe Leco berrocal (vocal)<\/li>\n<li>Antonio P\u00e9rez d\u00edaz (vocal)<\/li>\n<\/ul>\n<\/li>\n<\/ul>\n<p>&nbsp;<\/p>\n","protected":false},"excerpt":{"rendered":"<p>Tesis doctoral de Ramon Martinez Medina La inmigraci\u00f3n en la regi\u00f3n de murcia se ha convertido en un fen\u00f3meno de [&hellip;]<\/p>\n","protected":false},"author":1,"featured_media":0,"comment_status":"open","ping_status":"open","sticky":false,"template":"","format":"standard","meta":{"site-sidebar-layout":"default","site-content-layout":"","ast-site-content-layout":"","site-content-style":"default","site-sidebar-style":"default","ast-global-header-display":"","ast-banner-title-visibility":"","ast-main-header-display":"","ast-hfb-above-header-display":"","ast-hfb-below-header-display":"","ast-hfb-mobile-header-display":"","site-post-title":"","ast-breadcrumbs-content":"","ast-featured-img":"","footer-sml-layout":"","theme-transparent-header-meta":"","adv-header-id-meta":"","stick-header-meta":"","header-above-stick-meta":"","header-main-stick-meta":"","header-below-stick-meta":"","astra-migrate-meta-layouts":"default","ast-page-background-enabled":"default","ast-page-background-meta":{"desktop":{"background-color":"var(--ast-global-color-4)","background-image":"","background-repeat":"repeat","background-position":"center center","background-size":"auto","background-attachment":"scroll","background-type":"","background-media":"","overlay-type":"","overlay-color":"","overlay-gradient":""},"tablet":{"background-color":"","background-image":"","background-repeat":"repeat","background-position":"center center","background-size":"auto","background-attachment":"scroll","background-type":"","background-media":"","overlay-type":"","overlay-color":"","overlay-gradient":""},"mobile":{"background-color":"","background-image":"","background-repeat":"repeat","background-position":"center center","background-size":"auto","background-attachment":"scroll","background-type":"","background-media":"","overlay-type":"","overlay-color":"","overlay-gradient":""}},"ast-content-background-meta":{"desktop":{"background-color":"var(--ast-global-color-5)","background-image":"","background-repeat":"repeat","background-position":"center center","background-size":"auto","background-attachment":"scroll","background-type":"","background-media":"","overlay-type":"","overlay-color":"","overlay-gradient":""},"tablet":{"background-color":"var(--ast-global-color-5)","background-image":"","background-repeat":"repeat","background-position":"center center","background-size":"auto","background-attachment":"scroll","background-type":"","background-media":"","overlay-type":"","overlay-color":"","overlay-gradient":""},"mobile":{"background-color":"var(--ast-global-color-5)","background-image":"","background-repeat":"repeat","background-position":"center center","background-size":"auto","background-attachment":"scroll","background-type":"","background-media":"","overlay-type":"","overlay-color":"","overlay-gradient":""}},"footnotes":""},"categories":[1401,3090,8235],"tags":[196848,19527,8390,8524,19356,196847],"class_list":["post-95749","post","type-post","status-publish","format-standard","hentry","category-geografia-humana","category-geografia-regional","category-murcia","tag-antonio-perez-diaz","tag-felipe-leco-berrocal","tag-francisco-calvo-garcia-tornel","tag-gregorio-canales-Martinez","tag-jose-maria-gomez-espin","tag-ramon-Martinez-medina"],"_links":{"self":[{"href":"https:\/\/www.deberes.net\/tesis\/wp-json\/wp\/v2\/posts\/95749","targetHints":{"allow":["GET"]}}],"collection":[{"href":"https:\/\/www.deberes.net\/tesis\/wp-json\/wp\/v2\/posts"}],"about":[{"href":"https:\/\/www.deberes.net\/tesis\/wp-json\/wp\/v2\/types\/post"}],"author":[{"embeddable":true,"href":"https:\/\/www.deberes.net\/tesis\/wp-json\/wp\/v2\/users\/1"}],"replies":[{"embeddable":true,"href":"https:\/\/www.deberes.net\/tesis\/wp-json\/wp\/v2\/comments?post=95749"}],"version-history":[{"count":0,"href":"https:\/\/www.deberes.net\/tesis\/wp-json\/wp\/v2\/posts\/95749\/revisions"}],"wp:attachment":[{"href":"https:\/\/www.deberes.net\/tesis\/wp-json\/wp\/v2\/media?parent=95749"}],"wp:term":[{"taxonomy":"category","embeddable":true,"href":"https:\/\/www.deberes.net\/tesis\/wp-json\/wp\/v2\/categories?post=95749"},{"taxonomy":"post_tag","embeddable":true,"href":"https:\/\/www.deberes.net\/tesis\/wp-json\/wp\/v2\/tags?post=95749"}],"curies":[{"name":"wp","href":"https:\/\/api.w.org\/{rel}","templated":true}]}}