{"id":95757,"date":"2009-03-09T00:00:00","date_gmt":"2009-03-09T00:00:00","guid":{"rendered":"https:\/\/www.deberes.net\/tesis\/sin-categoria\/el-acontecer-urbano-un-paseo-por-la-fisonoma%c2%ada-de-la-ciudad\/"},"modified":"2009-03-09T00:00:00","modified_gmt":"2009-03-09T00:00:00","slug":"el-acontecer-urbano-un-paseo-por-la-fisonoma%c2%ada-de-la-ciudad","status":"publish","type":"post","link":"https:\/\/www.deberes.net\/tesis\/escultura\/el-acontecer-urbano-un-paseo-por-la-fisonoma%c2%ada-de-la-ciudad\/","title":{"rendered":"El acontecer urbano. un paseo por la fisonom\u00edade la ciudad"},"content":{"rendered":"<h2>Tesis doctoral de <strong> Mar\u00eda Bego\u00f1a Paz Garc\u00eda <\/strong><\/h2>\n<p>Hacemos un paseo por los acontecimientos est\u00e9ticos que describen la ciudad contemp\u00f3ranea. Desde la visi\u00f3n art\u00edstica proponemos un estudio sensible y perceptivo de la forma en que se configura la urbe. una visi\u00f3n cr\u00edtica, una reflexi\u00f3n como motor de la intervenci\u00f3n art\u00edstica constructura del habitat urbano. una sinfon\u00eda de miradas de diferentes disciplinas (arte, arquitectura, urbanismo, filosof\u00eda&#8230;) la ciudad como obra que se hace cada d\u00eda.<\/p>\n<p>&nbsp;<\/p>\n<h3>Datos acad\u00e9micos de la tesis doctoral \u00ab<strong>El acontecer urbano. un paseo por la fisonom\u00edade la ciudad<\/strong>\u00ab<\/h3>\n<ul>\n<li><strong>T\u00edtulo de la tesis:<\/strong>\u00a0 El acontecer urbano. un paseo por la fisonom\u00edade la ciudad <\/li>\n<li><strong>Autor:<\/strong>\u00a0 Mar\u00eda Bego\u00f1a Paz Garc\u00eda <\/li>\n<li><strong>Universidad:<\/strong>\u00a0 Vigo<\/li>\n<li><strong>Fecha de lectura de la tesis:<\/strong>\u00a0 03\/09\/2009<\/li>\n<\/ul>\n<p>&nbsp;<\/p>\n<h3>Direcci\u00f3n y tribunal<\/h3>\n<ul>\n<li><strong>Director de la tesis<\/strong>\n<ul>\n<li>Juan  Carlos Roman Redondo<\/li>\n<\/ul>\n<\/li>\n<li><strong>Tribunal<\/strong>\n<ul>\n<li>Presidente del tribunal: Juan  Fernando de la Iglesia gonzalez de pereda <\/li>\n<li>M\u00aa helena Teixeira maia (vocal)<\/li>\n<li>ramon Rodr\u00edguez llera (vocal)<\/li>\n<li>dario \u00e1lvarez \u00e1lvarez (vocal)<\/li>\n<\/ul>\n<\/li>\n<\/ul>\n<p>&nbsp;<\/p>\n","protected":false},"excerpt":{"rendered":"<p>Tesis doctoral de Mar\u00eda Bego\u00f1a Paz Garc\u00eda Hacemos un paseo por los acontecimientos est\u00e9ticos que describen la ciudad contemp\u00f3ranea. Desde [&hellip;]<\/p>\n","protected":false},"author":1,"featured_media":0,"comment_status":"open","ping_status":"open","sticky":false,"template":"","format":"standard","meta":{"site-sidebar-layout":"default","site-content-layout":"","ast-site-content-layout":"","site-content-style":"default","site-sidebar-style":"default","ast-global-header-display":"","ast-banner-title-visibility":"","ast-main-header-display":"","ast-hfb-above-header-display":"","ast-hfb-below-header-display":"","ast-hfb-mobile-header-display":"","site-post-title":"","ast-breadcrumbs-content":"","ast-featured-img":"","footer-sml-layout":"","theme-transparent-header-meta":"","adv-header-id-meta":"","stick-header-meta":"","header-above-stick-meta":"","header-main-stick-meta":"","header-below-stick-meta":"","astra-migrate-meta-layouts":"default","ast-page-background-enabled":"default","ast-page-background-meta":{"desktop":{"background-color":"var(--ast-global-color-4)","background-image":"","background-repeat":"repeat","background-position":"center center","background-size":"auto","background-attachment":"scroll","background-type":"","background-media":"","overlay-type":"","overlay-color":"","overlay-gradient":""},"tablet":{"background-color":"","background-image":"","background-repeat":"repeat","background-position":"center center","background-size":"auto","background-attachment":"scroll","background-type":"","background-media":"","overlay-type":"","overlay-color":"","overlay-gradient":""},"mobile":{"background-color":"","background-image":"","background-repeat":"repeat","background-position":"center center","background-size":"auto","background-attachment":"scroll","background-type":"","background-media":"","overlay-type":"","overlay-color":"","overlay-gradient":""}},"ast-content-background-meta":{"desktop":{"background-color":"var(--ast-global-color-5)","background-image":"","background-repeat":"repeat","background-position":"center center","background-size":"auto","background-attachment":"scroll","background-type":"","background-media":"","overlay-type":"","overlay-color":"","overlay-gradient":""},"tablet":{"background-color":"var(--ast-global-color-5)","background-image":"","background-repeat":"repeat","background-position":"center center","background-size":"auto","background-attachment":"scroll","background-type":"","background-media":"","overlay-type":"","overlay-color":"","overlay-gradient":""},"mobile":{"background-color":"var(--ast-global-color-5)","background-image":"","background-repeat":"repeat","background-position":"center center","background-size":"auto","background-attachment":"scroll","background-type":"","background-media":"","overlay-type":"","overlay-color":"","overlay-gradient":""}},"footnotes":""},"categories":[12564,4363,4510,5371,18657],"tags":[16078,150098,4367,196870,196871,10446],"class_list":["post-95757","post","type-post","status-publish","format-standard","hentry","category-diseno-arquitectonico","category-escultura","category-estetica-de-las-bellas-artes","category-urbanismo","category-vigo","tag-dario-alvarez-alvarez","tag-juan-carlos-roman-redondo","tag-juan-fernando-de-la-iglesia-gonzalez-de-pereda","tag-maria-begona-paz-garcia","tag-ma-helena-teixeira-maia","tag-ramon-rodriguez-llera"],"_links":{"self":[{"href":"https:\/\/www.deberes.net\/tesis\/wp-json\/wp\/v2\/posts\/95757","targetHints":{"allow":["GET"]}}],"collection":[{"href":"https:\/\/www.deberes.net\/tesis\/wp-json\/wp\/v2\/posts"}],"about":[{"href":"https:\/\/www.deberes.net\/tesis\/wp-json\/wp\/v2\/types\/post"}],"author":[{"embeddable":true,"href":"https:\/\/www.deberes.net\/tesis\/wp-json\/wp\/v2\/users\/1"}],"replies":[{"embeddable":true,"href":"https:\/\/www.deberes.net\/tesis\/wp-json\/wp\/v2\/comments?post=95757"}],"version-history":[{"count":0,"href":"https:\/\/www.deberes.net\/tesis\/wp-json\/wp\/v2\/posts\/95757\/revisions"}],"wp:attachment":[{"href":"https:\/\/www.deberes.net\/tesis\/wp-json\/wp\/v2\/media?parent=95757"}],"wp:term":[{"taxonomy":"category","embeddable":true,"href":"https:\/\/www.deberes.net\/tesis\/wp-json\/wp\/v2\/categories?post=95757"},{"taxonomy":"post_tag","embeddable":true,"href":"https:\/\/www.deberes.net\/tesis\/wp-json\/wp\/v2\/tags?post=95757"}],"curies":[{"name":"wp","href":"https:\/\/api.w.org\/{rel}","templated":true}]}}