{"id":95765,"date":"2009-04-09T00:00:00","date_gmt":"2009-04-09T00:00:00","guid":{"rendered":"https:\/\/www.deberes.net\/tesis\/sin-categoria\/longevidad-discapacidad-y-dependencia-en-la-c-a-de-euskadi-una-aproximacion-demografica\/"},"modified":"2009-04-09T00:00:00","modified_gmt":"2009-04-09T00:00:00","slug":"longevidad-discapacidad-y-dependencia-en-la-c-a-de-euskadi-una-aproximacion-demografica","status":"publish","type":"post","link":"https:\/\/www.deberes.net\/tesis\/demografia\/longevidad-discapacidad-y-dependencia-en-la-c-a-de-euskadi-una-aproximacion-demografica\/","title":{"rendered":"Longevidad, discapacidad y dependencia en la c.a. de euskadi: una aproximaci\u00f3n demogr\u00e1fica"},"content":{"rendered":"<h2>Tesis doctoral de <strong> Ainhoa Alustiza Galarza <\/strong><\/h2>\n<p>Esta tesis doctoral culmina un proceso sostenido de formaci\u00f3n en el an\u00e1lisis sociol\u00f3gico y estad\u00edstico de las poblaciones, y particularmente de los temas relacionados con la vejez, su salud y la manera de paliar los problemas generados por la discapacidad. La encuesta de discapacidades, deficiencias y estado de salud 1999, en su muestra dedicada a la comunidad aut\u00f3noma de euskadi, es precisamente la fuente principal de microdatos sobre la que se trabaja para explorar la interrelaci\u00f3n entre los cambios demogr\u00e1ficos, la situaci\u00f3n actual de la discapacidad y la dependencia, y sus posibles desarrollos futuros.  la tesis se estructura en base a tres grandes ejes de investigaci\u00f3n: el descenso de la mortalidad, el an\u00e1lisis de la discapacidad y de la dependencia. El retroceso de las defunciones hasta las edades adultas y maduras ha permitido el advenimiento de la madurez de masas y la llegada de un importante n\u00famero de efectivos generacionales a edades avanzadas. Este logro, uno de los m\u00e1s importantes del siglo xx, ha sido acompa\u00f1ado por un creciente n\u00famero de personas con problemas asociados al estado de salud, y m\u00e1s concretamente, a las capacidades funcionales. La preValencia de la discapacidad y la dependencia se incrementa conforme va aumentando la edad. Por consiguiente, cuanto mayor es el n\u00famero de personas mayores en una sociedad, tambi\u00e9n lo es el n\u00famero de personas aquejadas por alg\u00fan problema funcional.  el objetivo general de este trabajo de investigaci\u00f3n pretende construir una imagen de c\u00f3mo ser\u00e1 la sociedad vasca futura tras el advenimiento de la madurez de masas, en relaci\u00f3n a varios factores asociados al aumento del n\u00famero de personas en edades avanzadas: la preValencia de la discapacidad, la dependencia y la demanda generada por \u00e9sta. para cumplir con los objetivos planteados, la tesis incluye una labor previa de contextualizaci\u00f3n hist\u00f3rica, te\u00f3rica y metodol\u00f3gica, en la que se ha recurrido de forma exhaustiva a la literatura nacional e internacional m\u00e1s relevante. As\u00ed, el trabajo aporta una visi\u00f3n exhaustiva del desarrollo hist\u00f3rico de las definiciones y categor\u00edas principales con que se investiga actualmente la salud y la discapacidad en t\u00e9rminos agregados, y las fuentes y literatura existentes sobre la historia y situaci\u00f3n actual de la c.A. De euskadi en esta materia. Asimismo, se ha estudiado la evoluci\u00f3n pol\u00edtica y legislativa relativa a la protecci\u00f3n de la dependencia en dicha comunidad. La reciente aprobaci\u00f3n de nuevas leyes orientadas a la protecci\u00f3n de la poblaci\u00f3n en situaci\u00f3n de dependencia ha permitido valorar sus perspectivas futuras y realizar propuestas al respeto.  la recogida y la descripci\u00f3n de las series hist\u00f3ricas de los principales fen\u00f3menos demogr\u00e1ficos en la poblaci\u00f3n objeto de estudio y la construcci\u00f3n propia de indicadores esenciales, domo las tablas de mortalidad han podido enmarcar la hist\u00f3rica llegada de un importante n\u00famero de efectivos generacionales a edades avanzadas. El estudio de la poblaci\u00f3n con discapacidad y en situaci\u00f3n de dependencia, as\u00ed como la demanda asistencial que genera han sido los fen\u00f3menos estudiados con m\u00e1s exhaustividad. La identificaci\u00f3n de los cuidadores por parte de la encuesta ha permitido indagar sobre el perfil de las personas que prestan ayuda, sobre las caracter\u00edsticas del cuidado que proporcionan y las implicaciones y costes que esta tarea puede tener sobre ellos. el resultado de las reflexiones realizadas en cada uno de estos cap\u00edtulos toma forma al final de la tesis, en la que a trav\u00e9s del planteamiento de diversas hip\u00f3tesis, se han realizado proyecciones de poblaci\u00f3n que han permitido estimar diversos escenarios futuros sobre la preValencia de la discapacidad y dependencia.  los resultados pueden resultar de gran inter\u00e9s para la c.A. De euskadi cuya poblaci\u00f3n es objeto de estudio, y en particular para el gobierno vasco, que decidi\u00f3 apoyar en su d\u00eda la formaci\u00f3n investigadora que ahora se traduce en un trabajo de utilidad para asesorar y documentar sus propias pol\u00edticas en materia de vejez, salud y apoyo a la dependencia.<\/p>\n<p>&nbsp;<\/p>\n<h3>Datos acad\u00e9micos de la tesis doctoral \u00ab<strong>Longevidad, discapacidad y dependencia en la c.a. de euskadi: una aproximaci\u00f3n demogr\u00e1fica<\/strong>\u00ab<\/h3>\n<ul>\n<li><strong>T\u00edtulo de la tesis:<\/strong>\u00a0 Longevidad, discapacidad y dependencia en la c.a. de euskadi: una aproximaci\u00f3n demogr\u00e1fica <\/li>\n<li><strong>Autor:<\/strong>\u00a0 Ainhoa Alustiza Galarza <\/li>\n<li><strong>Universidad:<\/strong>\u00a0 Aut\u00f3noma de barcelona<\/li>\n<li><strong>Fecha de lectura de la tesis:<\/strong>\u00a0 04\/09\/2009<\/li>\n<\/ul>\n<p>&nbsp;<\/p>\n<h3>Direcci\u00f3n y tribunal<\/h3>\n<ul>\n<li><strong>Director de la tesis<\/strong>\n<ul>\n<li>Anna Cabr\u00e9 Pla<\/li>\n<\/ul>\n<\/li>\n<li><strong>Tribunal<\/strong>\n<ul>\n<li>Presidente del tribunal: Antonio Abellan garcia <\/li>\n<li>john Mcinnes (vocal)<\/li>\n<li>  (vocal)<\/li>\n<li>  (vocal)<\/li>\n<\/ul>\n<\/li>\n<\/ul>\n<p>&nbsp;<\/p>\n","protected":false},"excerpt":{"rendered":"<p>Tesis doctoral de Ainhoa Alustiza Galarza Esta tesis doctoral culmina un proceso sostenido de formaci\u00f3n en el an\u00e1lisis sociol\u00f3gico y [&hellip;]<\/p>\n","protected":false},"author":1,"featured_media":0,"comment_status":"open","ping_status":"open","sticky":false,"template":"","format":"standard","meta":{"site-sidebar-layout":"default","site-content-layout":"","ast-site-content-layout":"","site-content-style":"default","site-sidebar-style":"default","ast-global-header-display":"","ast-banner-title-visibility":"","ast-main-header-display":"","ast-hfb-above-header-display":"","ast-hfb-below-header-display":"","ast-hfb-mobile-header-display":"","site-post-title":"","ast-breadcrumbs-content":"","ast-featured-img":"","footer-sml-layout":"","theme-transparent-header-meta":"","adv-header-id-meta":"","stick-header-meta":"","header-above-stick-meta":"","header-main-stick-meta":"","header-below-stick-meta":"","astra-migrate-meta-layouts":"default","ast-page-background-enabled":"default","ast-page-background-meta":{"desktop":{"background-color":"var(--ast-global-color-4)","background-image":"","background-repeat":"repeat","background-position":"center center","background-size":"auto","background-attachment":"scroll","background-type":"","background-media":"","overlay-type":"","overlay-color":"","overlay-gradient":""},"tablet":{"background-color":"","background-image":"","background-repeat":"repeat","background-position":"center center","background-size":"auto","background-attachment":"scroll","background-type":"","background-media":"","overlay-type":"","overlay-color":"","overlay-gradient":""},"mobile":{"background-color":"","background-image":"","background-repeat":"repeat","background-position":"center center","background-size":"auto","background-attachment":"scroll","background-type":"","background-media":"","overlay-type":"","overlay-color":"","overlay-gradient":""}},"ast-content-background-meta":{"desktop":{"background-color":"var(--ast-global-color-5)","background-image":"","background-repeat":"repeat","background-position":"center center","background-size":"auto","background-attachment":"scroll","background-type":"","background-media":"","overlay-type":"","overlay-color":"","overlay-gradient":""},"tablet":{"background-color":"var(--ast-global-color-5)","background-image":"","background-repeat":"repeat","background-position":"center center","background-size":"auto","background-attachment":"scroll","background-type":"","background-media":"","overlay-type":"","overlay-color":"","overlay-gradient":""},"mobile":{"background-color":"var(--ast-global-color-5)","background-image":"","background-repeat":"repeat","background-position":"center center","background-size":"auto","background-attachment":"scroll","background-type":"","background-media":"","overlay-type":"","overlay-color":"","overlay-gradient":""}},"footnotes":""},"categories":[1066,4697,56648,11824],"tags":[196886,34104,7224,196887],"class_list":["post-95765","post","type-post","status-publish","format-standard","hentry","category-demografia","category-envejecimiento-de-la-poblacion","category-minusvalia","category-mortalidad","tag-ainhoa-alustiza-galarza","tag-anna-cabre-pla","tag-antonio-abellan-garcia","tag-john-mcinnes"],"_links":{"self":[{"href":"https:\/\/www.deberes.net\/tesis\/wp-json\/wp\/v2\/posts\/95765","targetHints":{"allow":["GET"]}}],"collection":[{"href":"https:\/\/www.deberes.net\/tesis\/wp-json\/wp\/v2\/posts"}],"about":[{"href":"https:\/\/www.deberes.net\/tesis\/wp-json\/wp\/v2\/types\/post"}],"author":[{"embeddable":true,"href":"https:\/\/www.deberes.net\/tesis\/wp-json\/wp\/v2\/users\/1"}],"replies":[{"embeddable":true,"href":"https:\/\/www.deberes.net\/tesis\/wp-json\/wp\/v2\/comments?post=95765"}],"version-history":[{"count":0,"href":"https:\/\/www.deberes.net\/tesis\/wp-json\/wp\/v2\/posts\/95765\/revisions"}],"wp:attachment":[{"href":"https:\/\/www.deberes.net\/tesis\/wp-json\/wp\/v2\/media?parent=95765"}],"wp:term":[{"taxonomy":"category","embeddable":true,"href":"https:\/\/www.deberes.net\/tesis\/wp-json\/wp\/v2\/categories?post=95765"},{"taxonomy":"post_tag","embeddable":true,"href":"https:\/\/www.deberes.net\/tesis\/wp-json\/wp\/v2\/tags?post=95765"}],"curies":[{"name":"wp","href":"https:\/\/api.w.org\/{rel}","templated":true}]}}