{"id":95800,"date":"2009-08-09T00:00:00","date_gmt":"2009-08-09T00:00:00","guid":{"rendered":"https:\/\/www.deberes.net\/tesis\/sin-categoria\/rawls-habermas-las-mascaras-eticas-de-lo-pola%c2%adtico\/"},"modified":"2009-08-09T00:00:00","modified_gmt":"2009-08-09T00:00:00","slug":"rawls-habermas-las-mascaras-eticas-de-lo-pola%c2%adtico","status":"publish","type":"post","link":"https:\/\/www.deberes.net\/tesis\/filosofia-de-las-ciencias-sociales\/rawls-habermas-las-mascaras-eticas-de-lo-pola%c2%adtico\/","title":{"rendered":"Rawls-habermas: las m\u00e1scaras \u00e9ticas de lo pol\u00edtico"},"content":{"rendered":"<h2>Tesis doctoral de <strong> Fernando P\u00e9rez-borbujo \u00e1lvarez <\/strong><\/h2>\n<p>La presente tesis doctoral aborda la pol\u00e9mica que, en la d\u00e9cada de los noventa, tuvo lugar entre rawls y habermas, dos de los representantes m\u00e1s importantes de la teor\u00eda pol\u00edtica contempor\u00e1nea. Dicha disputa p\u00fablica nos permitir\u00e1 estudiar los presupuestos te\u00f3ricos de ambos pensadores, su diferente concepci\u00f3n de las relaciones entre las esferas de lo pol\u00edtico, lo religioso y lo \u00e9tico en el marco de la formulaci\u00f3n de una teor\u00eda racional de lo pol\u00edtico. Los dos pensadores, representantes epigonales de una ilustraci\u00f3n oto\u00f1al y en crisis, intentan confrontar el paradigma de un modelo racional de justificaci\u00f3n del poder pol\u00edtico con los nuevos retos del mundo contempor\u00e1neo: el pluralismo religioso, el multiculturalismo, los nacionalismos emergentes y los derechos de las minor\u00edas. El estudio de la evoluci\u00f3n de esta confrontaci\u00f3n nos permitir\u00e1 ofrecer una nueva imagen del pensamiento de rawls y habermas, as\u00ed como elaborar una cr\u00edtica de la teor\u00eda pol\u00edtica contempor\u00e1nea, procedimentalista y formalista, volviendo a  reformular la esencia de lo pol\u00edtico.<\/p>\n<p>&nbsp;<\/p>\n<h3>Datos acad\u00e9micos de la tesis doctoral \u00ab<strong>Rawls-habermas: las m\u00e1scaras \u00e9ticas de lo pol\u00edtico<\/strong>\u00ab<\/h3>\n<ul>\n<li><strong>T\u00edtulo de la tesis:<\/strong>\u00a0 Rawls-habermas: las m\u00e1scaras \u00e9ticas de lo pol\u00edtico <\/li>\n<li><strong>Autor:<\/strong>\u00a0 Fernando P\u00e9rez-borbujo \u00e1lvarez <\/li>\n<li><strong>Universidad:<\/strong>\u00a0 Pompeu fabra<\/li>\n<li><strong>Fecha de lectura de la tesis:<\/strong>\u00a0 08\/09\/2009<\/li>\n<\/ul>\n<p>&nbsp;<\/p>\n<h3>Direcci\u00f3n y tribunal<\/h3>\n<ul>\n<li><strong>Director de la tesis<\/strong>\n<ul>\n<li>Ferran Requejo Coll<\/li>\n<\/ul>\n<\/li>\n<li><strong>Tribunal<\/strong>\n<ul>\n<li>Presidente del tribunal: fernando Vallesp\u00edn o\u00f1a <\/li>\n<li>Antonio Rivera garcia (vocal)<\/li>\n<li>sonia fatima Arribas verdugo (vocal)<\/li>\n<li>joan Verges  gifra (vocal)<\/li>\n<\/ul>\n<\/li>\n<\/ul>\n<p>&nbsp;<\/p>\n","protected":false},"excerpt":{"rendered":"<p>Tesis doctoral de Fernando P\u00e9rez-borbujo \u00e1lvarez La presente tesis doctoral aborda la pol\u00e9mica que, en la d\u00e9cada de los noventa, [&hellip;]<\/p>\n","protected":false},"author":1,"featured_media":0,"comment_status":"open","ping_status":"open","sticky":false,"template":"","format":"standard","meta":{"site-sidebar-layout":"default","site-content-layout":"","ast-site-content-layout":"","site-content-style":"default","site-sidebar-style":"default","ast-global-header-display":"","ast-banner-title-visibility":"","ast-main-header-display":"","ast-hfb-above-header-display":"","ast-hfb-below-header-display":"","ast-hfb-mobile-header-display":"","site-post-title":"","ast-breadcrumbs-content":"","ast-featured-img":"","footer-sml-layout":"","theme-transparent-header-meta":"","adv-header-id-meta":"","stick-header-meta":"","header-above-stick-meta":"","header-main-stick-meta":"","header-below-stick-meta":"","astra-migrate-meta-layouts":"default","ast-page-background-enabled":"default","ast-page-background-meta":{"desktop":{"background-color":"var(--ast-global-color-4)","background-image":"","background-repeat":"repeat","background-position":"center center","background-size":"auto","background-attachment":"scroll","background-type":"","background-media":"","overlay-type":"","overlay-color":"","overlay-gradient":""},"tablet":{"background-color":"","background-image":"","background-repeat":"repeat","background-position":"center center","background-size":"auto","background-attachment":"scroll","background-type":"","background-media":"","overlay-type":"","overlay-color":"","overlay-gradient":""},"mobile":{"background-color":"","background-image":"","background-repeat":"repeat","background-position":"center center","background-size":"auto","background-attachment":"scroll","background-type":"","background-media":"","overlay-type":"","overlay-color":"","overlay-gradient":""}},"ast-content-background-meta":{"desktop":{"background-color":"var(--ast-global-color-5)","background-image":"","background-repeat":"repeat","background-position":"center center","background-size":"auto","background-attachment":"scroll","background-type":"","background-media":"","overlay-type":"","overlay-color":"","overlay-gradient":""},"tablet":{"background-color":"var(--ast-global-color-5)","background-image":"","background-repeat":"repeat","background-position":"center center","background-size":"auto","background-attachment":"scroll","background-type":"","background-media":"","overlay-type":"","overlay-color":"","overlay-gradient":""},"mobile":{"background-color":"var(--ast-global-color-5)","background-image":"","background-repeat":"repeat","background-position":"center center","background-size":"auto","background-attachment":"scroll","background-type":"","background-media":"","overlay-type":"","overlay-color":"","overlay-gradient":""}},"footnotes":""},"categories":[8646,5250,11777,6008,18712],"tags":[93804,183889,15164,47369,78676,71272],"class_list":["post-95800","post","type-post","status-publish","format-standard","hentry","category-etica","category-filosofia-de-las-ciencias-sociales","category-filosofia-del-derecho","category-filosofia-politica","category-pompeu-fabra","tag-antonio-rivera-garcia","tag-fernando-perez-borbujo-alvarez","tag-fernando-vallespin-ona","tag-ferran-requejo-coll","tag-joan-verges-gifra","tag-sonia-fatima-arribas-verdugo"],"_links":{"self":[{"href":"https:\/\/www.deberes.net\/tesis\/wp-json\/wp\/v2\/posts\/95800","targetHints":{"allow":["GET"]}}],"collection":[{"href":"https:\/\/www.deberes.net\/tesis\/wp-json\/wp\/v2\/posts"}],"about":[{"href":"https:\/\/www.deberes.net\/tesis\/wp-json\/wp\/v2\/types\/post"}],"author":[{"embeddable":true,"href":"https:\/\/www.deberes.net\/tesis\/wp-json\/wp\/v2\/users\/1"}],"replies":[{"embeddable":true,"href":"https:\/\/www.deberes.net\/tesis\/wp-json\/wp\/v2\/comments?post=95800"}],"version-history":[{"count":0,"href":"https:\/\/www.deberes.net\/tesis\/wp-json\/wp\/v2\/posts\/95800\/revisions"}],"wp:attachment":[{"href":"https:\/\/www.deberes.net\/tesis\/wp-json\/wp\/v2\/media?parent=95800"}],"wp:term":[{"taxonomy":"category","embeddable":true,"href":"https:\/\/www.deberes.net\/tesis\/wp-json\/wp\/v2\/categories?post=95800"},{"taxonomy":"post_tag","embeddable":true,"href":"https:\/\/www.deberes.net\/tesis\/wp-json\/wp\/v2\/tags?post=95800"}],"curies":[{"name":"wp","href":"https:\/\/api.w.org\/{rel}","templated":true}]}}