{"id":95807,"date":"2009-08-09T00:00:00","date_gmt":"2009-08-09T00:00:00","guid":{"rendered":""},"modified":"2009-08-09T00:00:00","modified_gmt":"2009-08-09T00:00:00","slug":"desarrollo-de-un-sistema-de-medida-de-la-extincion-de-la-luz-solar-en-medios-acuaticos-caracterizacion-de-la-composicion-y-distribucion-de-las-particulas-suspendidas-a-lo-largo-de-la-comuna-de-agua","status":"publish","type":"post","link":"https:\/\/www.deberes.net\/tesis\/calidad-de-las-aguas\/desarrollo-de-un-sistema-de-medida-de-la-extincion-de-la-luz-solar-en-medios-acuaticos-caracterizacion-de-la-composicion-y-distribucion-de-las-particulas-suspendidas-a-lo-largo-de-la-comuna-de-agua\/","title":{"rendered":"Desarrollo de un sistema de medida de la extinci\u00f3n de la luz solar en medios acu\u00e1ticos. caracterizaci\u00f3n de la composici\u00f3n y distribuci\u00f3n de las particulas suspendidas a lo largo de la comuna de agua"},"content":{"rendered":"<h2>Tesis doctoral de <strong> Francisco Javier Iba\u00f1ez Civera <\/strong><\/h2>\n<p>La directiva marco del agua de la uni\u00f3n europea obliga a los pa\u00edses miembros a realizar controles sistem\u00e1ticos de la calidad de las aguas, tanto costeras como continentales y subterr\u00e1neas. Estos controles suponen una fuerte inversi\u00f3n de recursos, econ\u00f3micos y humanos en las labores de muestreo, transporte  y posterior an\u00e1lisis de las aguas recogidas.  \tla utilizaci\u00f3n de instrumentos que puedan realizar una estimaci\u00f3n del estado del agua de forma instant\u00e1nea e \u00abin situ\u00bb, permitir\u00e1, por una parte, disminuir los costes al poder seleccionar en el momento aquellos puntos de muestreo que presenten anomal\u00edas y por otra, incrementar las dimensiones del \u00e1rea muestreada al disminuir el n\u00famero de muestras recogidas en cada zona. \tla presente tesis doctoral pretende avanzar en este sentido desarrollando un nuevo instrumento para la medida del coeficiente de extinci\u00f3n de la luz en la columna de agua como una medida m\u00e1s del estado de la masa l\u00edquida. \ten la memoria se describen las bases de dise\u00f1o del instrumento, denominado luzex, que mediante la utilizaci\u00f3n de cinco fotodiodos comerciales permite obtener los coeficientes de extinci\u00f3n de la luz en el agua en las cinco bandas de longitud de onda correspondientes: ultravioleta a (uva), azul (b), verde (g), rojo (r) e  infrarrojo cercano (ir). \tla informaci\u00f3n suministrada por el luzex posibilita la detecci\u00f3n de discontinuidades en las caracter\u00edsticas de la columna de agua y, debido a su precisi\u00f3n espacial, del orden de 2 cm, se puede utilizar en aguas someras donde son de dif\u00edcil aplicaci\u00f3n otros instrumentos de medida \u00abin situ\u00bb. \ta trav\u00e9s de un procesado posterior de la informaci\u00f3n, los coeficientes de extinci\u00f3n pueden utilizarse para la determinaci\u00f3n de los componentes m\u00e1s importantes que afectan a la atenuaci\u00f3n de la luz en el agua: materia org\u00e1nica disuelta, fitoplancton y s\u00f3lidos suspendidos. En este sentido, se presentan, a modo de experiencias piloto, los resultados de tres zonas diferentes: la pluma de almenara, con aportaciones terrestres, la albufera de Valencia (lago con elevado grado de eutrofizaci\u00f3n), y el r\u00edo turia. \tas\u00ed mismo, se han relacionado los coeficientes de extinci\u00f3n con la medida tradicional de la profundidad de secchi, obteniendo las ecuaciones experimentales que establecen  esta relaci\u00f3n con coeficientes de correlaci\u00f3n elevados.  \tpor \u00faltimo, se analiza la utilizaci\u00f3n del equipo para estimar la carga de clorofila a en la columna de agua, mostrando (como en el caso anterior) una elevada correlaci\u00f3n entre los valores estimados y los datos obtenidos en el laboratorio.<\/p>\n<p>&nbsp;<\/p>\n<h3>Datos acad\u00e9micos de la tesis doctoral \u00ab<strong>Desarrollo de un sistema de medida de la extinci\u00f3n de la luz solar en medios acu\u00e1ticos. caracterizaci\u00f3n de la composici\u00f3n y distribuci\u00f3n de las particulas suspendidas a lo largo de la comuna de agua<\/strong>\u00ab<\/h3>\n<ul>\n<li><strong>T\u00edtulo de la tesis:<\/strong>\u00a0 Desarrollo de un sistema de medida de la extinci\u00f3n de la luz solar en medios acu\u00e1ticos. caracterizaci\u00f3n de la composici\u00f3n y distribuci\u00f3n de las particulas suspendidas a lo largo de la comuna de agua <\/li>\n<li><strong>Autor:<\/strong>\u00a0 Francisco Javier Iba\u00f1ez Civera <\/li>\n<li><strong>Universidad:<\/strong>\u00a0 Polit\u00e9cnica de Valencia<\/li>\n<li><strong>Fecha de lectura de la tesis:<\/strong>\u00a0 08\/09\/2009<\/li>\n<\/ul>\n<p>&nbsp;<\/p>\n<h3>Direcci\u00f3n y tribunal<\/h3>\n<ul>\n<li><strong>Director de la tesis<\/strong>\n<ul>\n<li>Julio Gonz\u00e1lez Del R\u00edo Rams<\/li>\n<\/ul>\n<\/li>\n<li><strong>Tribunal<\/strong>\n<ul>\n<li>Presidente del tribunal: javier D\u00edez gonz\u00e1lez <\/li>\n<li>ramiro Alvarez santos (vocal)<\/li>\n<li>inmaculada Romero gil (vocal)<\/li>\n<li>Juan  pablo Sierra pedrico (vocal)<\/li>\n<\/ul>\n<\/li>\n<\/ul>\n<p>&nbsp;<\/p>\n","protected":false},"excerpt":{"rendered":"<p>Tesis doctoral de Francisco Javier Iba\u00f1ez Civera La directiva marco del agua de la uni\u00f3n europea obliga a los pa\u00edses [&hellip;]<\/p>\n","protected":false},"author":1,"featured_media":0,"comment_status":"open","ping_status":"open","sticky":false,"template":"","format":"standard","meta":{"site-sidebar-layout":"default","site-content-layout":"","ast-site-content-layout":"","site-content-style":"default","site-sidebar-style":"default","ast-global-header-display":"","ast-banner-title-visibility":"","ast-main-header-display":"","ast-hfb-above-header-display":"","ast-hfb-below-header-display":"","ast-hfb-mobile-header-display":"","site-post-title":"","ast-breadcrumbs-content":"","ast-featured-img":"","footer-sml-layout":"","theme-transparent-header-meta":"","adv-header-id-meta":"","stick-header-meta":"","header-above-stick-meta":"","header-main-stick-meta":"","header-below-stick-meta":"","astra-migrate-meta-layouts":"default","ast-page-background-enabled":"default","ast-page-background-meta":{"desktop":{"background-color":"var(--ast-global-color-4)","background-image":"","background-repeat":"repeat","background-position":"center center","background-size":"auto","background-attachment":"scroll","background-type":"","background-media":"","overlay-type":"","overlay-color":"","overlay-gradient":""},"tablet":{"background-color":"","background-image":"","background-repeat":"repeat","background-position":"center center","background-size":"auto","background-attachment":"scroll","background-type":"","background-media":"","overlay-type":"","overlay-color":"","overlay-gradient":""},"mobile":{"background-color":"","background-image":"","background-repeat":"repeat","background-position":"center center","background-size":"auto","background-attachment":"scroll","background-type":"","background-media":"","overlay-type":"","overlay-color":"","overlay-gradient":""}},"ast-content-background-meta":{"desktop":{"background-color":"var(--ast-global-color-5)","background-image":"","background-repeat":"repeat","background-position":"center center","background-size":"auto","background-attachment":"scroll","background-type":"","background-media":"","overlay-type":"","overlay-color":"","overlay-gradient":""},"tablet":{"background-color":"var(--ast-global-color-5)","background-image":"","background-repeat":"repeat","background-position":"center center","background-size":"auto","background-attachment":"scroll","background-type":"","background-media":"","overlay-type":"","overlay-color":"","overlay-gradient":""},"mobile":{"background-color":"var(--ast-global-color-5)","background-image":"","background-repeat":"repeat","background-position":"center center","background-size":"auto","background-attachment":"scroll","background-type":"","background-media":"","overlay-type":"","overlay-color":"","overlay-gradient":""}},"footnotes":""},"categories":[1667,16820,3706],"tags":[196948,84915,30872,15887,43118,85739],"class_list":["post-95807","post","type-post","status-publish","format-standard","hentry","category-calidad-de-las-aguas","category-politecnica-de-valencia","category-tecnologia-electronica","tag-francisco-javier-ibanez-civera","tag-inmaculada-romero-gil","tag-javier-diez-gonzalez","tag-juan-pablo-sierra-pedrico","tag-julio-gonzalez-del-rio-rams","tag-ramiro-alvarez-santos"],"_links":{"self":[{"href":"https:\/\/www.deberes.net\/tesis\/wp-json\/wp\/v2\/posts\/95807","targetHints":{"allow":["GET"]}}],"collection":[{"href":"https:\/\/www.deberes.net\/tesis\/wp-json\/wp\/v2\/posts"}],"about":[{"href":"https:\/\/www.deberes.net\/tesis\/wp-json\/wp\/v2\/types\/post"}],"author":[{"embeddable":true,"href":"https:\/\/www.deberes.net\/tesis\/wp-json\/wp\/v2\/users\/1"}],"replies":[{"embeddable":true,"href":"https:\/\/www.deberes.net\/tesis\/wp-json\/wp\/v2\/comments?post=95807"}],"version-history":[{"count":0,"href":"https:\/\/www.deberes.net\/tesis\/wp-json\/wp\/v2\/posts\/95807\/revisions"}],"wp:attachment":[{"href":"https:\/\/www.deberes.net\/tesis\/wp-json\/wp\/v2\/media?parent=95807"}],"wp:term":[{"taxonomy":"category","embeddable":true,"href":"https:\/\/www.deberes.net\/tesis\/wp-json\/wp\/v2\/categories?post=95807"},{"taxonomy":"post_tag","embeddable":true,"href":"https:\/\/www.deberes.net\/tesis\/wp-json\/wp\/v2\/tags?post=95807"}],"curies":[{"name":"wp","href":"https:\/\/api.w.org\/{rel}","templated":true}]}}