{"id":95811,"date":"2009-08-09T00:00:00","date_gmt":"2009-08-09T00:00:00","guid":{"rendered":"https:\/\/www.deberes.net\/tesis\/sin-categoria\/mecanismos-de-accion-de-las-lectinas-antinutrientes-con-actividad-antirribosomica-ricinavolkensina-nigrina-y-ebulina-y-aplicaciones-terapeuticas-de-nigrina-y-ebulina\/"},"modified":"2009-08-09T00:00:00","modified_gmt":"2009-08-09T00:00:00","slug":"mecanismos-de-accion-de-las-lectinas-antinutrientes-con-actividad-antirribosomica-ricinavolkensina-nigrina-y-ebulina-y-aplicaciones-terapeuticas-de-nigrina-y-ebulina","status":"publish","type":"post","link":"https:\/\/www.deberes.net\/tesis\/sin-categoria\/mecanismos-de-accion-de-las-lectinas-antinutrientes-con-actividad-antirribosomica-ricinavolkensina-nigrina-y-ebulina-y-aplicaciones-terapeuticas-de-nigrina-y-ebulina\/","title":{"rendered":"Mecanismos de acci\u00f3n de las lectinas antinutrientes con actividad antirribosomica ricina,volkensina, nigrina y ebulina y aplicaciones terapeuticas de nigrina y ebulina."},"content":{"rendered":"<h2>Tesis doctoral de <strong> Tomas Girbes Juan <\/strong><\/h2>\n<p>\u00abel n\u00famero de lectinas antirribos\u00f3micas con actividad adenina polinucleotido n-glicosidasa conocidas es escaso en contraste con las prote\u00ednas con dicha actividad pero que no tienen actividad de lectina. Dentro de ellas se conocen dos tipos, las extrem adamente t\u00f3xicas ricina y las prote\u00ednas relacionadas, y las muy poco t\u00f3xicas, o no-toxicas en relaci\u00f3n con la ricina, que se han estudiado en profundidad en el g\u00e9nero sambucus, siendo las cabezas de serie la nigrina y la ebulina.  Este g\u00e9nero contien e diversas formas de nigrina y ebulina, as\u00ed como lectinas sin actividad enzim\u00e1tica y que est\u00e1n relacionadas con las cadenas b de ambas lectinas antirribos\u00f3micas. Nuestros estudios permiten concluir que se trata de prote\u00ednas codificadas por una famili a de genes que sufre distintos procesos de expresi\u00f3n que dan lugar a una notable diversidad de prote\u00ednas estructuralmente muy parecidas pero con grandes diferencias funcionales.  ricina y la toxina relacionada volkensina son lectinas antirribos\u00f3micas  extremadamente t\u00f3xicas que se internalizan, se transfieren al aparato de golgi y desde all\u00ed son despu\u00e9s transferidas al ret\u00edculo endopl\u00e1smico rugoso, en donde atraviesan la membrana del ret\u00edculo endopl\u00e1smico rugoso y entran en el citoplasma accedien do as\u00ed a los ribosomas, provocando su depurinaci\u00f3n enzim\u00e1tica que tiene como consecuencia la inhibici\u00f3n de la bios\u00edntesis de prote\u00ednas.    ricina, volkensina, nigrina y ebulina ejercen una fuerte actividad n-glicosid\u00e1sica sobre el adn, mayor que sobr e el arnr, lo que permite concluir que los efectos de estas prote\u00ednas pueden implicar diversos mecanismos simult\u00e1neamente. Por lo tanto es muy posible que dichos efectos sean pleiotr\u00f3picos.  Las lectinas antirribos\u00f3micas nigrina y ebulina incrementan  su actividad al reducirse el puente disulfuro entre las cadenas a (enzim\u00e1tica) y b (lectina), lo que permite concluir que la interacci\u00f3n de ambas prote\u00ednas con los ribosomas requiere la cadena a libre.  la nigrina, como modelo de las lectinas antirr ibos\u00f3micas no t\u00f3xicas, sigue un camino de internalizaci\u00f3n distinto al seguido por la ricina. En este caso, la toxina una vez dentro del citoplasma es transportada al ret\u00edculo endoplasm\u00e1tico y posteriormente translocada al citosol en donde ejerce su e fecto. En contraste, la nigrina, una vez internalizada, en su mayor parte se localiza en espacios endos\u00f3micos en los que se degrada y se expele inactiva al exterior de las c\u00e9lulas. El que ambas prote\u00ednas se internalizan por distintas v\u00edas lo confirma\u00bb<\/p>\n<p>&nbsp;<\/p>\n<h3>Datos acad\u00e9micos de la tesis doctoral \u00ab<strong>Mecanismos de acci\u00f3n de las lectinas antinutrientes con actividad antirribosomica ricina,volkensina, nigrina y ebulina y aplicaciones terapeuticas de nigrina y ebulina.<\/strong>\u00ab<\/h3>\n<ul>\n<li><strong>T\u00edtulo de la tesis:<\/strong>\u00a0 Mecanismos de acci\u00f3n de las lectinas antinutrientes con actividad antirribosomica ricina,volkensina, nigrina y ebulina y aplicaciones terapeuticas de nigrina y ebulina. <\/li>\n<li><strong>Autor:<\/strong>\u00a0 Tomas Girbes Juan <\/li>\n<li><strong>Universidad:<\/strong>\u00a0 Complutense de Madrid<\/li>\n<li><strong>Fecha de lectura de la tesis:<\/strong>\u00a0 08\/09\/2009<\/li>\n<\/ul>\n<p>&nbsp;<\/p>\n<h3>Direcci\u00f3n y tribunal<\/h3>\n<ul>\n<li><strong>Director de la tesis<\/strong>\n<ul>\n<li>Manuel Cordoba Diaz<\/li>\n<\/ul>\n<\/li>\n<li><strong>Tribunal<\/strong>\n<ul>\n<li>Presidente del tribunal: rafael Lozano fern\u00e1ndez <\/li>\n<li>bego\u00f1a Escalera izquierdo (vocal)<\/li>\n<li>Manuel Ruiz amil (vocal)<\/li>\n<li>Antonio Rabasco alvarez (vocal)<\/li>\n<\/ul>\n<\/li>\n<\/ul>\n<p>&nbsp;<\/p>\n","protected":false},"excerpt":{"rendered":"<p>Tesis doctoral de Tomas Girbes Juan \u00abel n\u00famero de lectinas antirribos\u00f3micas con actividad adenina polinucleotido n-glicosidasa conocidas es escaso en [&hellip;]<\/p>\n","protected":false},"author":1,"featured_media":0,"comment_status":"open","ping_status":"open","sticky":false,"template":"","format":"standard","meta":{"site-sidebar-layout":"default","site-content-layout":"","ast-site-content-layout":"","site-content-style":"default","site-sidebar-style":"default","ast-global-header-display":"","ast-banner-title-visibility":"","ast-main-header-display":"","ast-hfb-above-header-display":"","ast-hfb-below-header-display":"","ast-hfb-mobile-header-display":"","site-post-title":"","ast-breadcrumbs-content":"","ast-featured-img":"","footer-sml-layout":"","theme-transparent-header-meta":"","adv-header-id-meta":"","stick-header-meta":"","header-above-stick-meta":"","header-main-stick-meta":"","header-below-stick-meta":"","astra-migrate-meta-layouts":"default","ast-page-background-enabled":"default","ast-page-background-meta":{"desktop":{"background-color":"var(--ast-global-color-4)","background-image":"","background-repeat":"repeat","background-position":"center center","background-size":"auto","background-attachment":"scroll","background-type":"","background-media":"","overlay-type":"","overlay-color":"","overlay-gradient":""},"tablet":{"background-color":"","background-image":"","background-repeat":"repeat","background-position":"center center","background-size":"auto","background-attachment":"scroll","background-type":"","background-media":"","overlay-type":"","overlay-color":"","overlay-gradient":""},"mobile":{"background-color":"","background-image":"","background-repeat":"repeat","background-position":"center center","background-size":"auto","background-attachment":"scroll","background-type":"","background-media":"","overlay-type":"","overlay-color":"","overlay-gradient":""}},"ast-content-background-meta":{"desktop":{"background-color":"var(--ast-global-color-5)","background-image":"","background-repeat":"repeat","background-position":"center center","background-size":"auto","background-attachment":"scroll","background-type":"","background-media":"","overlay-type":"","overlay-color":"","overlay-gradient":""},"tablet":{"background-color":"var(--ast-global-color-5)","background-image":"","background-repeat":"repeat","background-position":"center center","background-size":"auto","background-attachment":"scroll","background-type":"","background-media":"","overlay-type":"","overlay-color":"","overlay-gradient":""},"mobile":{"background-color":"var(--ast-global-color-5)","background-image":"","background-repeat":"repeat","background-position":"center center","background-size":"auto","background-attachment":"scroll","background-type":"","background-media":"","overlay-type":"","overlay-color":"","overlay-gradient":""}},"footnotes":""},"categories":[1],"tags":[11840,42258,117791,673,22756,4582],"class_list":["post-95811","post","type-post","status-publish","format-standard","hentry","category-sin-categoria","tag-antonio-rabasco-alvarez","tag-begona-escalera-izquierdo","tag-manuel-cordoba-diaz","tag-manuel-ruiz-amil","tag-rafael-lozano-fernandez","tag-tomas-girbes-juan"],"_links":{"self":[{"href":"https:\/\/www.deberes.net\/tesis\/wp-json\/wp\/v2\/posts\/95811","targetHints":{"allow":["GET"]}}],"collection":[{"href":"https:\/\/www.deberes.net\/tesis\/wp-json\/wp\/v2\/posts"}],"about":[{"href":"https:\/\/www.deberes.net\/tesis\/wp-json\/wp\/v2\/types\/post"}],"author":[{"embeddable":true,"href":"https:\/\/www.deberes.net\/tesis\/wp-json\/wp\/v2\/users\/1"}],"replies":[{"embeddable":true,"href":"https:\/\/www.deberes.net\/tesis\/wp-json\/wp\/v2\/comments?post=95811"}],"version-history":[{"count":0,"href":"https:\/\/www.deberes.net\/tesis\/wp-json\/wp\/v2\/posts\/95811\/revisions"}],"wp:attachment":[{"href":"https:\/\/www.deberes.net\/tesis\/wp-json\/wp\/v2\/media?parent=95811"}],"wp:term":[{"taxonomy":"category","embeddable":true,"href":"https:\/\/www.deberes.net\/tesis\/wp-json\/wp\/v2\/categories?post=95811"},{"taxonomy":"post_tag","embeddable":true,"href":"https:\/\/www.deberes.net\/tesis\/wp-json\/wp\/v2\/tags?post=95811"}],"curies":[{"name":"wp","href":"https:\/\/api.w.org\/{rel}","templated":true}]}}