{"id":95818,"date":"2009-09-09T00:00:00","date_gmt":"2009-09-09T00:00:00","guid":{"rendered":"https:\/\/www.deberes.net\/tesis\/sin-categoria\/compromiso-memoria-y-exilio-la-narrativa-de-luisa-carnes-1926-1964\/"},"modified":"2009-09-09T00:00:00","modified_gmt":"2009-09-09T00:00:00","slug":"compromiso-memoria-y-exilio-la-narrativa-de-luisa-carnes-1926-1964","status":"publish","type":"post","link":"https:\/\/www.deberes.net\/tesis\/analisis-literario\/compromiso-memoria-y-exilio-la-narrativa-de-luisa-carnes-1926-1964\/","title":{"rendered":"Compromiso, memoria y exilio: la narrativa de luisa carn\u00e9s (1926-1964)"},"content":{"rendered":"<h2>Tesis doctoral de <strong> Iliana Olmedo Mu\u00f1oz <\/strong><\/h2>\n<p>Esta investigaci\u00f3n sit\u00faa a luisa carn\u00e9s (Madrid, 1905-m\u00e9xico d.F., 1964) frente a sus contempor\u00e1neos y coet\u00e1neos, valora, analiza y discute su obra narrativa para se\u00f1alar su lugar en la historia de la literatura espa\u00f1ola y mexicana. El eje central del estudio parte del an\u00e1lisis de la narrativa de una autora pr\u00e1cticamente ausente de las historias de la literatura a causa de su condici\u00f3n de exiliada, mujer y narradora social. Estos aspectos implican el reto de ubicarla dentro del panorama general del canon y poner en crisis la construcci\u00f3n de la historiograf\u00eda literaria espa\u00f1ola; para esto, fue necesario realizar una contextualizaci\u00f3n exhaustiva que recupera a autoras cuya obra ha sido poco o escasamente estudiada. Adem\u00e1s de discutir c\u00f3mo el tipo de literatura (novela del compromiso) marca o dirige las apreciaciones de la cr\u00edtica. Por tanto, analiza tambi\u00e9n los m\u00e9todos con los que se elaboran las historias de la literatura y los elementos ideol\u00f3gicos, pol\u00edticos, sociales, geogr\u00e1ficos y subjetivos que influyen en su construcci\u00f3n, espec\u00edficamente, en el \u00e1rea de la novela social de preguerra y en la narrativa del exilio. As\u00ed, este trabajo contribuye a la apertura de nuevas l\u00edneas de investigaci\u00f3n y se\u00f1ala la posible direcci\u00f3n de posteriores estudios hacia otras narradoras exiliadas cuyas circunstancias son similares a las de luisa carn\u00e9s.  al centrar su an\u00e1lisis en la narrativa escrita por mujeres, dos son las principales innovaciones de este trabajo, el planteamiento de la existencia de una literatura social de protagonista femenino anterior a la guerra civil y un acercamiento original al estudio de la literatura del exilio.  la tesis se organiza alrededor de dos l\u00edneas de acuerdo con la trayectoria literaria de luisa carn\u00e9s, una, en espa\u00f1a: la obra de preguerra y la del exilio en m\u00e9xico, con una parte intermedia sobre su actuaci\u00f3n en la guerra. El an\u00e1lisis parte principalmente de la narrativa, pero tambi\u00e9n se utilizan obras pertenecientes a otros g\u00e9neros que facilitan la delimitaci\u00f3n de la propuesta creativa de la autora. La metodolog\u00eda se basa, por tanto, en la contextualizaci\u00f3n y en los lineamientos de la cr\u00edtica feminista, ya que responde a las preguntas: \u00c2\u00bfde qu\u00e9 manera el g\u00e9nero influye o determina la realizaci\u00f3n de una obra? Y \u00c2\u00bfde qu\u00e9 forma el g\u00e9nero dirige su lectura y apreciaci\u00f3n cr\u00edtica? La propuesta de un enfoque en el que se interrelacionan teor\u00edas de la cr\u00edtica feminista y de la cr\u00edtica del exilio es innovadora, se trata de corrientes te\u00f3ricas que sol\u00edan trabajar en campos apenas relacionados y que en algunos casos incluso se consideraban excluyentes.  durante el proceso de esta investigaci\u00f3n se realiz\u00f3 un exhaustivo trabajo bibliogr\u00e1fico y hemerogr\u00e1fico rastreando las publicaciones de luisa carn\u00e9s en la prensa. A manera de ap\u00e9ndice se incluyen algunos textos publicados en la prensa madrile\u00f1a, antes de la guerra, y mexicana, en el exilio; adem\u00e1s se anexa el testimonio de ram\u00f3n puyol carn\u00e9s, hijo de la autora, que proporciona inestimable informaci\u00f3n de primera mano para trazar el recorrido creativo y biogr\u00e1fico de la autora.<\/p>\n<p>&nbsp;<\/p>\n<h3>Datos acad\u00e9micos de la tesis doctoral \u00ab<strong>Compromiso, memoria y exilio: la narrativa de luisa carn\u00e9s (1926-1964)<\/strong>\u00ab<\/h3>\n<ul>\n<li><strong>T\u00edtulo de la tesis:<\/strong>\u00a0 Compromiso, memoria y exilio: la narrativa de luisa carn\u00e9s (1926-1964) <\/li>\n<li><strong>Autor:<\/strong>\u00a0 Iliana Olmedo Mu\u00f1oz <\/li>\n<li><strong>Universidad:<\/strong>\u00a0 Aut\u00f3noma de barcelona<\/li>\n<li><strong>Fecha de lectura de la tesis:<\/strong>\u00a0 09\/09\/2009<\/li>\n<\/ul>\n<p>&nbsp;<\/p>\n<h3>Direcci\u00f3n y tribunal<\/h3>\n<ul>\n<li><strong>Director de la tesis<\/strong>\n<ul>\n<li>Neus Samblancat Miranda<\/li>\n<\/ul>\n<\/li>\n<li><strong>Tribunal<\/strong>\n<ul>\n<li>Presidente del tribunal: manuel Aznar soler <\/li>\n<li>francisca Montiel rayo (vocal)<\/li>\n<li>  (vocal)<\/li>\n<li>  (vocal)<\/li>\n<\/ul>\n<\/li>\n<\/ul>\n<p>&nbsp;<\/p>\n","protected":false},"excerpt":{"rendered":"<p>Tesis doctoral de Iliana Olmedo Mu\u00f1oz Esta investigaci\u00f3n sit\u00faa a luisa carn\u00e9s (Madrid, 1905-m\u00e9xico d.F., 1964) frente a sus contempor\u00e1neos [&hellip;]<\/p>\n","protected":false},"author":1,"featured_media":0,"comment_status":"open","ping_status":"open","sticky":false,"template":"","format":"standard","meta":{"site-sidebar-layout":"default","site-content-layout":"","ast-site-content-layout":"","site-content-style":"default","site-sidebar-style":"default","ast-global-header-display":"","ast-banner-title-visibility":"","ast-main-header-display":"","ast-hfb-above-header-display":"","ast-hfb-below-header-display":"","ast-hfb-mobile-header-display":"","site-post-title":"","ast-breadcrumbs-content":"","ast-featured-img":"","footer-sml-layout":"","theme-transparent-header-meta":"","adv-header-id-meta":"","stick-header-meta":"","header-above-stick-meta":"","header-main-stick-meta":"","header-below-stick-meta":"","astra-migrate-meta-layouts":"default","ast-page-background-enabled":"default","ast-page-background-meta":{"desktop":{"background-color":"var(--ast-global-color-4)","background-image":"","background-repeat":"repeat","background-position":"center center","background-size":"auto","background-attachment":"scroll","background-type":"","background-media":"","overlay-type":"","overlay-color":"","overlay-gradient":""},"tablet":{"background-color":"","background-image":"","background-repeat":"repeat","background-position":"center center","background-size":"auto","background-attachment":"scroll","background-type":"","background-media":"","overlay-type":"","overlay-color":"","overlay-gradient":""},"mobile":{"background-color":"","background-image":"","background-repeat":"repeat","background-position":"center center","background-size":"auto","background-attachment":"scroll","background-type":"","background-media":"","overlay-type":"","overlay-color":"","overlay-gradient":""}},"ast-content-background-meta":{"desktop":{"background-color":"var(--ast-global-color-5)","background-image":"","background-repeat":"repeat","background-position":"center center","background-size":"auto","background-attachment":"scroll","background-type":"","background-media":"","overlay-type":"","overlay-color":"","overlay-gradient":""},"tablet":{"background-color":"var(--ast-global-color-5)","background-image":"","background-repeat":"repeat","background-position":"center center","background-size":"auto","background-attachment":"scroll","background-type":"","background-media":"","overlay-type":"","overlay-color":"","overlay-gradient":""},"mobile":{"background-color":"var(--ast-global-color-5)","background-image":"","background-repeat":"repeat","background-position":"center center","background-size":"auto","background-attachment":"scroll","background-type":"","background-media":"","overlay-type":"","overlay-color":"","overlay-gradient":""}},"footnotes":""},"categories":[148,13411,1867,628],"tags":[196964,196963,13642,136095],"class_list":["post-95818","post","type-post","status-publish","format-standard","hentry","category-analisis-literario","category-filologia-espanola","category-historia-de-la-literatura-espanola","category-teoria-analisis-y-critica-literarios","tag-francisca-montiel-rayo","tag-iliana-olmedo-munoz","tag-manuel-aznar-soler","tag-neus-samblancat-miranda"],"_links":{"self":[{"href":"https:\/\/www.deberes.net\/tesis\/wp-json\/wp\/v2\/posts\/95818","targetHints":{"allow":["GET"]}}],"collection":[{"href":"https:\/\/www.deberes.net\/tesis\/wp-json\/wp\/v2\/posts"}],"about":[{"href":"https:\/\/www.deberes.net\/tesis\/wp-json\/wp\/v2\/types\/post"}],"author":[{"embeddable":true,"href":"https:\/\/www.deberes.net\/tesis\/wp-json\/wp\/v2\/users\/1"}],"replies":[{"embeddable":true,"href":"https:\/\/www.deberes.net\/tesis\/wp-json\/wp\/v2\/comments?post=95818"}],"version-history":[{"count":0,"href":"https:\/\/www.deberes.net\/tesis\/wp-json\/wp\/v2\/posts\/95818\/revisions"}],"wp:attachment":[{"href":"https:\/\/www.deberes.net\/tesis\/wp-json\/wp\/v2\/media?parent=95818"}],"wp:term":[{"taxonomy":"category","embeddable":true,"href":"https:\/\/www.deberes.net\/tesis\/wp-json\/wp\/v2\/categories?post=95818"},{"taxonomy":"post_tag","embeddable":true,"href":"https:\/\/www.deberes.net\/tesis\/wp-json\/wp\/v2\/tags?post=95818"}],"curies":[{"name":"wp","href":"https:\/\/api.w.org\/{rel}","templated":true}]}}