{"id":95829,"date":"2009-10-09T00:00:00","date_gmt":"2009-10-09T00:00:00","guid":{"rendered":"https:\/\/www.deberes.net\/tesis\/sin-categoria\/expectativas-de-humanizacion-a-traves-de-la-educacion-una-mirada-desde-la-educacion-basica-del-sistema-educativo-chileno\/"},"modified":"2009-10-09T00:00:00","modified_gmt":"2009-10-09T00:00:00","slug":"expectativas-de-humanizacion-a-traves-de-la-educacion-una-mirada-desde-la-educacion-basica-del-sistema-educativo-chileno","status":"publish","type":"post","link":"https:\/\/www.deberes.net\/tesis\/formacion-profesional\/expectativas-de-humanizacion-a-traves-de-la-educacion-una-mirada-desde-la-educacion-basica-del-sistema-educativo-chileno\/","title":{"rendered":"Expectativas de humanizaci\u00f3n a trav\u00e9s de la educaci\u00f3n. una mirada desde la educaci\u00f3n b\u00e1sica del sistema educativo chileno"},"content":{"rendered":"<h2>Tesis doctoral de <strong> Mar\u00eda Jos\u00e9 Echenique Tagle <\/strong><\/h2>\n<p>Esta tesis hace un estudio inicial acerca de las notas fundamentales de la persona humana y de las potencialidades contenidas en su naturaleza, para desprender desde ah\u00ed la necesidad, sentido y fines de la educaci\u00f3n.   luego se analizan las expectativas generales respecto a que la educaci\u00f3n formal, en las escuelas, se constituya en un verdadero camino de humanizaci\u00f3n. Y se reflexiona acerca del caso concreto de chile, en su planteamiento de objetivos transversales y verticales del marco curricular para la educaci\u00f3n b\u00e1sica.   tomando en cuenta que el profesorado es quien lleva a cabo la ense\u00f1anza en las aulas, se plantea la necesidad de contemplar en su formaci\u00f3n, desde sus estudios iniciales y a lo largo de su desarrollo profesional constante, el conocimiento y la reflexi\u00f3n respecto a qui\u00e9n es la persona humana y los fundamentos de la educaci\u00f3n para poder abordar, de manera efectiva, el desaf\u00edo humanizador de la educaci\u00f3n.   se analizan, por esta raz\u00f3n, las propuestas para la formaci\u00f3n inicial docente en chile con la intenci\u00f3n de ver si el reconocimiento de esta necesidad est\u00e1 contemplado como un aspecto prioritario en la formaci\u00f3n del profesorado. Se destaca la importancia de ofrecer herramientas al docente que sean coherentes a las demandas que a las que se ve enfrentado actualmente.<\/p>\n<p>&nbsp;<\/p>\n<h3>Datos acad\u00e9micos de la tesis doctoral \u00ab<strong>Expectativas de humanizaci\u00f3n a trav\u00e9s de la educaci\u00f3n. una mirada desde la educaci\u00f3n b\u00e1sica del sistema educativo chileno<\/strong>\u00ab<\/h3>\n<ul>\n<li><strong>T\u00edtulo de la tesis:<\/strong>\u00a0 Expectativas de humanizaci\u00f3n a trav\u00e9s de la educaci\u00f3n. una mirada desde la educaci\u00f3n b\u00e1sica del sistema educativo chileno <\/li>\n<li><strong>Autor:<\/strong>\u00a0 Mar\u00eda Jos\u00e9 Echenique Tagle <\/li>\n<li><strong>Universidad:<\/strong>\u00a0 Navarra<\/li>\n<li><strong>Fecha de lectura de la tesis:<\/strong>\u00a0 10\/09\/2009<\/li>\n<\/ul>\n<p>&nbsp;<\/p>\n<h3>Direcci\u00f3n y tribunal<\/h3>\n<ul>\n<li><strong>Director de la tesis<\/strong>\n<ul>\n<li>Alfredo Rodriguez Sedano<\/li>\n<\/ul>\n<\/li>\n<li><strong>Tribunal<\/strong>\n<ul>\n<li>Presidente del tribunal: Francisco Miguel Altarejos masota <\/li>\n<li>Mar\u00eda Jos\u00e9 Garc\u00eda ruiz (vocal)<\/li>\n<li>luz yolanda Sandoval estupinan (vocal)<\/li>\n<li>Francisco Javier Vergara ciordia (vocal)<\/li>\n<\/ul>\n<\/li>\n<\/ul>\n<p>&nbsp;<\/p>\n","protected":false},"excerpt":{"rendered":"<p>Tesis doctoral de Mar\u00eda Jos\u00e9 Echenique Tagle Esta tesis hace un estudio inicial acerca de las notas fundamentales de la [&hellip;]<\/p>\n","protected":false},"author":1,"featured_media":0,"comment_status":"open","ping_status":"open","sticky":false,"template":"","format":"standard","meta":{"site-sidebar-layout":"default","site-content-layout":"","ast-site-content-layout":"","site-content-style":"default","site-sidebar-style":"default","ast-global-header-display":"","ast-banner-title-visibility":"","ast-main-header-display":"","ast-hfb-above-header-display":"","ast-hfb-below-header-display":"","ast-hfb-mobile-header-display":"","site-post-title":"","ast-breadcrumbs-content":"","ast-featured-img":"","footer-sml-layout":"","theme-transparent-header-meta":"","adv-header-id-meta":"","stick-header-meta":"","header-above-stick-meta":"","header-main-stick-meta":"","header-below-stick-meta":"","astra-migrate-meta-layouts":"default","ast-page-background-enabled":"default","ast-page-background-meta":{"desktop":{"background-color":"var(--ast-global-color-4)","background-image":"","background-repeat":"repeat","background-position":"center center","background-size":"auto","background-attachment":"scroll","background-type":"","background-media":"","overlay-type":"","overlay-color":"","overlay-gradient":""},"tablet":{"background-color":"","background-image":"","background-repeat":"repeat","background-position":"center center","background-size":"auto","background-attachment":"scroll","background-type":"","background-media":"","overlay-type":"","overlay-color":"","overlay-gradient":""},"mobile":{"background-color":"","background-image":"","background-repeat":"repeat","background-position":"center center","background-size":"auto","background-attachment":"scroll","background-type":"","background-media":"","overlay-type":"","overlay-color":"","overlay-gradient":""}},"ast-content-background-meta":{"desktop":{"background-color":"var(--ast-global-color-5)","background-image":"","background-repeat":"repeat","background-position":"center center","background-size":"auto","background-attachment":"scroll","background-type":"","background-media":"","overlay-type":"","overlay-color":"","overlay-gradient":""},"tablet":{"background-color":"var(--ast-global-color-5)","background-image":"","background-repeat":"repeat","background-position":"center center","background-size":"auto","background-attachment":"scroll","background-type":"","background-media":"","overlay-type":"","overlay-color":"","overlay-gradient":""},"mobile":{"background-color":"var(--ast-global-color-5)","background-image":"","background-repeat":"repeat","background-position":"center center","background-size":"auto","background-attachment":"scroll","background-type":"","background-media":"","overlay-type":"","overlay-color":"","overlay-gradient":""}},"footnotes":""},"categories":[2623,1183,17749,1184],"tags":[106502,17236,18265,165423,196989,51546],"class_list":["post-95829","post","type-post","status-publish","format-standard","hentry","category-educacion-basica","category-formacion-profesional","category-navarra","category-organizacion-y-planificacion-de-la-educacion","tag-alfredo-rodriguez-sedano","tag-francisco-javier-vergara-ciordia","tag-francisco-miguel-altarejos-masota","tag-luz-yolanda-sandoval-estupinan","tag-maria-jose-echenique-tagle","tag-maria-jose-garcia-ruiz"],"_links":{"self":[{"href":"https:\/\/www.deberes.net\/tesis\/wp-json\/wp\/v2\/posts\/95829","targetHints":{"allow":["GET"]}}],"collection":[{"href":"https:\/\/www.deberes.net\/tesis\/wp-json\/wp\/v2\/posts"}],"about":[{"href":"https:\/\/www.deberes.net\/tesis\/wp-json\/wp\/v2\/types\/post"}],"author":[{"embeddable":true,"href":"https:\/\/www.deberes.net\/tesis\/wp-json\/wp\/v2\/users\/1"}],"replies":[{"embeddable":true,"href":"https:\/\/www.deberes.net\/tesis\/wp-json\/wp\/v2\/comments?post=95829"}],"version-history":[{"count":0,"href":"https:\/\/www.deberes.net\/tesis\/wp-json\/wp\/v2\/posts\/95829\/revisions"}],"wp:attachment":[{"href":"https:\/\/www.deberes.net\/tesis\/wp-json\/wp\/v2\/media?parent=95829"}],"wp:term":[{"taxonomy":"category","embeddable":true,"href":"https:\/\/www.deberes.net\/tesis\/wp-json\/wp\/v2\/categories?post=95829"},{"taxonomy":"post_tag","embeddable":true,"href":"https:\/\/www.deberes.net\/tesis\/wp-json\/wp\/v2\/tags?post=95829"}],"curies":[{"name":"wp","href":"https:\/\/api.w.org\/{rel}","templated":true}]}}