{"id":95834,"date":"2009-10-09T00:00:00","date_gmt":"2009-10-09T00:00:00","guid":{"rendered":"https:\/\/www.deberes.net\/tesis\/sin-categoria\/els-primers-anys-de-la-biologia-molecular-a-catalunya-sabers-i-ta%c2%a8cniques-laescola-estructuralista-de-joan-antoni-subirana-i-jaume-palau\/"},"modified":"2009-10-09T00:00:00","modified_gmt":"2009-10-09T00:00:00","slug":"els-primers-anys-de-la-biologia-molecular-a-catalunya-sabers-i-ta%c2%a8cniques-laescola-estructuralista-de-joan-antoni-subirana-i-jaume-palau","status":"publish","type":"post","link":"https:\/\/www.deberes.net\/tesis\/historia-de-la-biologia\/els-primers-anys-de-la-biologia-molecular-a-catalunya-sabers-i-ta%c2%a8cniques-laescola-estructuralista-de-joan-antoni-subirana-i-jaume-palau\/","title":{"rendered":"Els primers anys de la biolog\u00eda molecular a catalunya, sabers i t\u00e9cniques: l\u00c2\u00bfescola estructuralista de joan antoni subirana i jaume palau"},"content":{"rendered":"<h2>Tesis doctoral de <strong> Francisco Javier Calv\u00f3 Monreal <\/strong><\/h2>\n<p>La tesis presentada contribuye a la historia del desarrollo reciente de la biolog\u00eda molecular en barcelona. Se centra en el estudio detallado de la formaci\u00f3n de un influyente grupo de investigaci\u00f3n liderado por joan antoni subirana y jaume palau. Se analizan las trayectorias de las pr\u00e1cticas experimentales y cient\u00edficas de ambos investigadores, su formaci\u00f3n en el extranjero, los mecanismos por los que definieron sus intereses cient\u00edficos y sus agendas investigadoras as\u00ed como los procesos por los que se adquirieron sus destrezas experimentales y sus ambiciones profesionales. El trabajo muestra la influencia del proceso de formaci\u00f3n predoctoral y posdoctoral de ambos cient\u00edficos, subirana y palau, en el entorno de la comunidad acad\u00e9mica espa\u00f1ola de la d\u00e9cada de 1960 y principios de la de 1970.  el estudio aporta claves para comprender qu\u00e9 factores intervinieron en el surgimiento de un grupo de trabajo. La elecci\u00f3n de este grupo de trabajo organizado por subirana y palau se basa precisamente en la influencia que tuvieron en espa\u00f1a, en el reconocimiento que obtuvo su trabajo tanto en espa\u00f1a como en el extranjero y el car\u00e1cter pionero de los trabajos que realizaron.  las fuentes consultadas constituyen una documentaci\u00f3n a la que se accede en esta tesis por primera vez: los archivos personales de juan antonio subirana y algunos materiales del archivo de jaume palau. El trabajo atribuye a ambos una poderosa identidad, la de dos cient\u00edficos pioneros que introdujeron en espa\u00f1a las t\u00e9cnicas de estudio de macromol\u00e9culas biol\u00f3gicas, tanto las procedentes de la qu\u00edmica f\u00edsica como las de difracci\u00f3n de rayos x. Se estudian los procesos por los cuales ambos cient\u00edficos y los j\u00f3venes licenciados de su entorno se formaron en ellas, y c\u00f3mo los proyectos de investigaci\u00f3n de identificaci\u00f3n y caracterizaci\u00f3n de histonas y estructuras del n\u00facleo celular, articularon las actividades de subirana y de palau y conectaron con los trabajos de estructura y funci\u00f3n de los cromosomas a trav\u00e9s la participaci\u00f3n de ambos cient\u00edficos en redes extranjeras e internacionales de intercambio de reconocimiento, de saberes y de pr\u00e1cticas. la tesis maneja documentaci\u00f3n de archivo, de an\u00e1lisis detallado de las publicaciones del grupo y entrevistas con los cient\u00edficos y t\u00e9cnicos participantes. La metodolog\u00eda, entre hist\u00f3rica y sociol\u00f3gica propia de los estudios de la historia reciente de la ciencia, se inspira en trabajos publicados por autores extranjeros sobre grupos de investigaci\u00f3n y comunidades disciplinares que surgieron en centros de investigaci\u00f3n y en universidades de otros pa\u00edses. De este modo, el trabajo de investigaci\u00f3n para esta tesis y el manuscrito que se presenta como resultado est\u00e1n completamente actualizados y han seguido de cerca, en contacto personal con algunos autores de las obras que se citan, la producci\u00f3n historiogr\u00e1fica sobre biolog\u00eda, experimentos y t\u00e9cnicas y, m\u00e1s especialmente, la que ata\u00f1e a los conocimientos, t\u00e9cnicas y estrategias acad\u00e9micas de los conocimientos producidos desde el periodo de entreguerras hasta la d\u00e9cada de 1970. los instrumentos, las t\u00e9cnicas y los temas de trabajo son asunto central de la historia que esta tesis analiza. Al dotar a los instrumentos y a las t\u00e9cnicas de agencia en el proceso, introduce adem\u00e1s un tipo de an\u00e1lisis que se inscribe en los estudios sobre las culturas materiales de la ciencia, que permiten dar cuenta del detalle de los trabajos de laboratorio que participan en la producci\u00f3n de conocimiento. la presentaci\u00f3n de la tesis incluye, adem\u00e1s de una extensa, detallada y bien seleccionada bibliograf\u00eda, y un texto extenso de estudio de las interacciones entre cient\u00edficos, mol\u00e9culas biol\u00f3gicas, instrumentos y pol\u00edticas de subvenci\u00f3n a la investigaci\u00f3n, una muestra de la documentaci\u00f3n consultada as\u00ed como una selecci\u00f3n de im\u00e1genes que contribuyen a  reconstruir la historia que se cuenta. se trata por tanto de una aportaci\u00f3n relevante al conjunto de estudios en curso en las universidades y centro de investigaci\u00f3n del pa\u00eds que reconstruyen la historia reciente de las pr\u00e1cticas cient\u00edficas e investigadoras.  las l\u00edneas de trabajo que esta tesis abre son, entre otras, una investigaci\u00f3n m\u00e1s detallada sobre jaume palau, as\u00ed como ampliaciones al estudio que en ella se hace sobre historia de las histonas como objetos de investigaci\u00f3n articuladores de programas de trabajo e identidades disciplinares.<\/p>\n<p>&nbsp;<\/p>\n<h3>Datos acad\u00e9micos de la tesis doctoral \u00ab<strong>Els primers anys de la biolog\u00eda molecular a catalunya, sabers i t\u00e9cniques: l\u00c2\u00bfescola estructuralista de joan antoni subirana i jaume palau<\/strong>\u00ab<\/h3>\n<ul>\n<li><strong>T\u00edtulo de la tesis:<\/strong>\u00a0 Els primers anys de la biolog\u00eda molecular a catalunya, sabers i t\u00e9cniques: l\u00c2\u00bfescola estructuralista de joan antoni subirana i jaume palau <\/li>\n<li><strong>Autor:<\/strong>\u00a0 Francisco Javier Calv\u00f3 Monreal <\/li>\n<li><strong>Universidad:<\/strong>\u00a0 Aut\u00f3noma de barcelona<\/li>\n<li><strong>Fecha de lectura de la tesis:<\/strong>\u00a0 10\/09\/2009<\/li>\n<\/ul>\n<p>&nbsp;<\/p>\n<h3>Direcci\u00f3n y tribunal<\/h3>\n<ul>\n<li><strong>Director de la tesis<\/strong>\n<ul>\n<li>Mar\u00eda Jes\u00fas Santesmases Navarro De Palen<\/li>\n<\/ul>\n<\/li>\n<li><strong>Tribunal<\/strong>\n<ul>\n<li>Presidente del tribunal: jon Arrizabalaga valbuena <\/li>\n<li>annette M\u00ed\u00bclberger rogele (vocal)<\/li>\n<li>  (vocal)<\/li>\n<li>  (vocal)<\/li>\n<\/ul>\n<\/li>\n<\/ul>\n<p>&nbsp;<\/p>\n","protected":false},"excerpt":{"rendered":"<p>Tesis doctoral de Francisco Javier Calv\u00f3 Monreal La tesis presentada contribuye a la historia del desarrollo reciente de la biolog\u00eda [&hellip;]<\/p>\n","protected":false},"author":1,"featured_media":0,"comment_status":"open","ping_status":"open","sticky":false,"template":"","format":"standard","meta":{"site-sidebar-layout":"default","site-content-layout":"","ast-site-content-layout":"","site-content-style":"default","site-sidebar-style":"default","ast-global-header-display":"","ast-banner-title-visibility":"","ast-main-header-display":"","ast-hfb-above-header-display":"","ast-hfb-below-header-display":"","ast-hfb-mobile-header-display":"","site-post-title":"","ast-breadcrumbs-content":"","ast-featured-img":"","footer-sml-layout":"","theme-transparent-header-meta":"","adv-header-id-meta":"","stick-header-meta":"","header-above-stick-meta":"","header-main-stick-meta":"","header-below-stick-meta":"","astra-migrate-meta-layouts":"default","ast-page-background-enabled":"default","ast-page-background-meta":{"desktop":{"background-color":"var(--ast-global-color-4)","background-image":"","background-repeat":"repeat","background-position":"center center","background-size":"auto","background-attachment":"scroll","background-type":"","background-media":"","overlay-type":"","overlay-color":"","overlay-gradient":""},"tablet":{"background-color":"","background-image":"","background-repeat":"repeat","background-position":"center center","background-size":"auto","background-attachment":"scroll","background-type":"","background-media":"","overlay-type":"","overlay-color":"","overlay-gradient":""},"mobile":{"background-color":"","background-image":"","background-repeat":"repeat","background-position":"center center","background-size":"auto","background-attachment":"scroll","background-type":"","background-media":"","overlay-type":"","overlay-color":"","overlay-gradient":""}},"ast-content-background-meta":{"desktop":{"background-color":"var(--ast-global-color-5)","background-image":"","background-repeat":"repeat","background-position":"center center","background-size":"auto","background-attachment":"scroll","background-type":"","background-media":"","overlay-type":"","overlay-color":"","overlay-gradient":""},"tablet":{"background-color":"var(--ast-global-color-5)","background-image":"","background-repeat":"repeat","background-position":"center center","background-size":"auto","background-attachment":"scroll","background-type":"","background-media":"","overlay-type":"","overlay-color":"","overlay-gradient":""},"mobile":{"background-color":"var(--ast-global-color-5)","background-image":"","background-repeat":"repeat","background-position":"center center","background-size":"auto","background-attachment":"scroll","background-type":"","background-media":"","overlay-type":"","overlay-color":"","overlay-gradient":""}},"footnotes":""},"categories":[36483,4914],"tags":[196998,196997,19783,191466],"class_list":["post-95834","post","type-post","status-publish","format-standard","hentry","category-biologia-molecular","category-historia-de-la-biologia","tag-annette-milberger-rogele","tag-francisco-javier-calvo-monreal","tag-jon-arrizabalaga-valbuena","tag-maria-jesus-santesmases-navarro-de-palen"],"_links":{"self":[{"href":"https:\/\/www.deberes.net\/tesis\/wp-json\/wp\/v2\/posts\/95834","targetHints":{"allow":["GET"]}}],"collection":[{"href":"https:\/\/www.deberes.net\/tesis\/wp-json\/wp\/v2\/posts"}],"about":[{"href":"https:\/\/www.deberes.net\/tesis\/wp-json\/wp\/v2\/types\/post"}],"author":[{"embeddable":true,"href":"https:\/\/www.deberes.net\/tesis\/wp-json\/wp\/v2\/users\/1"}],"replies":[{"embeddable":true,"href":"https:\/\/www.deberes.net\/tesis\/wp-json\/wp\/v2\/comments?post=95834"}],"version-history":[{"count":0,"href":"https:\/\/www.deberes.net\/tesis\/wp-json\/wp\/v2\/posts\/95834\/revisions"}],"wp:attachment":[{"href":"https:\/\/www.deberes.net\/tesis\/wp-json\/wp\/v2\/media?parent=95834"}],"wp:term":[{"taxonomy":"category","embeddable":true,"href":"https:\/\/www.deberes.net\/tesis\/wp-json\/wp\/v2\/categories?post=95834"},{"taxonomy":"post_tag","embeddable":true,"href":"https:\/\/www.deberes.net\/tesis\/wp-json\/wp\/v2\/tags?post=95834"}],"curies":[{"name":"wp","href":"https:\/\/api.w.org\/{rel}","templated":true}]}}