{"id":95845,"date":"2009-10-09T00:00:00","date_gmt":"2009-10-09T00:00:00","guid":{"rendered":"https:\/\/www.deberes.net\/tesis\/sin-categoria\/why-do-some-people-master-a-second-language-while-others-do-not\/"},"modified":"2009-10-09T00:00:00","modified_gmt":"2009-10-09T00:00:00","slug":"why-do-some-people-master-a-second-language-while-others-do-not","status":"publish","type":"post","link":"https:\/\/www.deberes.net\/tesis\/barcelona\/why-do-some-people-master-a-second-language-while-others-do-not\/","title":{"rendered":"Why do some people master a second language? (while others do not)"},"content":{"rendered":"<h2>Tesis doctoral de <strong> Bego\u00f1a D\u00edaz  Men\u00e9ndez <\/strong><\/h2>\n<p>Esta tesis investiga el origen de las diferencias individuales en el aprendizaje de la fonolog\u00eda y la sintaxis de segundas lenguas. Tanto para los estudios sobre fonolog\u00eda como para los estudios sobre sintaxis, la edad de aprendizaje de la segunda lengua y el nivel de competencia se manipularon ortogonalmente: los grupos de biling\u00ed\u00bces estudiados difer\u00edan en la competencia adquirida pero ten\u00edan edades de adquisici\u00f3n de la segunda lengua comparables. En los estudios sobre fonolog\u00eda comparamos las capacidades de discriminaci\u00f3n auditivas de perceptores buenos y pobres de un contraste fon\u00e9tico de la segunda lengua. Los participantes fueron seleccionados de poblaciones de biling\u00ed\u00bces tempranos y tard\u00edos. Para cada uno de perceptores, se evalu\u00f3 la onda cerebral mismatch negavity (mmn) en respuesta a diferencias entre tonos (condiciones ac\u00fasticas: de duraci\u00f3n, de frecuencia y de patr\u00f3n) y fonemas (nativa y no nativa). Para las condiciones ac\u00fasticas, la mmn fue comparable entre los dos grupos de perceptores. Sin embargo, para la condici\u00f3n fon\u00e9tica los buenos perceptores (tanto biling\u00ed\u00bces tempranos como tard\u00edos) mostraron una onda mmn mayor para los dos tipos de contrastes fon\u00e9ticos (nativos y no nativos) que los perceptores pobres. Dado que los perceptores buenos y pobres difieren en la discriminaci\u00f3n de fonemas nativos, el origen de las diferencias en el aprendizaje del sistema fon\u00e9tico de la segunda lengua parece ser de origen gen\u00e9tico. los estudios sobre el aprendizaje de la sintaxis de una segunda lengua compararon biling\u00ed\u00bcees con una competencia buena o pobre de la segunda lengua. Los grupos elegidos en funci\u00f3n de su nivel de competencia fueron seleccionados de poblaciones de biling\u00ed\u00bces tempranos y tard\u00edos y no difer\u00edan en su capacidad de memoria de trabajo. Todos los participantes realizaron una tarea de juicio gramatical con frases de su segunda lengua que fueron presentadas auditivamente. Durante la ejecuci\u00f3n de la tarea, los potenciales cerebrales evocados por el procesamiento de la segunda lengua fueron registrados. La actividad cerebral generada por el procesamiento de la segunda lengua fue distinta dependiendo del nivel de competencia de los participantes, independientemente de la edad a la que aprendieron la segunda lengua. Las diferencias entre biling\u00ed\u00bces altamente competentes y poco competenentes no se explican por edad a la que aprendieron la segunda lengua ni por la capacidad de su memoria de trabajo.<\/p>\n<p>&nbsp;<\/p>\n<h3>Datos acad\u00e9micos de la tesis doctoral \u00ab<strong>Why do some people master a second language? (while others do not)<\/strong>\u00ab<\/h3>\n<ul>\n<li><strong>T\u00edtulo de la tesis:<\/strong>\u00a0 Why do some people master a second language? (while others do not) <\/li>\n<li><strong>Autor:<\/strong>\u00a0 Bego\u00f1a D\u00edaz  Men\u00e9ndez <\/li>\n<li><strong>Universidad:<\/strong>\u00a0 Barcelona<\/li>\n<li><strong>Fecha de lectura de la tesis:<\/strong>\u00a0 10\/09\/2009<\/li>\n<\/ul>\n<p>&nbsp;<\/p>\n<h3>Direcci\u00f3n y tribunal<\/h3>\n<ul>\n<li><strong>Director de la tesis<\/strong>\n<ul>\n<li>Nuria Sebastian Galles<\/li>\n<\/ul>\n<\/li>\n<li><strong>Tribunal<\/strong>\n<ul>\n<li>Presidente del tribunal: miren itziar Laka mugarza <\/li>\n<li>christophe Pallier (vocal)<\/li>\n<li>  (vocal)<\/li>\n<li>  (vocal)<\/li>\n<\/ul>\n<\/li>\n<\/ul>\n<p>&nbsp;<\/p>\n","protected":false},"excerpt":{"rendered":"<p>Tesis doctoral de Bego\u00f1a D\u00edaz Men\u00e9ndez Esta tesis investiga el origen de las diferencias individuales en el aprendizaje de la [&hellip;]<\/p>\n","protected":false},"author":1,"featured_media":0,"comment_status":"open","ping_status":"open","sticky":false,"template":"","format":"standard","meta":{"site-sidebar-layout":"default","site-content-layout":"","ast-site-content-layout":"","site-content-style":"default","site-sidebar-style":"default","ast-global-header-display":"","ast-banner-title-visibility":"","ast-main-header-display":"","ast-hfb-above-header-display":"","ast-hfb-below-header-display":"","ast-hfb-mobile-header-display":"","site-post-title":"","ast-breadcrumbs-content":"","ast-featured-img":"","footer-sml-layout":"","theme-transparent-header-meta":"","adv-header-id-meta":"","stick-header-meta":"","header-above-stick-meta":"","header-main-stick-meta":"","header-below-stick-meta":"","astra-migrate-meta-layouts":"default","ast-page-background-enabled":"default","ast-page-background-meta":{"desktop":{"background-color":"var(--ast-global-color-4)","background-image":"","background-repeat":"repeat","background-position":"center center","background-size":"auto","background-attachment":"scroll","background-type":"","background-media":"","overlay-type":"","overlay-color":"","overlay-gradient":""},"tablet":{"background-color":"","background-image":"","background-repeat":"repeat","background-position":"center center","background-size":"auto","background-attachment":"scroll","background-type":"","background-media":"","overlay-type":"","overlay-color":"","overlay-gradient":""},"mobile":{"background-color":"","background-image":"","background-repeat":"repeat","background-position":"center center","background-size":"auto","background-attachment":"scroll","background-type":"","background-media":"","overlay-type":"","overlay-color":"","overlay-gradient":""}},"ast-content-background-meta":{"desktop":{"background-color":"var(--ast-global-color-5)","background-image":"","background-repeat":"repeat","background-position":"center center","background-size":"auto","background-attachment":"scroll","background-type":"","background-media":"","overlay-type":"","overlay-color":"","overlay-gradient":""},"tablet":{"background-color":"var(--ast-global-color-5)","background-image":"","background-repeat":"repeat","background-position":"center center","background-size":"auto","background-attachment":"scroll","background-type":"","background-media":"","overlay-type":"","overlay-color":"","overlay-gradient":""},"mobile":{"background-color":"var(--ast-global-color-5)","background-image":"","background-repeat":"repeat","background-position":"center center","background-size":"auto","background-attachment":"scroll","background-type":"","background-media":"","overlay-type":"","overlay-color":"","overlay-gradient":""}},"footnotes":""},"categories":[951],"tags":[197016,124819,197017,25976],"class_list":["post-95845","post","type-post","status-publish","format-standard","hentry","category-barcelona","tag-begona-diaz-menendez","tag-christophe-pallier","tag-miren-itziar-laka-mugarza","tag-nuria-sebastian-galles"],"_links":{"self":[{"href":"https:\/\/www.deberes.net\/tesis\/wp-json\/wp\/v2\/posts\/95845","targetHints":{"allow":["GET"]}}],"collection":[{"href":"https:\/\/www.deberes.net\/tesis\/wp-json\/wp\/v2\/posts"}],"about":[{"href":"https:\/\/www.deberes.net\/tesis\/wp-json\/wp\/v2\/types\/post"}],"author":[{"embeddable":true,"href":"https:\/\/www.deberes.net\/tesis\/wp-json\/wp\/v2\/users\/1"}],"replies":[{"embeddable":true,"href":"https:\/\/www.deberes.net\/tesis\/wp-json\/wp\/v2\/comments?post=95845"}],"version-history":[{"count":0,"href":"https:\/\/www.deberes.net\/tesis\/wp-json\/wp\/v2\/posts\/95845\/revisions"}],"wp:attachment":[{"href":"https:\/\/www.deberes.net\/tesis\/wp-json\/wp\/v2\/media?parent=95845"}],"wp:term":[{"taxonomy":"category","embeddable":true,"href":"https:\/\/www.deberes.net\/tesis\/wp-json\/wp\/v2\/categories?post=95845"},{"taxonomy":"post_tag","embeddable":true,"href":"https:\/\/www.deberes.net\/tesis\/wp-json\/wp\/v2\/tags?post=95845"}],"curies":[{"name":"wp","href":"https:\/\/api.w.org\/{rel}","templated":true}]}}