{"id":95886,"date":"2018-03-11T10:15:59","date_gmt":"2018-03-11T10:15:59","guid":{"rendered":"https:\/\/www.deberes.net\/tesis\/sin-categoria\/essays-on-macroeconomics-and-migration\/"},"modified":"2018-03-11T10:15:59","modified_gmt":"2018-03-11T10:15:59","slug":"essays-on-macroeconomics-and-migration","status":"publish","type":"post","link":"https:\/\/www.deberes.net\/tesis\/modelos-y-teorias-del-desarrollo-economico\/essays-on-macroeconomics-and-migration\/","title":{"rendered":"Essays on macroeconomics and migration"},"content":{"rendered":"<h2>Tesis doctoral de <strong> Joel L\u00f3pez Real <\/strong><\/h2>\n<p>Actualmente el estudio de la migraci\u00f3n despierta un gran inter\u00e9s y est\u00e1 siendo abarcado desde distintos \u00e1ngulos, poniendo de manifesto que la migraci\u00f3n es un tema tan relevante como delicado que engloba diferentes ramas de la econom\u00eda. Quiz\u00e1s en este punto radica tanto la belleza como la complejidad de la migraci\u00f3n en econom\u00eda. La decis\u00edon de emigrar se ve afectada por el entorno econ\u00f3mico que la rodea pero, como actividad econ\u00f3mica, la migraci\u00f3n interacciona en la econom\u00eda internacional. As\u00ed que la decisi\u00f3n de emigrar depende de factores econ\u00f3micos, sociol\u00f3gicos y pol\u00edticos en una econom\u00eda internacional inmersa en un proceso de globalizaci\u00f3n. Entender estas ex-ante y ex-post conexiones entre migraci\u00f3n y diferentes variables econ\u00f3micas sigue suponiendo un reto y es el objetivo de esta tesis.  resulta sorprendente que la relaci\u00f3n entre migraci\u00f3n y muchas cuetiones econ\u00f3micas no hayan sido estudiadas en un entorno macroecon\u00f3mico global. Los trabajos que tratan la migraci\u00f3n presentan los siguientes rasgos comunes. La gran mayor\u00eda usan modelos de equilibrio est\u00e1tico y parcial. Por otro lado, la disponibilidad limitada de datos en este campo. Introducir migraci\u00f3n en un modelo de equilibrio general no resulta un ejercicio trivial, menos a\u00fan si la decisi\u00f3n de emigrar es end\u00f3gena, lo que seguramente justifica las decisiones tomadas hasta la fecha por los estudios que han analizado la migraci\u00f3n. Para estudiar debidamente las relaci\u00f3n entre migraci\u00f3n y factores econ\u00f3micos es necesario un modelo de equilibrio general porque solo este entorno es sufcientemente rico como para capturar estas interacciones. Esta tesis presenta un modelo de econom\u00eda internacional que est\u00e1 en l\u00ednea con el argumento anteriormente presentado y que puede ser utilizado como laboratorio econ\u00f3mico para investigar la migraci\u00f3n y sus efectos en diferentes dimensiones.  puede ser argumentado que la investigaci\u00f3n de la migraci\u00f3n ha de hacerse a trav\u00e9s de los datos y, efectivamente, existen una gran variedad de art\u00edculos que han optado por esta v\u00eda. Desafortunadamente, sin embargo, los datos en este \u00e1mbito en sus diferentes vertientes son escasos y, cuando existen, son muy limitados, restringinedo la capacidad de los trabajos emp\u00edricos, por lo que un modelo te\u00f3rico es necesario por diferentes motivos. Primero, para ser un complemento en aquellos casos donde existen datos suficientes como para desarrollar una teor\u00eda y, segundo, para poder responder aquellas cuestiones que los datos no pueden. Adem\u00e1s, en este \u00faltimo caso, un modelo te\u00f3rico puede destacar nuevos enfoques que ayuden a progresar a los trabajos emp\u00edricos. Obviamente, estas dos formas de tratar con un mismo problema deben ser vistas como complementarias en lugar de sustitutivas, ya que ambas se benefician de un desarrollo mutuo.   esta tesis investiga la migraci\u00f3n y su relaci\u00f3n con el comercio internacional, el capital humano y la desigualdad. Estas \u00faltimas son materias importantes y tradicionales en econom\u00eda, pero s\u00f3lo el comercio internacional se ha ocupado de la migraci\u00f3n cuando ha considerado la complementariedad y la sustitutibilidad entre comercio y movilidad de los factores, aunque el esfuerzo se ha concentrado principalmente en la movilidad del capital f\u00edsico en lugar de en la movilidad del capital humano. Resulta sorprendente que, tanto la relaci\u00f3n entre migraci\u00f3n y capital humano, como entre migraci\u00f3n y desigualdad carezcan de una investigaci\u00f3n sistem\u00e1tica, cuando es notorio que estas relaciones son de crucial importancia, como queda demostrado en esta tesis.<\/p>\n<p>&nbsp;<\/p>\n<h3>Datos acad\u00e9micos de la tesis doctoral \u00ab<strong>Essays on macroeconomics and migration<\/strong>\u00ab<\/h3>\n<ul>\n<li><strong>T\u00edtulo de la tesis:<\/strong>\u00a0 Essays on macroeconomics and migration <\/li>\n<li><strong>Autor:<\/strong>\u00a0 Joel L\u00f3pez Real <\/li>\n<li><strong>Universidad:<\/strong>\u00a0 Carlos III de Madrid<\/li>\n<li><strong>Fecha de lectura de la tesis:<\/strong>\u00a0 14\/09\/2009<\/li>\n<\/ul>\n<p>&nbsp;<\/p>\n<h3>Direcci\u00f3n y tribunal<\/h3>\n<ul>\n<li><strong>Director de la tesis<\/strong>\n<ul>\n<li>Antonia D\u00edaz Rodr\u00edguez<\/li>\n<\/ul>\n<\/li>\n<li><strong>Tribunal<\/strong>\n<ul>\n<li>Presidente del tribunal: jordi Caballe vilella <\/li>\n<li>Andr\u00e9s Erosa etchebehere (vocal)<\/li>\n<li>Luis a. Puch (vocal)<\/li>\n<li>Javier D\u00edaz gim\u00e9nez (vocal)<\/li>\n<\/ul>\n<\/li>\n<\/ul>\n<p>&nbsp;<\/p>\n","protected":false},"excerpt":{"rendered":"<p>Tesis doctoral de Joel L\u00f3pez Real Actualmente el estudio de la migraci\u00f3n despierta un gran inter\u00e9s y est\u00e1 siendo abarcado [&hellip;]<\/p>\n","protected":false},"author":1,"featured_media":0,"comment_status":"open","ping_status":"open","sticky":false,"template":"","format":"standard","meta":{"site-sidebar-layout":"default","site-content-layout":"","ast-site-content-layout":"","site-content-style":"default","site-sidebar-style":"default","ast-global-header-display":"","ast-banner-title-visibility":"","ast-main-header-display":"","ast-hfb-above-header-display":"","ast-hfb-below-header-display":"","ast-hfb-mobile-header-display":"","site-post-title":"","ast-breadcrumbs-content":"","ast-featured-img":"","footer-sml-layout":"","theme-transparent-header-meta":"","adv-header-id-meta":"","stick-header-meta":"","header-above-stick-meta":"","header-main-stick-meta":"","header-below-stick-meta":"","astra-migrate-meta-layouts":"default","ast-page-background-enabled":"default","ast-page-background-meta":{"desktop":{"background-color":"var(--ast-global-color-4)","background-image":"","background-repeat":"repeat","background-position":"center center","background-size":"auto","background-attachment":"scroll","background-type":"","background-media":"","overlay-type":"","overlay-color":"","overlay-gradient":""},"tablet":{"background-color":"","background-image":"","background-repeat":"repeat","background-position":"center center","background-size":"auto","background-attachment":"scroll","background-type":"","background-media":"","overlay-type":"","overlay-color":"","overlay-gradient":""},"mobile":{"background-color":"","background-image":"","background-repeat":"repeat","background-position":"center center","background-size":"auto","background-attachment":"scroll","background-type":"","background-media":"","overlay-type":"","overlay-color":"","overlay-gradient":""}},"ast-content-background-meta":{"desktop":{"background-color":"var(--ast-global-color-5)","background-image":"","background-repeat":"repeat","background-position":"center center","background-size":"auto","background-attachment":"scroll","background-type":"","background-media":"","overlay-type":"","overlay-color":"","overlay-gradient":""},"tablet":{"background-color":"var(--ast-global-color-5)","background-image":"","background-repeat":"repeat","background-position":"center center","background-size":"auto","background-attachment":"scroll","background-type":"","background-media":"","overlay-type":"","overlay-color":"","overlay-gradient":""},"mobile":{"background-color":"var(--ast-global-color-5)","background-image":"","background-repeat":"repeat","background-position":"center center","background-size":"auto","background-attachment":"scroll","background-type":"","background-media":"","overlay-type":"","overlay-color":"","overlay-gradient":""}},"footnotes":""},"categories":[18550,23723,829,6830,890],"tags":[49085,39892,60151,197088,13876,197089],"class_list":["post-95886","post","type-post","status-publish","format-standard","hentry","category-carlos-iii-de-madrid","category-migraciones","category-modelos-y-teorias-del-desarrollo-economico","category-teoria-del-comercio-internacional","category-teoria-del-crecimiento-economico","tag-andres-erosa-etchebehere","tag-antonia-diaz-rodriguez","tag-javier-diaz-gimenez","tag-joel-lopez-real","tag-jordi-caballe-vilella","tag-luis-a-puch"],"_links":{"self":[{"href":"https:\/\/www.deberes.net\/tesis\/wp-json\/wp\/v2\/posts\/95886","targetHints":{"allow":["GET"]}}],"collection":[{"href":"https:\/\/www.deberes.net\/tesis\/wp-json\/wp\/v2\/posts"}],"about":[{"href":"https:\/\/www.deberes.net\/tesis\/wp-json\/wp\/v2\/types\/post"}],"author":[{"embeddable":true,"href":"https:\/\/www.deberes.net\/tesis\/wp-json\/wp\/v2\/users\/1"}],"replies":[{"embeddable":true,"href":"https:\/\/www.deberes.net\/tesis\/wp-json\/wp\/v2\/comments?post=95886"}],"version-history":[{"count":0,"href":"https:\/\/www.deberes.net\/tesis\/wp-json\/wp\/v2\/posts\/95886\/revisions"}],"wp:attachment":[{"href":"https:\/\/www.deberes.net\/tesis\/wp-json\/wp\/v2\/media?parent=95886"}],"wp:term":[{"taxonomy":"category","embeddable":true,"href":"https:\/\/www.deberes.net\/tesis\/wp-json\/wp\/v2\/categories?post=95886"},{"taxonomy":"post_tag","embeddable":true,"href":"https:\/\/www.deberes.net\/tesis\/wp-json\/wp\/v2\/tags?post=95886"}],"curies":[{"name":"wp","href":"https:\/\/api.w.org\/{rel}","templated":true}]}}