{"id":95981,"date":"2018-03-11T10:16:04","date_gmt":"2018-03-11T10:16:04","guid":{"rendered":"https:\/\/www.deberes.net\/tesis\/sin-categoria\/analisis-sobre-la-sensibilidad-energetica-y-medioambiental-de-los-parametros-funcionales-en-los-centros-de-salud-de-extremadura\/"},"modified":"2018-03-11T10:16:04","modified_gmt":"2018-03-11T10:16:04","slug":"analisis-sobre-la-sensibilidad-energetica-y-medioambiental-de-los-parametros-funcionales-en-los-centros-de-salud-de-extremadura","status":"publish","type":"post","link":"https:\/\/www.deberes.net\/tesis\/extremadura\/analisis-sobre-la-sensibilidad-energetica-y-medioambiental-de-los-parametros-funcionales-en-los-centros-de-salud-de-extremadura\/","title":{"rendered":"An\u00e1lisis sobre la sensibilidad energ\u00e9tica y medioambiental de los par\u00e1metros funcionales en los centros de salud de extremadura"},"content":{"rendered":"<h2>Tesis doctoral de <strong> Justo Garcia Sanz-calcedo <\/strong><\/h2>\n<p>El patr\u00f3n de desarrollo de nuestra sociedad no es sostenible, en parte debido al agotamiento de las fuentes naturales y en parte al impacto ambiental que producimos. Hacer frente a este problema utilizando el ahorro energ\u00e9tico como herramienta, es la estrategia que se desarrolla en la presente tesis doctoral, aplicada a una tipolog\u00eda edificatoria singular: el centro de salud, edificios del sector terciario gestionados por distintas administraciones p\u00fablicas.   el reconocimiento de la importancia del centro de salud, como agente consumidor de energ\u00eda y emisor de contaminantes durante su vida operativa, y un dise\u00f1o bioclim\u00e1ticamente correcto permite una reducci\u00f3n en la potencia y tama\u00f1o de la instalaci\u00f3n de iluminaci\u00f3n, climatizaci\u00f3n y ventilaci\u00f3n, reducci\u00f3n que permite sistemas de energ\u00edas renovables de menor tama\u00f1o y, por ello, econ\u00f3micamente abordables.   \tel incremento de consumos experimentado en el sector de la edificaci\u00f3n en los \u00faltimos a\u00f1os, responde a una mejora generalizada de las condiciones de confort de los centros de trabajo, impulsado por una normativa cada vez m\u00e1s exigente en este sentido.  Sin embargo, siguen sin considerarse en el dise\u00f1o de las construcciones actuales, factores como la orientaci\u00f3n, el aislamiento t\u00e9rmico, o los materiales empleados, que pueden incidir en un importante incremento de la demanda energ\u00e9tica, empleada para satisfacer las necesidades de calefacci\u00f3n, refrigeraci\u00f3n, agua caliente sanitaria o iluminaci\u00f3n de un edificio.\t  \tun dise\u00f1o coherente de las edificaciones, incluyendo elementos propios de la construcci\u00f3n bioclim\u00e1tica, el empleo de sistemas de producci\u00f3n t\u00e9rmica energ\u00e9ticamente eficientes, la implementaci\u00f3n de planes de mantenimiento para las instalaciones, junto con la introducci\u00f3n de t\u00e9cnicas de gesti\u00f3n que permitan un uso racional de la energ\u00eda consumida en el edificio permitir\u00edan alcanzar, a costes razonables de actuaci\u00f3n, un ahorro energ\u00e9tico superior al 30 % respecto a las construcciones actuales.  \ttodos los procedimientos para medir la eficiencia energ\u00e9tica y medioambiental de edificios del sector terciario, basados tanto en c\u00e1lculos a mano como en complejos programas inform\u00e1ticos, eval\u00faan la eficacia mediante \u00edndices basados en el consumo de energ\u00eda referidos a la unidad de superficie, construida o \u00fatil de un edificio. Este sistema de evaluaci\u00f3n induce a errores, pues considera el uso similares todos los edificios, y en ning\u00fan momento se tiene en cuenta si el edificio est\u00e1 correctamente dimensionado.  \ttras un detallado an\u00e1lisis de la situaci\u00f3n energ\u00e9tica y medioambiental de los centros de salud de extremadura, y tras establecer unos criterios generales de dise\u00f1o, se analiza la sensibilidad  energ\u00e9tica y medioambiental de los par\u00e1metros funcionales en los mismos, teniendo en cuenta las peculiaridades sanitarias de \u00e9stas tipolog\u00edas constructivas, que casi por definici\u00f3n, deben ser edificios sanos, proponiendo indicadores energ\u00e9ticos y medioambientales, en funci\u00f3n del n\u00famero de usuarios que hacen uso del centro de salud.  \tadem\u00e1s, se establecen una serie de ecuaciones e \u00edndices de referencias que permiten calcular, en funci\u00f3n de los par\u00e1metros operacionales y funcionales del centro de salud, los indicadores econ\u00f3micos, energ\u00e9ticos y medioambientales imprescindibles para optimizar el dise\u00f1o, y gestionar los costes, desde el punto de vista de la eficiencia energ\u00e9tica y medioambiental.  \ty por \u00faltimo se definen indicadores de eficiencia energ\u00e9tica y medioambiental, en base al n\u00famero de usuarios del centro de salud, indicadores que pueden ser \u00fatiles como referencia de sostenibilidad de un edificio de \u00e9sta tipolog\u00eda.<\/p>\n<p>&nbsp;<\/p>\n<h3>Datos acad\u00e9micos de la tesis doctoral \u00ab<strong>An\u00e1lisis sobre la sensibilidad energ\u00e9tica y medioambiental de los par\u00e1metros funcionales en los centros de salud de extremadura<\/strong>\u00ab<\/h3>\n<ul>\n<li><strong>T\u00edtulo de la tesis:<\/strong>\u00a0 An\u00e1lisis sobre la sensibilidad energ\u00e9tica y medioambiental de los par\u00e1metros funcionales en los centros de salud de extremadura <\/li>\n<li><strong>Autor:<\/strong>\u00a0 Justo Garcia Sanz-calcedo <\/li>\n<li><strong>Universidad:<\/strong>\u00a0 Extremadura<\/li>\n<li><strong>Fecha de lectura de la tesis:<\/strong>\u00a0 18\/09\/2009<\/li>\n<\/ul>\n<p>&nbsp;<\/p>\n<h3>Direcci\u00f3n y tribunal<\/h3>\n<ul>\n<li><strong>Director de la tesis<\/strong>\n<ul>\n<li>Fernando Lopez Rodriguez<\/li>\n<\/ul>\n<\/li>\n<li><strong>Tribunal<\/strong>\n<ul>\n<li>Presidente del tribunal: Antonio  luiz Moura joyce <\/li>\n<li>angel isidro Mena nieto (vocal)<\/li>\n<li>Mar\u00eda rosario Heras celem\u00edn (vocal)<\/li>\n<li>Antonio Ru\u00edz celma (vocal)<\/li>\n<\/ul>\n<\/li>\n<\/ul>\n<p>&nbsp;<\/p>\n","protected":false},"excerpt":{"rendered":"<p>Tesis doctoral de Justo Garcia Sanz-calcedo El patr\u00f3n de desarrollo de nuestra sociedad no es sostenible, en parte debido al [&hellip;]<\/p>\n","protected":false},"author":1,"featured_media":0,"comment_status":"open","ping_status":"open","sticky":false,"template":"","format":"standard","meta":{"site-sidebar-layout":"default","site-content-layout":"","ast-site-content-layout":"","site-content-style":"default","site-sidebar-style":"default","ast-global-header-display":"","ast-banner-title-visibility":"","ast-main-header-display":"","ast-hfb-above-header-display":"","ast-hfb-below-header-display":"","ast-hfb-mobile-header-display":"","site-post-title":"","ast-breadcrumbs-content":"","ast-featured-img":"","footer-sml-layout":"","theme-transparent-header-meta":"","adv-header-id-meta":"","stick-header-meta":"","header-above-stick-meta":"","header-main-stick-meta":"","header-below-stick-meta":"","astra-migrate-meta-layouts":"default","ast-page-background-enabled":"default","ast-page-background-meta":{"desktop":{"background-color":"var(--ast-global-color-4)","background-image":"","background-repeat":"repeat","background-position":"center center","background-size":"auto","background-attachment":"scroll","background-type":"","background-media":"","overlay-type":"","overlay-color":"","overlay-gradient":""},"tablet":{"background-color":"","background-image":"","background-repeat":"repeat","background-position":"center center","background-size":"auto","background-attachment":"scroll","background-type":"","background-media":"","overlay-type":"","overlay-color":"","overlay-gradient":""},"mobile":{"background-color":"","background-image":"","background-repeat":"repeat","background-position":"center center","background-size":"auto","background-attachment":"scroll","background-type":"","background-media":"","overlay-type":"","overlay-color":"","overlay-gradient":""}},"ast-content-background-meta":{"desktop":{"background-color":"var(--ast-global-color-5)","background-image":"","background-repeat":"repeat","background-position":"center center","background-size":"auto","background-attachment":"scroll","background-type":"","background-media":"","overlay-type":"","overlay-color":"","overlay-gradient":""},"tablet":{"background-color":"var(--ast-global-color-5)","background-image":"","background-repeat":"repeat","background-position":"center center","background-size":"auto","background-attachment":"scroll","background-type":"","background-media":"","overlay-type":"","overlay-color":"","overlay-gradient":""},"mobile":{"background-color":"var(--ast-global-color-5)","background-image":"","background-repeat":"repeat","background-position":"center center","background-size":"auto","background-attachment":"scroll","background-type":"","background-media":"","overlay-type":"","overlay-color":"","overlay-gradient":""}},"footnotes":""},"categories":[25643,949,44809,1333,2206],"tags":[192584,197234,69028,97793,197233,15703],"class_list":["post-95981","post","type-post","status-publish","format-standard","hentry","category-edificios-publicos","category-extremadura","category-ingenieria-sanitaria","category-ingenieria-y-tecnologia-del-medio-ambiente","category-tecnologia-energetica","tag-angel-isidro-mena-nieto","tag-antonio-luiz-moura-joyce","tag-antonio-ruiz-celma","tag-fernando-lopez-rodriguez","tag-justo-garcia-sanz-calcedo","tag-maria-rosario-heras-celemin"],"_links":{"self":[{"href":"https:\/\/www.deberes.net\/tesis\/wp-json\/wp\/v2\/posts\/95981","targetHints":{"allow":["GET"]}}],"collection":[{"href":"https:\/\/www.deberes.net\/tesis\/wp-json\/wp\/v2\/posts"}],"about":[{"href":"https:\/\/www.deberes.net\/tesis\/wp-json\/wp\/v2\/types\/post"}],"author":[{"embeddable":true,"href":"https:\/\/www.deberes.net\/tesis\/wp-json\/wp\/v2\/users\/1"}],"replies":[{"embeddable":true,"href":"https:\/\/www.deberes.net\/tesis\/wp-json\/wp\/v2\/comments?post=95981"}],"version-history":[{"count":0,"href":"https:\/\/www.deberes.net\/tesis\/wp-json\/wp\/v2\/posts\/95981\/revisions"}],"wp:attachment":[{"href":"https:\/\/www.deberes.net\/tesis\/wp-json\/wp\/v2\/media?parent=95981"}],"wp:term":[{"taxonomy":"category","embeddable":true,"href":"https:\/\/www.deberes.net\/tesis\/wp-json\/wp\/v2\/categories?post=95981"},{"taxonomy":"post_tag","embeddable":true,"href":"https:\/\/www.deberes.net\/tesis\/wp-json\/wp\/v2\/tags?post=95981"}],"curies":[{"name":"wp","href":"https:\/\/api.w.org\/{rel}","templated":true}]}}