{"id":96011,"date":"2018-03-11T10:16:08","date_gmt":"2018-03-11T10:16:08","guid":{"rendered":"https:\/\/www.deberes.net\/tesis\/sin-categoria\/the-takeoff-of-environmental-technologies-a-historical-analysis-of-timing-and-affecting-factors\/"},"modified":"2018-03-11T10:16:08","modified_gmt":"2018-03-11T10:16:08","slug":"the-takeoff-of-environmental-technologies-a-historical-analysis-of-timing-and-affecting-factors","status":"publish","type":"post","link":"https:\/\/www.deberes.net\/tesis\/innovacion-tecnologica\/the-takeoff-of-environmental-technologies-a-historical-analysis-of-timing-and-affecting-factors\/","title":{"rendered":"The takeoff of environmental technologies: a historical analysis of timing and affecting factors"},"content":{"rendered":"<h2>Tesis doctoral de <strong> Giulia Calabretta <\/strong><\/h2>\n<p>En las \u00faltimas d\u00e9cadas, el impacto incontrolado de las actividades industriales sobre el medioambiente ha comportado la aparici\u00f3n de fuertes preocupaciones en relaci\u00f3n con el medio ambiente. Aunque las empresas tienen muchas opciones para reducir el impacte ambiental de sus actividades a trav\u00e9s del dise\u00f1o de productos y tecnolog\u00edas, las suyas iniciativas se ven frecuentemente sofocadas por el hecho que la introducci\u00f3n de productos ecol\u00f3gicos al mercado suele ser complicada, lenta y muy exigente. El objetivo de esta investigaci\u00f3n es explicar los problemas de difusi\u00f3n de las eco-tecnolog\u00edas (green technologies) desde la perspectiva del dominio tecnol\u00f3gico. Seg\u00fan esta literatura, \u00abel cambio tecnol\u00f3gico se puede caracterizar realmente como un proceso evolutivo y sociocultural de variaci\u00f3n, selecci\u00f3n y retenci\u00f3n (anderson y tushman, 1990), a trav\u00e9s del cual finalmente surge una tecnolog\u00eda dominante. Este proceso de selecci\u00f3n prende forma a partir de las din\u00e1micas sociales, pol\u00edticas y organizativas que operan tanto a nivel industrial que empresarial. Siendo las eco-tecnolog\u00edas innovaciones disruptivas para los sectores en que se implementan,  la suya aceptaci\u00f3n definitiva est\u00e1 subordinada a la interacci\u00f3n constante entre las capacidades de la empresa, la voluntad de los directivos, las normas institucionales y las din\u00e1micas competitivas. Este estudio explora este estado de ebullici\u00f3n en la difusi\u00f3n de las tecnolog\u00edas ecol\u00f3gicas (environmental technologies) por medio de un an\u00e1lisis de las etapas necesarias para el arranque de un nuevo producto que incorpora este tipo de tecnolog\u00edas, y por medio de la identificaci\u00f3n de un modelo sistem\u00e1tico en la interacci\u00f3n entre las fuerzas evolutivas. La parte emp\u00edrica consiste en una an\u00e1lisis cuantitativa de los datos de archivo de industrias caracterizadas por un gran impacte medioambiental (autom\u00f3vil, electrodom\u00e9sticos, iluminaci\u00f3n). Con el objetivo de   estudiar el arranque de las tecnolog\u00edas ecol\u00f3gicas, se han recogido y procesado datos sobre las ventas y se han ajustado con la funci\u00f3n log\u00edstica generalizada. Los resultados demuestran la existencia de un modelo de difusi\u00f3n en forma de s, aunque que el tiempo de arranque no se puede generalizar. Para examinar el modelo temporal de la interacci\u00f3n entre las fuerzas evolutivas, se han utilizado t\u00e9cnicas de an\u00e1lisis de sobrevivencia y regresi\u00f3n por m\u00ednimos cuadrados generalizados. Los resultados sugieren que el dise\u00f1o de productos que incorporan tecnolog\u00edas ecol\u00f3gicas deber\u00eda siempre equilibrar el rendimiento del atributo tradicional y del atributo disruptivo. Adem\u00e1s, es importante para el arranque de las eco-tecnolog\u00edas que haya una regulaci\u00f3n que d\u00e9 suporte, aunque su efectividad depende del tipo de herramientas reguladores. Finalmente, el compromiso de los altos directivos tambi\u00e9n es un factor impulsor destacado a la hora de adoptar tecnolog\u00edas ecol\u00f3gicas, aunque hasta hora su importancia se ha subestimado.<\/p>\n<p>&nbsp;<\/p>\n<h3>Datos acad\u00e9micos de la tesis doctoral \u00ab<strong>The takeoff of environmental technologies: a historical analysis of timing and affecting factors<\/strong>\u00ab<\/h3>\n<ul>\n<li><strong>T\u00edtulo de la tesis:<\/strong>\u00a0 The takeoff of environmental technologies: a historical analysis of timing and affecting factors <\/li>\n<li><strong>Autor:<\/strong>\u00a0 Giulia Calabretta <\/li>\n<li><strong>Universidad:<\/strong>\u00a0 Ram\u00f3n llull<\/li>\n<li><strong>Fecha de lectura de la tesis:<\/strong>\u00a0 18\/09\/2009<\/li>\n<\/ul>\n<p>&nbsp;<\/p>\n<h3>Direcci\u00f3n y tribunal<\/h3>\n<ul>\n<li><strong>Director de la tesis<\/strong>\n<ul>\n<li>Jordi Monta\u00f1a Matosas<\/li>\n<\/ul>\n<\/li>\n<li><strong>Tribunal<\/strong>\n<ul>\n<li>Presidente del tribunal: tore Kristensen <\/li>\n<li>boris Durisin (vocal)<\/li>\n<li>  (vocal)<\/li>\n<li>  (vocal)<\/li>\n<\/ul>\n<\/li>\n<\/ul>\n<p>&nbsp;<\/p>\n","protected":false},"excerpt":{"rendered":"<p>Tesis doctoral de Giulia Calabretta En las \u00faltimas d\u00e9cadas, el impacto incontrolado de las actividades industriales sobre el medioambiente ha [&hellip;]<\/p>\n","protected":false},"author":1,"featured_media":0,"comment_status":"open","ping_status":"open","sticky":false,"template":"","format":"standard","meta":{"site-sidebar-layout":"default","site-content-layout":"","ast-site-content-layout":"","site-content-style":"default","site-sidebar-style":"default","ast-global-header-display":"","ast-banner-title-visibility":"","ast-main-header-display":"","ast-hfb-above-header-display":"","ast-hfb-below-header-display":"","ast-hfb-mobile-header-display":"","site-post-title":"","ast-breadcrumbs-content":"","ast-featured-img":"","footer-sml-layout":"","theme-transparent-header-meta":"","adv-header-id-meta":"","stick-header-meta":"","header-above-stick-meta":"","header-main-stick-meta":"","header-below-stick-meta":"","astra-migrate-meta-layouts":"default","ast-page-background-enabled":"default","ast-page-background-meta":{"desktop":{"background-color":"var(--ast-global-color-4)","background-image":"","background-repeat":"repeat","background-position":"center center","background-size":"auto","background-attachment":"scroll","background-type":"","background-media":"","overlay-type":"","overlay-color":"","overlay-gradient":""},"tablet":{"background-color":"","background-image":"","background-repeat":"repeat","background-position":"center center","background-size":"auto","background-attachment":"scroll","background-type":"","background-media":"","overlay-type":"","overlay-color":"","overlay-gradient":""},"mobile":{"background-color":"","background-image":"","background-repeat":"repeat","background-position":"center center","background-size":"auto","background-attachment":"scroll","background-type":"","background-media":"","overlay-type":"","overlay-color":"","overlay-gradient":""}},"ast-content-background-meta":{"desktop":{"background-color":"var(--ast-global-color-5)","background-image":"","background-repeat":"repeat","background-position":"center center","background-size":"auto","background-attachment":"scroll","background-type":"","background-media":"","overlay-type":"","overlay-color":"","overlay-gradient":""},"tablet":{"background-color":"var(--ast-global-color-5)","background-image":"","background-repeat":"repeat","background-position":"center center","background-size":"auto","background-attachment":"scroll","background-type":"","background-media":"","overlay-type":"","overlay-color":"","overlay-gradient":""},"mobile":{"background-color":"var(--ast-global-color-5)","background-image":"","background-repeat":"repeat","background-position":"center center","background-size":"auto","background-attachment":"scroll","background-type":"","background-media":"","overlay-type":"","overlay-color":"","overlay-gradient":""}},"footnotes":""},"categories":[991,5099,32959],"tags":[197287,197285,107556,197286],"class_list":["post-96011","post","type-post","status-publish","format-standard","hentry","category-innovacion-tecnologica","category-marketing","category-ramon-llull","tag-boris-durisin","tag-giulia-calabretta","tag-jordi-montana-matosas","tag-tore-kristensen"],"_links":{"self":[{"href":"https:\/\/www.deberes.net\/tesis\/wp-json\/wp\/v2\/posts\/96011","targetHints":{"allow":["GET"]}}],"collection":[{"href":"https:\/\/www.deberes.net\/tesis\/wp-json\/wp\/v2\/posts"}],"about":[{"href":"https:\/\/www.deberes.net\/tesis\/wp-json\/wp\/v2\/types\/post"}],"author":[{"embeddable":true,"href":"https:\/\/www.deberes.net\/tesis\/wp-json\/wp\/v2\/users\/1"}],"replies":[{"embeddable":true,"href":"https:\/\/www.deberes.net\/tesis\/wp-json\/wp\/v2\/comments?post=96011"}],"version-history":[{"count":0,"href":"https:\/\/www.deberes.net\/tesis\/wp-json\/wp\/v2\/posts\/96011\/revisions"}],"wp:attachment":[{"href":"https:\/\/www.deberes.net\/tesis\/wp-json\/wp\/v2\/media?parent=96011"}],"wp:term":[{"taxonomy":"category","embeddable":true,"href":"https:\/\/www.deberes.net\/tesis\/wp-json\/wp\/v2\/categories?post=96011"},{"taxonomy":"post_tag","embeddable":true,"href":"https:\/\/www.deberes.net\/tesis\/wp-json\/wp\/v2\/tags?post=96011"}],"curies":[{"name":"wp","href":"https:\/\/api.w.org\/{rel}","templated":true}]}}