{"id":96041,"date":"2018-03-11T10:16:08","date_gmt":"2018-03-11T10:16:08","guid":{"rendered":"https:\/\/www.deberes.net\/tesis\/sin-categoria\/factores-geneticos-de-suceptibilidad-no-hla-a-la-deficiencia-de-iga-en-poblacion-espanola\/"},"modified":"2018-03-11T10:16:08","modified_gmt":"2018-03-11T10:16:08","slug":"factores-geneticos-de-suceptibilidad-no-hla-a-la-deficiencia-de-iga-en-poblacion-espanola","status":"publish","type":"post","link":"https:\/\/www.deberes.net\/tesis\/sin-categoria\/factores-geneticos-de-suceptibilidad-no-hla-a-la-deficiencia-de-iga-en-poblacion-espanola\/","title":{"rendered":"Factores gen\u00e9ticos de suceptibilidad no hla a la deficiencia de iga en poblaci\u00f3n espa\u00f1ola."},"content":{"rendered":"<h2>Tesis doctoral de <strong> Raquel Lopez Mejias <\/strong><\/h2>\n<p>Factores gen\u00e9ticos de susceptibilidad no hla a la deficiencia de iga en poblaci\u00f3n espa\u00f1ola    antecedentes la deficiencia selectiva de inmunoglobulina a (iga) es una inmunodeficiencia humoral primaria debida a diversas alteraciones en el proceso de m aduraci\u00f3n y desarrollo de los linfocitos b, que se caracteriza por la incapacidad de un individuo para producir anticuerpos de cualquiera de las dos subclases de iga: iga1 o iga2 (1). El diagn\u00f3stico de esta enfermedad se realiza por an\u00e1lisis de los n iveles de iga en suero (menores de 0,05 g\/l) mediante nefelometr\u00eda. En poblaciones cauc\u00e1sicas su preValencia es de aproximadamente 1\/600 individuos (2), siendo por tanto la inmunodeficiencia primaria m\u00e1s com\u00fan. Por ser la iga la principal inmunoglobu lina secretada, la deficiencia selectiva de iga est\u00e1 asociada a una elevada incidencia de infecciones, fundamentalmente gastrointestinales y del tracto respiratorio (3). Por otra parte, hay que resaltar el hecho de que algunos de estos pacientes pres entan niveles de ige elevados, lo que resulta en la aparici\u00f3n de diversos fen\u00f3menos al\u00e9rgicos (3). Sin embargo, el grupo m\u00e1s numeroso de enfermedades asociadas a la deficiencia de iga es el formado por las enfermedades autoinmunes: artritis reumatoid e, lupus eritematoso sist\u00e9mico (en m\u00e1s del 7  de los pacientes), tiroiditis y enfermedad de addison (4, 5). La deficiencia de iga se encuentra tambi\u00e9n asociada con un incremento del riesgo de desarrollo de procesos malignos, muchos de ellos linfoides  (3). aunque la etiolog\u00eda de esta enfermedad todav\u00eda se desconoce, se sabe que la gen\u00e9tica juega un papel fundamental. El hla es el principal locus de susceptibilidad para la deficiencia de iga (6). De hecho existen una serie de haplotipos del hla, d r1\/dq5, dr7\/dq2, dr3\/dq2, asociados positivamente a la enfermedad (7-11) y un haplotipo, dr2\/dq6, asociado negativamente (9). Sin embargo, todav\u00eda no se conoce la localizaci\u00f3n precisa dentro del hla del gen que confiere susceptibilidad a padecer defi ciencia de iga. El papel del complejo hla en esta enfermedad es claro, y nuestro grupo ha contribuido en dilucidar el papel de esos haplotipos en la enfermedad (12-14). Sin embargo, el hla no explica toda la influencia gen\u00e9tica en la enfermedad sino aproximadamente el 40  (15). existen diversos genes situados fuera del hla que por su funci\u00f3n o por estudios previos pueden contribuir al desarrollo de la deficiencia de iga. Entre ellos se encuentran genes que codifican para diversas citoquinas, com<\/p>\n<p>&nbsp;<\/p>\n<h3>Datos acad\u00e9micos de la tesis doctoral \u00ab<strong>Factores gen\u00e9ticos de suceptibilidad no hla a la deficiencia de iga en poblaci\u00f3n espa\u00f1ola.<\/strong>\u00ab<\/h3>\n<ul>\n<li><strong>T\u00edtulo de la tesis:<\/strong>\u00a0 Factores gen\u00e9ticos de suceptibilidad no hla a la deficiencia de iga en poblaci\u00f3n espa\u00f1ola. <\/li>\n<li><strong>Autor:<\/strong>\u00a0 Raquel Lopez Mejias <\/li>\n<li><strong>Universidad:<\/strong>\u00a0 Complutense de Madrid<\/li>\n<li><strong>Fecha de lectura de la tesis:<\/strong>\u00a0 21\/09\/2009<\/li>\n<\/ul>\n<p>&nbsp;<\/p>\n<h3>Direcci\u00f3n y tribunal<\/h3>\n<ul>\n<li><strong>Director de la tesis<\/strong>\n<ul>\n<li>M. Concepcion Nu\u00f1ez Pardo De Vera<\/li>\n<\/ul>\n<\/li>\n<li><strong>Tribunal<\/strong>\n<ul>\n<li>Presidente del tribunal: Mar\u00eda  monica De la fuente del rey <\/li>\n<li>Antonio Ferreira cerd\u00e1n (vocal)<\/li>\n<li>carmen Rodr\u00edguez sainz (vocal)<\/li>\n<li>Jos\u00e9 Luis Santiago \u00e1lvarez (vocal)<\/li>\n<\/ul>\n<\/li>\n<\/ul>\n<p>&nbsp;<\/p>\n","protected":false},"excerpt":{"rendered":"<p>Tesis doctoral de Raquel Lopez Mejias Factores gen\u00e9ticos de susceptibilidad no hla a la deficiencia de iga en poblaci\u00f3n espa\u00f1ola [&hellip;]<\/p>\n","protected":false},"author":1,"featured_media":0,"comment_status":"open","ping_status":"open","sticky":false,"template":"","format":"standard","meta":{"site-sidebar-layout":"default","site-content-layout":"","ast-site-content-layout":"","site-content-style":"default","site-sidebar-style":"default","ast-global-header-display":"","ast-banner-title-visibility":"","ast-main-header-display":"","ast-hfb-above-header-display":"","ast-hfb-below-header-display":"","ast-hfb-mobile-header-display":"","site-post-title":"","ast-breadcrumbs-content":"","ast-featured-img":"","footer-sml-layout":"","theme-transparent-header-meta":"","adv-header-id-meta":"","stick-header-meta":"","header-above-stick-meta":"","header-main-stick-meta":"","header-below-stick-meta":"","astra-migrate-meta-layouts":"default","ast-page-background-enabled":"default","ast-page-background-meta":{"desktop":{"background-color":"var(--ast-global-color-4)","background-image":"","background-repeat":"repeat","background-position":"center center","background-size":"auto","background-attachment":"scroll","background-type":"","background-media":"","overlay-type":"","overlay-color":"","overlay-gradient":""},"tablet":{"background-color":"","background-image":"","background-repeat":"repeat","background-position":"center center","background-size":"auto","background-attachment":"scroll","background-type":"","background-media":"","overlay-type":"","overlay-color":"","overlay-gradient":""},"mobile":{"background-color":"","background-image":"","background-repeat":"repeat","background-position":"center center","background-size":"auto","background-attachment":"scroll","background-type":"","background-media":"","overlay-type":"","overlay-color":"","overlay-gradient":""}},"ast-content-background-meta":{"desktop":{"background-color":"var(--ast-global-color-5)","background-image":"","background-repeat":"repeat","background-position":"center center","background-size":"auto","background-attachment":"scroll","background-type":"","background-media":"","overlay-type":"","overlay-color":"","overlay-gradient":""},"tablet":{"background-color":"var(--ast-global-color-5)","background-image":"","background-repeat":"repeat","background-position":"center center","background-size":"auto","background-attachment":"scroll","background-type":"","background-media":"","overlay-type":"","overlay-color":"","overlay-gradient":""},"mobile":{"background-color":"var(--ast-global-color-5)","background-image":"","background-repeat":"repeat","background-position":"center center","background-size":"auto","background-attachment":"scroll","background-type":"","background-media":"","overlay-type":"","overlay-color":"","overlay-gradient":""}},"footnotes":""},"categories":[1],"tags":[134814,197341,197342,40045,4610,197340],"class_list":["post-96041","post","type-post","status-publish","format-standard","hentry","category-sin-categoria","tag-antonio-ferreira-cerdan","tag-carmen-rodriguez-sainz","tag-jose-luis-santiago-alvarez","tag-m-concepcion-nunez-pardo-de-vera","tag-maria-monica-de-la-fuente-del-rey","tag-raquel-lopez-mejias"],"_links":{"self":[{"href":"https:\/\/www.deberes.net\/tesis\/wp-json\/wp\/v2\/posts\/96041","targetHints":{"allow":["GET"]}}],"collection":[{"href":"https:\/\/www.deberes.net\/tesis\/wp-json\/wp\/v2\/posts"}],"about":[{"href":"https:\/\/www.deberes.net\/tesis\/wp-json\/wp\/v2\/types\/post"}],"author":[{"embeddable":true,"href":"https:\/\/www.deberes.net\/tesis\/wp-json\/wp\/v2\/users\/1"}],"replies":[{"embeddable":true,"href":"https:\/\/www.deberes.net\/tesis\/wp-json\/wp\/v2\/comments?post=96041"}],"version-history":[{"count":0,"href":"https:\/\/www.deberes.net\/tesis\/wp-json\/wp\/v2\/posts\/96041\/revisions"}],"wp:attachment":[{"href":"https:\/\/www.deberes.net\/tesis\/wp-json\/wp\/v2\/media?parent=96041"}],"wp:term":[{"taxonomy":"category","embeddable":true,"href":"https:\/\/www.deberes.net\/tesis\/wp-json\/wp\/v2\/categories?post=96041"},{"taxonomy":"post_tag","embeddable":true,"href":"https:\/\/www.deberes.net\/tesis\/wp-json\/wp\/v2\/tags?post=96041"}],"curies":[{"name":"wp","href":"https:\/\/api.w.org\/{rel}","templated":true}]}}