{"id":96046,"date":"2018-03-11T10:16:13","date_gmt":"2018-03-11T10:16:13","guid":{"rendered":"https:\/\/www.deberes.net\/tesis\/sin-categoria\/heraclit-el-mita%c2%b2graf-pera%c2%ac-apa%c2%adston-edicio-cra%c2%adtica-traduccio-i-comentari\/"},"modified":"2018-03-11T10:16:13","modified_gmt":"2018-03-11T10:16:13","slug":"heraclit-el-mita%c2%b2graf-pera%c2%ac-apa%c2%adston-edicio-cra%c2%adtica-traduccio-i-comentari","status":"publish","type":"post","link":"https:\/\/www.deberes.net\/tesis\/critica-de-textos\/heraclit-el-mita%c2%b2graf-pera%c2%ac-apa%c2%adston-edicio-cra%c2%adtica-traduccio-i-comentari\/","title":{"rendered":"Heraclit el mit\u00f3graf. per\u00c1\u00ac ap\u00edston. edici\u00f3 cr\u00edtica, traducci\u00f3 i comentari."},"content":{"rendered":"<h2>Tesis doctoral de <strong> Daniel Ramon Garcia <\/strong><\/h2>\n<p>La presente tesis es una edici\u00f3n cr\u00edtica del texto griego conocido como per\u00ed\u00ac ap\u00edston (sobre historias incre\u00edbles) de heraclito, un op\u00fasculo que analiza e interpreta 39 mitos griegos desde el punto de vista racionalista y aleg\u00f3rico.  esta edici\u00f3n es la primera que ofrece un amplio comentario textual, mitol\u00f3gico y mitogr\u00e1fico. Acompa\u00f1a adem\u00e1s una traducci\u00f3n en lengua catalana y abundantes notas explicativas. Aporta tambi\u00e9n nuevos testimonios textuales y paralelos de enorme importancia para la correcta lectura del texto, libr\u00e1ndolo de esta manera de las hipercorrecciones presentes en la m\u00e1s que centenaria edici\u00f3n anterior, realizada por n. Festa en 1902.  en una visi\u00f3n de conjunto pero con un an\u00e1lisis pormenorizado de cada cap\u00edtulo, el texto recupera su lugar en la tradici\u00f3n mitogr\u00e1fica, en tanto que es fruto de la eclosi\u00f3n cultural de los siglos ii-iii d.C. Y se pone de manifiesto la importancia de las versiones m\u00edticas que aporta en relaci\u00f3n a dicha tradici\u00f3n.<\/p>\n<p>&nbsp;<\/p>\n<h3>Datos acad\u00e9micos de la tesis doctoral \u00ab<strong>Heraclit el mit\u00f3graf. per\u00c1\u00ac ap\u00edston. edici\u00f3 cr\u00edtica, traducci\u00f3 i comentari.<\/strong>\u00ab<\/h3>\n<ul>\n<li><strong>T\u00edtulo de la tesis:<\/strong>\u00a0 Heraclit el mit\u00f3graf. per\u00c1\u00ac ap\u00edston. edici\u00f3 cr\u00edtica, traducci\u00f3 i comentari. <\/li>\n<li><strong>Autor:<\/strong>\u00a0 Daniel Ramon Garcia <\/li>\n<li><strong>Universidad:<\/strong>\u00a0 Aut\u00f3noma de barcelona<\/li>\n<li><strong>Fecha de lectura de la tesis:<\/strong>\u00a0 21\/09\/2009<\/li>\n<\/ul>\n<p>&nbsp;<\/p>\n<h3>Direcci\u00f3n y tribunal<\/h3>\n<ul>\n<li><strong>Director de la tesis<\/strong>\n<ul>\n<li>Francesc Cuartero Iborra<\/li>\n<\/ul>\n<\/li>\n<li><strong>Tribunal<\/strong>\n<ul>\n<li>Presidente del tribunal: franco Montanari <\/li>\n<li>francesca Mestre roca (vocal)<\/li>\n<li>  (vocal)<\/li>\n<li>  (vocal)<\/li>\n<\/ul>\n<\/li>\n<\/ul>\n<p>&nbsp;<\/p>\n","protected":false},"excerpt":{"rendered":"<p>Tesis doctoral de Daniel Ramon Garcia La presente tesis es una edici\u00f3n cr\u00edtica del texto griego conocido como per\u00ed\u00ac ap\u00edston [&hellip;]<\/p>\n","protected":false},"author":1,"featured_media":0,"comment_status":"open","ping_status":"open","sticky":false,"template":"","format":"standard","meta":{"site-sidebar-layout":"default","site-content-layout":"","ast-site-content-layout":"","site-content-style":"default","site-sidebar-style":"default","ast-global-header-display":"","ast-banner-title-visibility":"","ast-main-header-display":"","ast-hfb-above-header-display":"","ast-hfb-below-header-display":"","ast-hfb-mobile-header-display":"","site-post-title":"","ast-breadcrumbs-content":"","ast-featured-img":"","footer-sml-layout":"","theme-transparent-header-meta":"","adv-header-id-meta":"","stick-header-meta":"","header-above-stick-meta":"","header-main-stick-meta":"","header-below-stick-meta":"","astra-migrate-meta-layouts":"default","ast-page-background-enabled":"default","ast-page-background-meta":{"desktop":{"background-color":"var(--ast-global-color-4)","background-image":"","background-repeat":"repeat","background-position":"center center","background-size":"auto","background-attachment":"scroll","background-type":"","background-media":"","overlay-type":"","overlay-color":"","overlay-gradient":""},"tablet":{"background-color":"","background-image":"","background-repeat":"repeat","background-position":"center center","background-size":"auto","background-attachment":"scroll","background-type":"","background-media":"","overlay-type":"","overlay-color":"","overlay-gradient":""},"mobile":{"background-color":"","background-image":"","background-repeat":"repeat","background-position":"center center","background-size":"auto","background-attachment":"scroll","background-type":"","background-media":"","overlay-type":"","overlay-color":"","overlay-gradient":""}},"ast-content-background-meta":{"desktop":{"background-color":"var(--ast-global-color-5)","background-image":"","background-repeat":"repeat","background-position":"center center","background-size":"auto","background-attachment":"scroll","background-type":"","background-media":"","overlay-type":"","overlay-color":"","overlay-gradient":""},"tablet":{"background-color":"var(--ast-global-color-5)","background-image":"","background-repeat":"repeat","background-position":"center center","background-size":"auto","background-attachment":"scroll","background-type":"","background-media":"","overlay-type":"","overlay-color":"","overlay-gradient":""},"mobile":{"background-color":"var(--ast-global-color-5)","background-image":"","background-repeat":"repeat","background-position":"center center","background-size":"auto","background-attachment":"scroll","background-type":"","background-media":"","overlay-type":"","overlay-color":"","overlay-gradient":""}},"footnotes":""},"categories":[149,2142,8763,6554],"tags":[197351,20036,156237,197352],"class_list":["post-96046","post","type-post","status-publish","format-standard","hentry","category-critica-de-textos","category-filologia","category-lengua-y-cultura","category-mitos","tag-daniel-ramon-garcia","tag-francesc-cuartero-iborra","tag-francesca-mestre-roca","tag-franco-montanari"],"_links":{"self":[{"href":"https:\/\/www.deberes.net\/tesis\/wp-json\/wp\/v2\/posts\/96046","targetHints":{"allow":["GET"]}}],"collection":[{"href":"https:\/\/www.deberes.net\/tesis\/wp-json\/wp\/v2\/posts"}],"about":[{"href":"https:\/\/www.deberes.net\/tesis\/wp-json\/wp\/v2\/types\/post"}],"author":[{"embeddable":true,"href":"https:\/\/www.deberes.net\/tesis\/wp-json\/wp\/v2\/users\/1"}],"replies":[{"embeddable":true,"href":"https:\/\/www.deberes.net\/tesis\/wp-json\/wp\/v2\/comments?post=96046"}],"version-history":[{"count":0,"href":"https:\/\/www.deberes.net\/tesis\/wp-json\/wp\/v2\/posts\/96046\/revisions"}],"wp:attachment":[{"href":"https:\/\/www.deberes.net\/tesis\/wp-json\/wp\/v2\/media?parent=96046"}],"wp:term":[{"taxonomy":"category","embeddable":true,"href":"https:\/\/www.deberes.net\/tesis\/wp-json\/wp\/v2\/categories?post=96046"},{"taxonomy":"post_tag","embeddable":true,"href":"https:\/\/www.deberes.net\/tesis\/wp-json\/wp\/v2\/tags?post=96046"}],"curies":[{"name":"wp","href":"https:\/\/api.w.org\/{rel}","templated":true}]}}