{"id":96057,"date":"2018-03-11T10:16:13","date_gmt":"2018-03-11T10:16:13","guid":{"rendered":"https:\/\/www.deberes.net\/tesis\/sin-categoria\/la-practica-de-la-incomunicacion-o-el-conflicto-discursivo\/"},"modified":"2018-03-11T10:16:13","modified_gmt":"2018-03-11T10:16:13","slug":"la-practica-de-la-incomunicacion-o-el-conflicto-discursivo","status":"publish","type":"post","link":"https:\/\/www.deberes.net\/tesis\/filosofia-del-lenguaje\/la-practica-de-la-incomunicacion-o-el-conflicto-discursivo\/","title":{"rendered":"La practica de la incomunicacion o el conflicto discursivo"},"content":{"rendered":"<h2>Tesis doctoral de <strong> Jule Goikoetxea Mentxaka <\/strong><\/h2>\n<p>El objetivo de esta investigaci\u00f3n es describir la pr\u00e1ctica de la incomunicaci\u00f3n entendida como conflicto discursivo constitutivo de la deliberaci\u00f3n pol\u00edtica. Los principales instrumentos te\u00f3ricos y metodol\u00f3gicos provienen del an\u00e1lisis arqueol\u00f3gico de foucault (1969) y del an\u00e1lisis del discurso de courtine (1981) y laclau (1996). Para mostrar los factores discursivos que configuran el conflicto en la deliberaci\u00f3n pol\u00edtica, tomaremos como ejemplo el \u00e1mbito parlamentario del pa\u00eds vasco. Proponemos que cuando sea posible extraer, del corpus del debate, enunciados divididos que contengan objetos discursivos excluyentes, entonces ciertos di\u00e1logos no tendr\u00e1n un objeto com\u00fan sobre el que comunicarse. El m\u00e9todo para establecer dicha hip\u00f3tesis se basa, por un lado, en la identificaci\u00f3n de determinadas estructuras sint\u00e1cticas y recurrencias l\u00e9xicas que indiquen un funcionamiento pol\u00e9mico del discurso y, por otro, en mostrar c\u00f3mo la articulaci\u00f3n contradictoria de formulaciones y la ausencia de objetos com\u00fanmente preconstruidos no conllevan la ausencia de di\u00e1logo, sino de comunicaci\u00f3n. La idea principal es que dicha ausencia ha de poder ser caracterizada como una pr\u00e1ctica espec\u00edfica, la cual hemos llamado pr\u00e1ctica de la incomunicaci\u00f3n discursiva.  palabras clave: incomunicaci\u00f3n discursiva, conflicto, deliberaci\u00f3n pol\u00edtica, enunciado dividido, objetos discursivos, preconstruido.<\/p>\n<p>&nbsp;<\/p>\n<h3>Datos acad\u00e9micos de la tesis doctoral \u00ab<strong>La practica de la incomunicacion o el conflicto discursivo<\/strong>\u00ab<\/h3>\n<ul>\n<li><strong>T\u00edtulo de la tesis:<\/strong>\u00a0 La practica de la incomunicacion o el conflicto discursivo <\/li>\n<li><strong>Autor:<\/strong>\u00a0 Jule Goikoetxea Mentxaka <\/li>\n<li><strong>Universidad:<\/strong>\u00a0 Pa\u00eds vasco\/euskal herriko unibertsitatea<\/li>\n<li><strong>Fecha de lectura de la tesis:<\/strong>\u00a0 21\/09\/2009<\/li>\n<\/ul>\n<p>&nbsp;<\/p>\n<h3>Direcci\u00f3n y tribunal<\/h3>\n<ul>\n<li><strong>Director de la tesis<\/strong>\n<ul>\n<li>Julian Pacho Garcia<\/li>\n<\/ul>\n<\/li>\n<li><strong>Tribunal<\/strong>\n<ul>\n<li>Presidente del tribunal: james Martin <\/li>\n<li>sonia fatima Arribas verdugo (vocal)<\/li>\n<li>Carlos Taibo arias (vocal)<\/li>\n<li>ibon Sarasola errazkin (vocal)<\/li>\n<\/ul>\n<\/li>\n<\/ul>\n<p>&nbsp;<\/p>\n","protected":false},"excerpt":{"rendered":"<p>Tesis doctoral de Jule Goikoetxea Mentxaka El objetivo de esta investigaci\u00f3n es describir la pr\u00e1ctica de la incomunicaci\u00f3n entendida como [&hellip;]<\/p>\n","protected":false},"author":1,"featured_media":0,"comment_status":"open","ping_status":"open","sticky":false,"template":"","format":"standard","meta":{"site-sidebar-layout":"default","site-content-layout":"","ast-site-content-layout":"","site-content-style":"default","site-sidebar-style":"default","ast-global-header-display":"","ast-banner-title-visibility":"","ast-main-header-display":"","ast-hfb-above-header-display":"","ast-hfb-below-header-display":"","ast-hfb-mobile-header-display":"","site-post-title":"","ast-breadcrumbs-content":"","ast-featured-img":"","footer-sml-layout":"","theme-transparent-header-meta":"","adv-header-id-meta":"","stick-header-meta":"","header-above-stick-meta":"","header-main-stick-meta":"","header-below-stick-meta":"","astra-migrate-meta-layouts":"default","ast-page-background-enabled":"default","ast-page-background-meta":{"desktop":{"background-color":"var(--ast-global-color-4)","background-image":"","background-repeat":"repeat","background-position":"center center","background-size":"auto","background-attachment":"scroll","background-type":"","background-media":"","overlay-type":"","overlay-color":"","overlay-gradient":""},"tablet":{"background-color":"","background-image":"","background-repeat":"repeat","background-position":"center center","background-size":"auto","background-attachment":"scroll","background-type":"","background-media":"","overlay-type":"","overlay-color":"","overlay-gradient":""},"mobile":{"background-color":"","background-image":"","background-repeat":"repeat","background-position":"center center","background-size":"auto","background-attachment":"scroll","background-type":"","background-media":"","overlay-type":"","overlay-color":"","overlay-gradient":""}},"ast-content-background-meta":{"desktop":{"background-color":"var(--ast-global-color-5)","background-image":"","background-repeat":"repeat","background-position":"center center","background-size":"auto","background-attachment":"scroll","background-type":"","background-media":"","overlay-type":"","overlay-color":"","overlay-gradient":""},"tablet":{"background-color":"var(--ast-global-color-5)","background-image":"","background-repeat":"repeat","background-position":"center center","background-size":"auto","background-attachment":"scroll","background-type":"","background-media":"","overlay-type":"","overlay-color":"","overlay-gradient":""},"mobile":{"background-color":"var(--ast-global-color-5)","background-image":"","background-repeat":"repeat","background-position":"center center","background-size":"auto","background-attachment":"scroll","background-type":"","background-media":"","overlay-type":"","overlay-color":"","overlay-gradient":""}},"footnotes":""},"categories":[316,6008,12909],"tags":[61854,197371,197370,197369,19757,71272],"class_list":["post-96057","post","type-post","status-publish","format-standard","hentry","category-filosofia-del-lenguaje","category-filosofia-politica","category-pais-vasco-euskal-herriko-unibertsitatea","tag-carlos-taibo-arias","tag-ibon-sarasola-errazkin","tag-james-martin","tag-jule-goikoetxea-mentxaka","tag-julian-pacho-garcia","tag-sonia-fatima-arribas-verdugo"],"_links":{"self":[{"href":"https:\/\/www.deberes.net\/tesis\/wp-json\/wp\/v2\/posts\/96057","targetHints":{"allow":["GET"]}}],"collection":[{"href":"https:\/\/www.deberes.net\/tesis\/wp-json\/wp\/v2\/posts"}],"about":[{"href":"https:\/\/www.deberes.net\/tesis\/wp-json\/wp\/v2\/types\/post"}],"author":[{"embeddable":true,"href":"https:\/\/www.deberes.net\/tesis\/wp-json\/wp\/v2\/users\/1"}],"replies":[{"embeddable":true,"href":"https:\/\/www.deberes.net\/tesis\/wp-json\/wp\/v2\/comments?post=96057"}],"version-history":[{"count":0,"href":"https:\/\/www.deberes.net\/tesis\/wp-json\/wp\/v2\/posts\/96057\/revisions"}],"wp:attachment":[{"href":"https:\/\/www.deberes.net\/tesis\/wp-json\/wp\/v2\/media?parent=96057"}],"wp:term":[{"taxonomy":"category","embeddable":true,"href":"https:\/\/www.deberes.net\/tesis\/wp-json\/wp\/v2\/categories?post=96057"},{"taxonomy":"post_tag","embeddable":true,"href":"https:\/\/www.deberes.net\/tesis\/wp-json\/wp\/v2\/tags?post=96057"}],"curies":[{"name":"wp","href":"https:\/\/api.w.org\/{rel}","templated":true}]}}