{"id":96234,"date":"2018-03-11T10:16:26","date_gmt":"2018-03-11T10:16:26","guid":{"rendered":"https:\/\/www.deberes.net\/tesis\/sin-categoria\/estudio-acustico-de-las-iglesias-sant-agusta%c2%ad-vinara%c2%b2s-y-sant-jaume-algemesa%c2%ad\/"},"modified":"2018-03-11T10:16:26","modified_gmt":"2018-03-11T10:16:26","slug":"estudio-acustico-de-las-iglesias-sant-agusta%c2%ad-vinara%c2%b2s-y-sant-jaume-algemesa%c2%ad","status":"publish","type":"post","link":"https:\/\/www.deberes.net\/tesis\/acustica\/estudio-acustico-de-las-iglesias-sant-agusta%c2%ad-vinara%c2%b2s-y-sant-jaume-algemesa%c2%ad\/","title":{"rendered":"Estudio ac\u00fastico de las iglesias sant agust\u00ed (vinar\u00f3s) y sant jaume (algemes\u00ed)"},"content":{"rendered":"<h2>Tesis doctoral de <strong> \u00e1lvaro Romero Moreno <\/strong><\/h2>\n<p>En la tesis se estudian y analizan tanto de forma individual como comparativa las condiciones ac\u00fasticas de dos iglesias t\u00edpicas de las presentes en la comunidad Valenciana, de estructura arquitect\u00f3nica y dimensiones diferentes, para distintos casos o grados de ocupaci\u00f3n y considerando tres disposiciones o ubicaciones de fuentes musicales (canto gregoriano, polifon\u00eda y policoralidad). Se calculan y analizan diferentes par\u00e1metros ac\u00fasticos agrupados en \u00edndices de reverberaci\u00f3n (tiempo de reverberaci\u00f3n y par\u00e1metros ac\u00fasticos asociados como vivacidad, calor, brillo e intensidad de sonido reverberante), energ\u00e9ticos (nivel de presi\u00f3n sonoro, sonoridad, definici\u00f3n, claridad y tiempo de la se\u00f1al), de inteligibilidad (sti y rasti) y de espacialidad (itdg). Con ello se establece un conjunto de indicadores que permiten cuantificar la identidad ac\u00fastica de una iglesia y su respuesta respecto a un determinado estilo o tipo musical.  las iglesias responden a dos modelos tipo y por tanto los resultados son extrapolables, en primera aproximaci\u00f3n, para la mayor\u00eda de las iglesias presentes en la comunidad Valenciana. Existe una dependencia sonora para cada iglesia, a la luz de los indicadores, respecto a las diferencias de volumen, a los distintos grados de ocupaci\u00f3n y a la ubicaci\u00f3n y tipolog\u00eda de las fuentes. Los compositores sacros o maestros de capilla realizaban sus creaciones para un espacio eclesial con unas condiciones ac\u00fasticas particulares. De forma consciente o tal vez inconsciente se establece una estrecha relaci\u00f3n entre la obra musical y el espacio arquitect\u00f3nico destinado para ser interpretada (para el cual se cre\u00f3). En las interpretaciones musicales de \u00e9poca se deber\u00e1 considerar la sala de \u00e9poca. Factor a tener en cuenta en todas aquellas interpretaciones y grabaciones de car\u00e1cter hist\u00f3rico o corte historicista, ya que esta estrecha complicidad entre el compositor y la identidad ac\u00fastica del propio recinto influye en el resultado sonoro final.<\/p>\n<p>&nbsp;<\/p>\n<h3>Datos acad\u00e9micos de la tesis doctoral \u00ab<strong>Estudio ac\u00fastico de las iglesias sant agust\u00ed (vinar\u00f3s) y sant jaume (algemes\u00ed)<\/strong>\u00ab<\/h3>\n<ul>\n<li><strong>T\u00edtulo de la tesis:<\/strong>\u00a0 Estudio ac\u00fastico de las iglesias sant agust\u00ed (vinar\u00f3s) y sant jaume (algemes\u00ed) <\/li>\n<li><strong>Autor:<\/strong>\u00a0 \u00e1lvaro Romero Moreno <\/li>\n<li><strong>Universidad:<\/strong>\u00a0 Universitat de val\u00e9ncia (estudi general)<\/li>\n<li><strong>Fecha de lectura de la tesis:<\/strong>\u00a0 28\/09\/2009<\/li>\n<\/ul>\n<p>&nbsp;<\/p>\n<h3>Direcci\u00f3n y tribunal<\/h3>\n<ul>\n<li><strong>Director de la tesis<\/strong>\n<ul>\n<li>Enrique Navarro Camba<\/li>\n<\/ul>\n<\/li>\n<li><strong>Tribunal<\/strong>\n<ul>\n<li>Presidente del tribunal: vicente Such belenguer <\/li>\n<li>Jos\u00e9 Romero faus (vocal)<\/li>\n<li>eduardo Arnau grau (vocal)<\/li>\n<li>vicente Llimer\u00e1 d\u00fas (vocal)<\/li>\n<\/ul>\n<\/li>\n<\/ul>\n<p>&nbsp;<\/p>\n","protected":false},"excerpt":{"rendered":"<p>Tesis doctoral de \u00e1lvaro Romero Moreno En la tesis se estudian y analizan tanto de forma individual como comparativa las [&hellip;]<\/p>\n","protected":false},"author":1,"featured_media":0,"comment_status":"open","ping_status":"open","sticky":false,"template":"","format":"standard","meta":{"site-sidebar-layout":"default","site-content-layout":"","ast-site-content-layout":"","site-content-style":"default","site-sidebar-style":"default","ast-global-header-display":"","ast-banner-title-visibility":"","ast-main-header-display":"","ast-hfb-above-header-display":"","ast-hfb-below-header-display":"","ast-hfb-mobile-header-display":"","site-post-title":"","ast-breadcrumbs-content":"","ast-featured-img":"","footer-sml-layout":"","theme-transparent-header-meta":"","adv-header-id-meta":"","stick-header-meta":"","header-above-stick-meta":"","header-main-stick-meta":"","header-below-stick-meta":"","astra-migrate-meta-layouts":"default","ast-page-background-enabled":"default","ast-page-background-meta":{"desktop":{"background-color":"var(--ast-global-color-4)","background-image":"","background-repeat":"repeat","background-position":"center center","background-size":"auto","background-attachment":"scroll","background-type":"","background-media":"","overlay-type":"","overlay-color":"","overlay-gradient":""},"tablet":{"background-color":"","background-image":"","background-repeat":"repeat","background-position":"center center","background-size":"auto","background-attachment":"scroll","background-type":"","background-media":"","overlay-type":"","overlay-color":"","overlay-gradient":""},"mobile":{"background-color":"","background-image":"","background-repeat":"repeat","background-position":"center center","background-size":"auto","background-attachment":"scroll","background-type":"","background-media":"","overlay-type":"","overlay-color":"","overlay-gradient":""}},"ast-content-background-meta":{"desktop":{"background-color":"var(--ast-global-color-5)","background-image":"","background-repeat":"repeat","background-position":"center center","background-size":"auto","background-attachment":"scroll","background-type":"","background-media":"","overlay-type":"","overlay-color":"","overlay-gradient":""},"tablet":{"background-color":"var(--ast-global-color-5)","background-image":"","background-repeat":"repeat","background-position":"center center","background-size":"auto","background-attachment":"scroll","background-type":"","background-media":"","overlay-type":"","overlay-color":"","overlay-gradient":""},"mobile":{"background-color":"var(--ast-global-color-5)","background-image":"","background-repeat":"repeat","background-position":"center center","background-size":"auto","background-attachment":"scroll","background-type":"","background-media":"","overlay-type":"","overlay-color":"","overlay-gradient":""}},"footnotes":""},"categories":[5190,16945,30902,9132],"tags":[197675,66062,67514,67516,137403,21997],"class_list":["post-96234","post","type-post","status-publish","format-standard","hentry","category-acustica","category-acustica-arquitectonica","category-fisica-de-la-musica","category-musica-y-musicologia","tag-alvaro-romero-moreno","tag-eduardo-arnau-grau","tag-enrique-navarro-camba","tag-jose-romero-faus","tag-vicente-llimera-dus","tag-vicente-such-belenguer"],"_links":{"self":[{"href":"https:\/\/www.deberes.net\/tesis\/wp-json\/wp\/v2\/posts\/96234","targetHints":{"allow":["GET"]}}],"collection":[{"href":"https:\/\/www.deberes.net\/tesis\/wp-json\/wp\/v2\/posts"}],"about":[{"href":"https:\/\/www.deberes.net\/tesis\/wp-json\/wp\/v2\/types\/post"}],"author":[{"embeddable":true,"href":"https:\/\/www.deberes.net\/tesis\/wp-json\/wp\/v2\/users\/1"}],"replies":[{"embeddable":true,"href":"https:\/\/www.deberes.net\/tesis\/wp-json\/wp\/v2\/comments?post=96234"}],"version-history":[{"count":0,"href":"https:\/\/www.deberes.net\/tesis\/wp-json\/wp\/v2\/posts\/96234\/revisions"}],"wp:attachment":[{"href":"https:\/\/www.deberes.net\/tesis\/wp-json\/wp\/v2\/media?parent=96234"}],"wp:term":[{"taxonomy":"category","embeddable":true,"href":"https:\/\/www.deberes.net\/tesis\/wp-json\/wp\/v2\/categories?post=96234"},{"taxonomy":"post_tag","embeddable":true,"href":"https:\/\/www.deberes.net\/tesis\/wp-json\/wp\/v2\/tags?post=96234"}],"curies":[{"name":"wp","href":"https:\/\/api.w.org\/{rel}","templated":true}]}}