{"id":96237,"date":"2018-03-11T10:16:26","date_gmt":"2018-03-11T10:16:26","guid":{"rendered":"https:\/\/www.deberes.net\/tesis\/sin-categoria\/aspectos-jura%c2%addicos-prevencionistas-laborales-y-de-seguridad-social-del-tiempo-libre-analisis-cra%c2%adtico-comparativo-del-decreto-50-2000-de-20-de-enero-de-la-xunta-de-galicia\/"},"modified":"2018-03-11T10:16:26","modified_gmt":"2018-03-11T10:16:26","slug":"aspectos-jura%c2%addicos-prevencionistas-laborales-y-de-seguridad-social-del-tiempo-libre-analisis-cra%c2%adtico-comparativo-del-decreto-50-2000-de-20-de-enero-de-la-xunta-de-galicia","status":"publish","type":"post","link":"https:\/\/www.deberes.net\/tesis\/derecho-del-trabajo-y-de-la-seguridad-social\/aspectos-jura%c2%addicos-prevencionistas-laborales-y-de-seguridad-social-del-tiempo-libre-analisis-cra%c2%adtico-comparativo-del-decreto-50-2000-de-20-de-enero-de-la-xunta-de-galicia\/","title":{"rendered":"Aspectos jur\u00eddicos prevencionistas, laborales y de seguridad social del tiempo libre. an\u00e1lisis cr\u00edtico-comparativo del decreto 50\/2000, de 20 de enero, de la xunta de galicia."},"content":{"rendered":"<h2>Tesis doctoral de <strong> Iv\u00e1n Vizca\u00edno Ramos <\/strong><\/h2>\n<p>Aunque la norma que traza la estructura de este trabajo de tesis doctoral (esto es, el decreto 50\/2000, de 20 enero, de la xunta de galicia) no es ninguna norma de car\u00e1cter laboral, el plan expositivo est\u00e1 anclado en la acentuaci\u00f3n de las perspectivas prevencionsta, laboralista y de seguridad social, a la hora de abordar el contenido del decreto auton\u00f3mico en cuesti\u00f3n. Estos acentos se subrayan, al pretenderse tener en cuenta a todo lo largo y ancho del trabajo, las tres problem\u00e1ticas siguientes: 1) las relativas al personal laboral actuante en el sector, cuya laboralizaci\u00f3n -al menos en lo que se refiere a las actividades de aire libre- s\u00f3lo puede calificarse de conquista muy reciente; 2) las relativas al enfoque prevencionista de riesgos comunes en las actividades de tiempo libre, partiendo del supuesto de que la planificaci\u00f3n de la prevenci\u00f3n de este tipo de riesgos tiene su origen gen\u00e9tico en la planificaci\u00f3n de la prevenci\u00f3n de riesgos laborales; y 3) el enfoque iuscomparatista, aunque en mi caso -aparte las referencias a la negociaci\u00f3n colectiva sobre el tema, en francia e italia- se trate sobre todo de la comparaci\u00f3n entre ordenamientos jur\u00eddicos auton\u00f3micos, especialmente los de castilla y le\u00f3n, catalu\u00f1a, islas baleares, pa\u00eds vasco y navarra. Con este tel\u00f3n de fondo, he estructurado mi trabajo -siguiendo la estructura interna del decreto 50\/2000- alrededor de tres grandes ejes, que se corresponden con los tres cap\u00edtulos de que consta este trabajo m\u00edo de tesis doctoral. En primer lugar, el cap\u00edtulo relativo a las instalaciones de tiempo libre (literalmente, \u00c2\u00abla ordenaci\u00f3n jur\u00eddica prevencionista, laboral y de seguridad social de las instalaciones de tiempo libre\u00c2\u00bb), articulado -a su vez- en torno a tres ejes, a saber: 1) \u00c2\u00absobre las instalaciones de tiempo libre\u00c2\u00bb; 2) \u00c2\u00abel personal empleado en instalaciones de tiempo libre\u00c2\u00bb; y 3) \u00c2\u00abaseguramiento y prevenci\u00f3n de riesgos en instalaciones de tiempo libre\u00c2\u00bb. En segundo lugar, el cap\u00edtulo relativo a actividades de tiempo libre (literalmente, \u00c2\u00abla ordenaci\u00f3n jur\u00eddica prevencionista, laboral y de seguridad social de las actividades de tiempo libre), que es el cap\u00edtulo realmente medular de mi trabajo, lo que explica su desarrollo mediante siete n\u00facleos tem\u00e1ticos, los siguientes: 1) \u00c2\u00absobre el concepto de actividades de tiempo libre\u00c2\u00bb; 2) \u00c2\u00abel contrato de trabajo en actividades de tiempo libre\u00c2\u00bb; 3) \u00c2\u00ablas condiciones de trabajo en actividades de tiempo libre\u00c2\u00bb; 4) \u00c2\u00ablas responsabilidades penales de monitores, directores y empresarios, con ocasi\u00f3n de la realizaci\u00f3n de actividades de tiempo libre\u00c2\u00bb; 5) \u00c2\u00ablas responsabilidades civiles de monitores, directores y empresarios, con ocasi\u00f3n de la realizaci\u00f3n de actividades de tiempo libre\u00c2\u00bb; 6) \u00c2\u00abel aseguramiento de los riesgos comunes generados por la realizaci\u00f3n de actividades de tiempo libre\u00c2\u00bb; y 7) \u00c2\u00abla planificaci\u00f3n de la prevenci\u00f3n de los riesgos comunes generados por la realizaci\u00f3n de actividades de tiempo libre\u00c2\u00bb. En tercer lugar, el cap\u00edtulo relativo a la formaci\u00f3n en actividades de tiempo libre (literalmente, \u00c2\u00abla ordenaci\u00f3n jur\u00eddica prevencionista, laboral y de seguridad social de la formaci\u00f3n en actividades de tiempo libre\u00c2\u00bb), de nuevo -al igual que el cap\u00edtulo primero- construido sobre tres n\u00facleos tem\u00e1ticos, que son: 1) \u00c2\u00ablas relaciones jur\u00eddicas administrativas, en galicia, entre la administraci\u00f3n autorizante y la escuela autorizada de tiempo libre, y su cr\u00edtica\u00c2\u00bb; 2) \u00c2\u00ablas escuelas de tiempo libre y el personal a su servicio\u00c2\u00bb; y 3) \u00c2\u00ablas relaciones jur\u00eddicas relativas a los formandos de las escuelas gallegas de tiempo libre\u00c2\u00bb.<\/p>\n<p>&nbsp;<\/p>\n<h3>Datos acad\u00e9micos de la tesis doctoral \u00ab<strong>Aspectos jur\u00eddicos prevencionistas, laborales y de seguridad social del tiempo libre. an\u00e1lisis cr\u00edtico-comparativo del decreto 50\/2000, de 20 de enero, de la xunta de galicia.<\/strong>\u00ab<\/h3>\n<ul>\n<li><strong>T\u00edtulo de la tesis:<\/strong>\u00a0 Aspectos jur\u00eddicos prevencionistas, laborales y de seguridad social del tiempo libre. an\u00e1lisis cr\u00edtico-comparativo del decreto 50\/2000, de 20 de enero, de la xunta de galicia. <\/li>\n<li><strong>Autor:<\/strong>\u00a0 Iv\u00e1n Vizca\u00edno Ramos <\/li>\n<li><strong>Universidad:<\/strong>\u00a0 A coru\u00f1a<\/li>\n<li><strong>Fecha de lectura de la tesis:<\/strong>\u00a0 28\/09\/2009<\/li>\n<\/ul>\n<p>&nbsp;<\/p>\n<h3>Direcci\u00f3n y tribunal<\/h3>\n<ul>\n<li><strong>Director de la tesis<\/strong>\n<ul>\n<li>Alberto Arufe Varela<\/li>\n<\/ul>\n<\/li>\n<li><strong>Tribunal<\/strong>\n<ul>\n<li>Presidente del tribunal: Jes\u00fas Mart\u00ednez gir\u00f3n <\/li>\n<li>Jos\u00e9 ignacio Garcia ninet (vocal)<\/li>\n<li>ar\u00e1ntzazu Vicente palacio (vocal)<\/li>\n<li>Jos\u00e9 Mar\u00eda Botana l\u00f3pez (vocal)<\/li>\n<\/ul>\n<\/li>\n<\/ul>\n<p>&nbsp;<\/p>\n","protected":false},"excerpt":{"rendered":"<p>Tesis doctoral de Iv\u00e1n Vizca\u00edno Ramos Aunque la norma que traza la estructura de este trabajo de tesis doctoral (esto [&hellip;]<\/p>\n","protected":false},"author":1,"featured_media":0,"comment_status":"open","ping_status":"open","sticky":false,"template":"","format":"standard","meta":{"site-sidebar-layout":"default","site-content-layout":"","ast-site-content-layout":"","site-content-style":"default","site-sidebar-style":"default","ast-global-header-display":"","ast-banner-title-visibility":"","ast-main-header-display":"","ast-hfb-above-header-display":"","ast-hfb-below-header-display":"","ast-hfb-mobile-header-display":"","site-post-title":"","ast-breadcrumbs-content":"","ast-featured-img":"","footer-sml-layout":"","theme-transparent-header-meta":"","adv-header-id-meta":"","stick-header-meta":"","header-above-stick-meta":"","header-main-stick-meta":"","header-below-stick-meta":"","astra-migrate-meta-layouts":"default","ast-page-background-enabled":"default","ast-page-background-meta":{"desktop":{"background-color":"var(--ast-global-color-4)","background-image":"","background-repeat":"repeat","background-position":"center center","background-size":"auto","background-attachment":"scroll","background-type":"","background-media":"","overlay-type":"","overlay-color":"","overlay-gradient":""},"tablet":{"background-color":"","background-image":"","background-repeat":"repeat","background-position":"center center","background-size":"auto","background-attachment":"scroll","background-type":"","background-media":"","overlay-type":"","overlay-color":"","overlay-gradient":""},"mobile":{"background-color":"","background-image":"","background-repeat":"repeat","background-position":"center center","background-size":"auto","background-attachment":"scroll","background-type":"","background-media":"","overlay-type":"","overlay-color":"","overlay-gradient":""}},"ast-content-background-meta":{"desktop":{"background-color":"var(--ast-global-color-5)","background-image":"","background-repeat":"repeat","background-position":"center center","background-size":"auto","background-attachment":"scroll","background-type":"","background-media":"","overlay-type":"","overlay-color":"","overlay-gradient":""},"tablet":{"background-color":"var(--ast-global-color-5)","background-image":"","background-repeat":"repeat","background-position":"center center","background-size":"auto","background-attachment":"scroll","background-type":"","background-media":"","overlay-type":"","overlay-color":"","overlay-gradient":""},"mobile":{"background-color":"var(--ast-global-color-5)","background-image":"","background-repeat":"repeat","background-position":"center center","background-size":"auto","background-attachment":"scroll","background-type":"","background-media":"","overlay-type":"","overlay-color":"","overlay-gradient":""}},"footnotes":""},"categories":[18576,4927,2170,5964],"tags":[136176,197682,197681,5170,26862,197683],"class_list":["post-96237","post","type-post","status-publish","format-standard","hentry","category-a-coruna","category-derecho-comparado","category-derecho-del-trabajo-y-de-la-seguridad-social","category-derecho-publico","tag-alberto-arufe-varela","tag-arantzazu-vicente-palacio","tag-ivan-vizcaino-ramos","tag-jesus-Martinez-giron","tag-jose-ignacio-garcia-ninet","tag-jose-maria-botana-lopez"],"_links":{"self":[{"href":"https:\/\/www.deberes.net\/tesis\/wp-json\/wp\/v2\/posts\/96237","targetHints":{"allow":["GET"]}}],"collection":[{"href":"https:\/\/www.deberes.net\/tesis\/wp-json\/wp\/v2\/posts"}],"about":[{"href":"https:\/\/www.deberes.net\/tesis\/wp-json\/wp\/v2\/types\/post"}],"author":[{"embeddable":true,"href":"https:\/\/www.deberes.net\/tesis\/wp-json\/wp\/v2\/users\/1"}],"replies":[{"embeddable":true,"href":"https:\/\/www.deberes.net\/tesis\/wp-json\/wp\/v2\/comments?post=96237"}],"version-history":[{"count":0,"href":"https:\/\/www.deberes.net\/tesis\/wp-json\/wp\/v2\/posts\/96237\/revisions"}],"wp:attachment":[{"href":"https:\/\/www.deberes.net\/tesis\/wp-json\/wp\/v2\/media?parent=96237"}],"wp:term":[{"taxonomy":"category","embeddable":true,"href":"https:\/\/www.deberes.net\/tesis\/wp-json\/wp\/v2\/categories?post=96237"},{"taxonomy":"post_tag","embeddable":true,"href":"https:\/\/www.deberes.net\/tesis\/wp-json\/wp\/v2\/tags?post=96237"}],"curies":[{"name":"wp","href":"https:\/\/api.w.org\/{rel}","templated":true}]}}