{"id":96245,"date":"2018-03-11T10:16:26","date_gmt":"2018-03-11T10:16:26","guid":{"rendered":"https:\/\/www.deberes.net\/tesis\/sin-categoria\/predictores-cognitivos-y-cla%c2%adnicos-del-diagnostico-en-el-primer-episodio-psicotico-a-los-dos-anos-comparado-con-pacientes-con-esquizofrenia-y-controles-sanos-un-estudio-longitudinal\/"},"modified":"2018-03-11T10:16:26","modified_gmt":"2018-03-11T10:16:26","slug":"predictores-cognitivos-y-cla%c2%adnicos-del-diagnostico-en-el-primer-episodio-psicotico-a-los-dos-anos-comparado-con-pacientes-con-esquizofrenia-y-controles-sanos-un-estudio-longitudinal","status":"publish","type":"post","link":"https:\/\/www.deberes.net\/tesis\/psicopatologia\/predictores-cognitivos-y-cla%c2%adnicos-del-diagnostico-en-el-primer-episodio-psicotico-a-los-dos-anos-comparado-con-pacientes-con-esquizofrenia-y-controles-sanos-un-estudio-longitudinal\/","title":{"rendered":"Predictores cognitivos y cl\u00ednicos del diagn\u00f3stico en el primer episodio psic\u00f3tico a los dos a\u00f1os comparado con pacientes con esquizofrenia y controles sanos: un estudio longitudinal"},"content":{"rendered":"<h2>Tesis doctoral de <strong> Javier Pe\u00f1a Lasa <\/strong><\/h2>\n<p>El objetivo del estudio fue evaluar el funcionamiento cognitivo de los pacientes con un primer episodio psic\u00f3tico (pep), pacientes con esquizofrenia de larga evoluci\u00f3n y participantes sanos, y la evoluci\u00f3n longitudinal del grupo pep y grupo control. Se reclutaron inicialmente para el estudio 71 pacientes diagnosticados con un primer episodio psic\u00f3tico (pep) del hospital de cruces, 97 pacientes con esquizofrenia de larga evoluci\u00f3n del hospital psiqui\u00e1trico de alava y 34 participantes sanos emparejados con los grupos de pacientes en t\u00e9rminos de edad, g\u00e9nero y nivel educativo. Se administraron la escala de s\u00edntomas positivos y negativos (panss), impresi\u00f3n cl\u00ednica global (cgi), escala de evaluaci\u00f3n de la actividad global (eeag), escala de young de man\u00eda y escala de ajuste social prem\u00f3rbido de cannon-spoor a los dos grupos de pacientes. Las \u00e1reas cognitivas evaluadas fueron: atenci\u00f3n visual, atenci\u00f3n auditiva, velocidad de procesamiento, memoria, memoria de trabajo, fluidez verbal, velocidad motora y funciones ejecutivas.  los resultados indicaron que los pacientes con pep mostraron un rendimiento neuropsicol\u00f3gico inferior a las personas sanas en atenci\u00f3n, velocidad de procesamiento, memoria, memoria de trabajo, funcionamiento ejecutivo y velocidad motora. Los pacientes con esquizofrenia de larga evoluci\u00f3n mostraron un rendimiento inferior a los pacientes con un pep en la velocidad de procesamiento de la informaci\u00f3n, una vez controladas las variables de confusi\u00f3n. Por otro lado, no se observaron diferencias significativas en el rendimiento cognitivo entre los pacientes con un primer episodio de esquizofrenia y trastorno bipolar.  en cuanto a la evoluci\u00f3n del rendimiento cognitivo longitudinal a los dos a\u00f1os, se observa que los pacientes con un pep mejoran significativamente en velocidad de procesamiento en comparaci\u00f3n con el grupo control. Sin embargo, el grupo control muestra una mejor\u00eda diferencial en fluidez sem\u00e1ntica en comparaci\u00f3n con el grupo pep. por \u00faltimo, las pruebas de letras y n\u00fameros del wais-iii y el wcst han mostrado un valor predictivo del diagn\u00f3stico cl\u00ednico al a\u00f1o, siendo capaces de clasificar correctamente el 86,4% de los pacientes con diagn\u00f3stico de esquizofrenia a los dos a\u00f1os, el 58,8% de los pacientes con diagn\u00f3stico de otras psicosis, y el 87,5% de los pacientes con trastorno bipolar (porcentaje global de 78,2%).<\/p>\n<p>&nbsp;<\/p>\n<h3>Datos acad\u00e9micos de la tesis doctoral \u00ab<strong>Predictores cognitivos y cl\u00ednicos del diagn\u00f3stico en el primer episodio psic\u00f3tico a los dos a\u00f1os comparado con pacientes con esquizofrenia y controles sanos: un estudio longitudinal<\/strong>\u00ab<\/h3>\n<ul>\n<li><strong>T\u00edtulo de la tesis:<\/strong>\u00a0 Predictores cognitivos y cl\u00ednicos del diagn\u00f3stico en el primer episodio psic\u00f3tico a los dos a\u00f1os comparado con pacientes con esquizofrenia y controles sanos: un estudio longitudinal <\/li>\n<li><strong>Autor:<\/strong>\u00a0 Javier Pe\u00f1a Lasa <\/li>\n<li><strong>Universidad:<\/strong>\u00a0 Deusto<\/li>\n<li><strong>Fecha de lectura de la tesis:<\/strong>\u00a0 28\/09\/2009<\/li>\n<\/ul>\n<p>&nbsp;<\/p>\n<h3>Direcci\u00f3n y tribunal<\/h3>\n<ul>\n<li><strong>Director de la tesis<\/strong>\n<ul>\n<li>Natalia Ojeda Del Pozo<\/li>\n<\/ul>\n<\/li>\n<li><strong>Tribunal<\/strong>\n<ul>\n<li>Presidente del tribunal: Miguel Gutierrez fraile <\/li>\n<li>esther Calvete zumalde (vocal)<\/li>\n<li>julio belarmino Bobes garcia (vocal)<\/li>\n<li>leonardo Casais Martinez (vocal)<\/li>\n<\/ul>\n<\/li>\n<\/ul>\n<p>&nbsp;<\/p>\n","protected":false},"excerpt":{"rendered":"<p>Tesis doctoral de Javier Pe\u00f1a Lasa El objetivo del estudio fue evaluar el funcionamiento cognitivo de los pacientes con un [&hellip;]<\/p>\n","protected":false},"author":1,"featured_media":0,"comment_status":"open","ping_status":"open","sticky":false,"template":"","format":"standard","meta":{"site-sidebar-layout":"default","site-content-layout":"","ast-site-content-layout":"","site-content-style":"default","site-sidebar-style":"default","ast-global-header-display":"","ast-banner-title-visibility":"","ast-main-header-display":"","ast-hfb-above-header-display":"","ast-hfb-below-header-display":"","ast-hfb-mobile-header-display":"","site-post-title":"","ast-breadcrumbs-content":"","ast-featured-img":"","footer-sml-layout":"","theme-transparent-header-meta":"","adv-header-id-meta":"","stick-header-meta":"","header-above-stick-meta":"","header-main-stick-meta":"","header-below-stick-meta":"","astra-migrate-meta-layouts":"default","ast-page-background-enabled":"default","ast-page-background-meta":{"desktop":{"background-color":"var(--ast-global-color-4)","background-image":"","background-repeat":"repeat","background-position":"center center","background-size":"auto","background-attachment":"scroll","background-type":"","background-media":"","overlay-type":"","overlay-color":"","overlay-gradient":""},"tablet":{"background-color":"","background-image":"","background-repeat":"repeat","background-position":"center center","background-size":"auto","background-attachment":"scroll","background-type":"","background-media":"","overlay-type":"","overlay-color":"","overlay-gradient":""},"mobile":{"background-color":"","background-image":"","background-repeat":"repeat","background-position":"center center","background-size":"auto","background-attachment":"scroll","background-type":"","background-media":"","overlay-type":"","overlay-color":"","overlay-gradient":""}},"ast-content-background-meta":{"desktop":{"background-color":"var(--ast-global-color-5)","background-image":"","background-repeat":"repeat","background-position":"center center","background-size":"auto","background-attachment":"scroll","background-type":"","background-media":"","overlay-type":"","overlay-color":"","overlay-gradient":""},"tablet":{"background-color":"var(--ast-global-color-5)","background-image":"","background-repeat":"repeat","background-position":"center center","background-size":"auto","background-attachment":"scroll","background-type":"","background-media":"","overlay-type":"","overlay-color":"","overlay-gradient":""},"mobile":{"background-color":"var(--ast-global-color-5)","background-image":"","background-repeat":"repeat","background-position":"center center","background-size":"auto","background-attachment":"scroll","background-type":"","background-media":"","overlay-type":"","overlay-color":"","overlay-gradient":""}},"footnotes":""},"categories":[31910,1175,487,325],"tags":[129181,197696,8332,1831,1829,178064],"class_list":["post-96245","post","type-post","status-publish","format-standard","hentry","category-deusto","category-evaluacion-y-diagnostico-en-psicologia","category-psicologia-clinica","category-psicopatologia","tag-esther-calvete-zumalde","tag-javier-pena-lasa","tag-julio-belarmino-bobes-garcia","tag-leonardo-casais-Martinez","tag-miguel-gutierrez-fraile","tag-natalia-ojeda-del-pozo"],"_links":{"self":[{"href":"https:\/\/www.deberes.net\/tesis\/wp-json\/wp\/v2\/posts\/96245","targetHints":{"allow":["GET"]}}],"collection":[{"href":"https:\/\/www.deberes.net\/tesis\/wp-json\/wp\/v2\/posts"}],"about":[{"href":"https:\/\/www.deberes.net\/tesis\/wp-json\/wp\/v2\/types\/post"}],"author":[{"embeddable":true,"href":"https:\/\/www.deberes.net\/tesis\/wp-json\/wp\/v2\/users\/1"}],"replies":[{"embeddable":true,"href":"https:\/\/www.deberes.net\/tesis\/wp-json\/wp\/v2\/comments?post=96245"}],"version-history":[{"count":0,"href":"https:\/\/www.deberes.net\/tesis\/wp-json\/wp\/v2\/posts\/96245\/revisions"}],"wp:attachment":[{"href":"https:\/\/www.deberes.net\/tesis\/wp-json\/wp\/v2\/media?parent=96245"}],"wp:term":[{"taxonomy":"category","embeddable":true,"href":"https:\/\/www.deberes.net\/tesis\/wp-json\/wp\/v2\/categories?post=96245"},{"taxonomy":"post_tag","embeddable":true,"href":"https:\/\/www.deberes.net\/tesis\/wp-json\/wp\/v2\/tags?post=96245"}],"curies":[{"name":"wp","href":"https:\/\/api.w.org\/{rel}","templated":true}]}}