{"id":96294,"date":"2018-03-11T10:16:30","date_gmt":"2018-03-11T10:16:30","guid":{"rendered":"https:\/\/www.deberes.net\/tesis\/sin-categoria\/factores-determinantes-de-la-bioactividad-de-la-forma-soluble-de-fas-ligando-en-la-lesion-pulmonar-aguda\/"},"modified":"2018-03-11T10:16:30","modified_gmt":"2018-03-11T10:16:30","slug":"factores-determinantes-de-la-bioactividad-de-la-forma-soluble-de-fas-ligando-en-la-lesion-pulmonar-aguda","status":"publish","type":"post","link":"https:\/\/www.deberes.net\/tesis\/medicina-interna\/factores-determinantes-de-la-bioactividad-de-la-forma-soluble-de-fas-ligando-en-la-lesion-pulmonar-aguda\/","title":{"rendered":"Factores determinantes de la bioactividad de la forma soluble de fas ligando en la lesi\u00f3n pulmonar aguda"},"content":{"rendered":"<h2>Tesis doctoral de <strong> Raquel Herrero Hern\u00e1ndez <\/strong><\/h2>\n<p>La lesi\u00f3n pulmonar aguda (lpa) y su forma m\u00e1s grave, el s\u00edndrome de distr\u00e9s respiratorio agudo (ards), es un s\u00edndrome frecuente y una causa importante de morbi-mortalidad en enfermos cr\u00edticos. Se caracteriza por un da\u00f1o alveolar difuso con aumento de la permeabilidad de la membrana alveolo-capilar y acumulaci\u00f3n de edema alveolar protein\u00e1ceo. El desarrollo del da\u00f1o del epitelio alveolar es la principal caracter\u00edstica de la lpa que determina la gravedad de la enfermedad y el pron\u00f3stico de estos pacientes.<\/p>\n<p>&nbsp;<\/p>\n<h3>Datos acad\u00e9micos de la tesis doctoral \u00ab<strong>Factores determinantes de la bioactividad de la forma soluble de fas ligando en la lesi\u00f3n pulmonar aguda<\/strong>\u00ab<\/h3>\n<ul>\n<li><strong>T\u00edtulo de la tesis:<\/strong>\u00a0 Factores determinantes de la bioactividad de la forma soluble de fas ligando en la lesi\u00f3n pulmonar aguda <\/li>\n<li><strong>Autor:<\/strong>\u00a0 Raquel Herrero Hern\u00e1ndez <\/li>\n<li><strong>Universidad:<\/strong>\u00a0 Aut\u00f3noma de Madrid<\/li>\n<li><strong>Fecha de lectura de la tesis:<\/strong>\u00a0 29\/09\/2009<\/li>\n<\/ul>\n<p>&nbsp;<\/p>\n<h3>Direcci\u00f3n y tribunal<\/h3>\n<ul>\n<li><strong>Director de la tesis<\/strong>\n<ul>\n<li>Manuel Jim\u00e9nez Lend\u00ednez<\/li>\n<\/ul>\n<\/li>\n<li><strong>Tribunal<\/strong>\n<ul>\n<li>Presidente del tribunal: Francisco Arnalich fern\u00e1ndez <\/li>\n<li>sergio Ruiz santana (vocal)<\/li>\n<li>Jos\u00e9 \u00e1ngel Lorente balanza (vocal)<\/li>\n<li>antoni Artigas ravent\u00f3s (vocal)<\/li>\n<\/ul>\n<\/li>\n<\/ul>\n<p>&nbsp;<\/p>\n","protected":false},"excerpt":{"rendered":"<p>Tesis doctoral de Raquel Herrero Hern\u00e1ndez La lesi\u00f3n pulmonar aguda (lpa) y su forma m\u00e1s grave, el s\u00edndrome de distr\u00e9s [&hellip;]<\/p>\n","protected":false},"author":1,"featured_media":0,"comment_status":"open","ping_status":"open","sticky":false,"template":"","format":"standard","meta":{"site-sidebar-layout":"default","site-content-layout":"","ast-site-content-layout":"","site-content-style":"default","site-sidebar-style":"default","ast-global-header-display":"","ast-banner-title-visibility":"","ast-main-header-display":"","ast-hfb-above-header-display":"","ast-hfb-below-header-display":"","ast-hfb-mobile-header-display":"","site-post-title":"","ast-breadcrumbs-content":"","ast-featured-img":"","footer-sml-layout":"","theme-transparent-header-meta":"","adv-header-id-meta":"","stick-header-meta":"","header-above-stick-meta":"","header-main-stick-meta":"","header-below-stick-meta":"","astra-migrate-meta-layouts":"default","ast-page-background-enabled":"default","ast-page-background-meta":{"desktop":{"background-color":"var(--ast-global-color-4)","background-image":"","background-repeat":"repeat","background-position":"center center","background-size":"auto","background-attachment":"scroll","background-type":"","background-media":"","overlay-type":"","overlay-color":"","overlay-gradient":""},"tablet":{"background-color":"","background-image":"","background-repeat":"repeat","background-position":"center center","background-size":"auto","background-attachment":"scroll","background-type":"","background-media":"","overlay-type":"","overlay-color":"","overlay-gradient":""},"mobile":{"background-color":"","background-image":"","background-repeat":"repeat","background-position":"center center","background-size":"auto","background-attachment":"scroll","background-type":"","background-media":"","overlay-type":"","overlay-color":"","overlay-gradient":""}},"ast-content-background-meta":{"desktop":{"background-color":"var(--ast-global-color-5)","background-image":"","background-repeat":"repeat","background-position":"center center","background-size":"auto","background-attachment":"scroll","background-type":"","background-media":"","overlay-type":"","overlay-color":"","overlay-gradient":""},"tablet":{"background-color":"var(--ast-global-color-5)","background-image":"","background-repeat":"repeat","background-position":"center center","background-size":"auto","background-attachment":"scroll","background-type":"","background-media":"","overlay-type":"","overlay-color":"","overlay-gradient":""},"mobile":{"background-color":"var(--ast-global-color-5)","background-image":"","background-repeat":"repeat","background-position":"center center","background-size":"auto","background-attachment":"scroll","background-type":"","background-media":"","overlay-type":"","overlay-color":"","overlay-gradient":""}},"footnotes":""},"categories":[139],"tags":[34298,824,138748,96869,197774,63268],"class_list":["post-96294","post","type-post","status-publish","format-standard","hentry","category-medicina-interna","tag-antoni-artigas-raventos","tag-francisco-arnalich-fernandez","tag-jose-angel-lorente-balanza","tag-manuel-jimenez-lendinez","tag-raquel-herrero-hernandez","tag-sergio-ruiz-santana"],"_links":{"self":[{"href":"https:\/\/www.deberes.net\/tesis\/wp-json\/wp\/v2\/posts\/96294","targetHints":{"allow":["GET"]}}],"collection":[{"href":"https:\/\/www.deberes.net\/tesis\/wp-json\/wp\/v2\/posts"}],"about":[{"href":"https:\/\/www.deberes.net\/tesis\/wp-json\/wp\/v2\/types\/post"}],"author":[{"embeddable":true,"href":"https:\/\/www.deberes.net\/tesis\/wp-json\/wp\/v2\/users\/1"}],"replies":[{"embeddable":true,"href":"https:\/\/www.deberes.net\/tesis\/wp-json\/wp\/v2\/comments?post=96294"}],"version-history":[{"count":0,"href":"https:\/\/www.deberes.net\/tesis\/wp-json\/wp\/v2\/posts\/96294\/revisions"}],"wp:attachment":[{"href":"https:\/\/www.deberes.net\/tesis\/wp-json\/wp\/v2\/media?parent=96294"}],"wp:term":[{"taxonomy":"category","embeddable":true,"href":"https:\/\/www.deberes.net\/tesis\/wp-json\/wp\/v2\/categories?post=96294"},{"taxonomy":"post_tag","embeddable":true,"href":"https:\/\/www.deberes.net\/tesis\/wp-json\/wp\/v2\/tags?post=96294"}],"curies":[{"name":"wp","href":"https:\/\/api.w.org\/{rel}","templated":true}]}}