{"id":96313,"date":"2018-03-11T10:16:30","date_gmt":"2018-03-11T10:16:30","guid":{"rendered":"https:\/\/www.deberes.net\/tesis\/sin-categoria\/aspectos-psicosociales-de-la-salud-laboral-de-los-facultativos-de-los-servicios-de-urgencias-hospitalarios\/"},"modified":"2018-03-11T10:16:30","modified_gmt":"2018-03-11T10:16:30","slug":"aspectos-psicosociales-de-la-salud-laboral-de-los-facultativos-de-los-servicios-de-urgencias-hospitalarios","status":"publish","type":"post","link":"https:\/\/www.deberes.net\/tesis\/motivacion-laboral-y-actitudes\/aspectos-psicosociales-de-la-salud-laboral-de-los-facultativos-de-los-servicios-de-urgencias-hospitalarios\/","title":{"rendered":"Aspectos psicosociales de la salud laboral de los facultativos de los servicios de urgencias hospitalarios"},"content":{"rendered":"<h2>Tesis doctoral de <strong> Miguel Bernab\u00e9 Casta\u00f1o <\/strong><\/h2>\n<p>Desde una perspectiva global de la salud laboral de los facultativos de los servicios de urgencias hospitalarios se realiza el estudio tanto de los factores asociados a las respuestas positivas como negativas de la salud laboral de este colectivo. Se analizan las relaciones existentes entre el perfil sociodemogr\u00e1fico y sociolaboral y recursos laborales y las demandas laborales presentes en los servicios de urgencias hospitalarios con las respuestas de burnout y engagement en los m\u00e9dicos. Adem\u00e1s, se estudia la relaci\u00f3n de la autoeficacia en el desarrollo del burnout y la promoci\u00f3n del engagement. Por otra parte, se analizan las relaciones del burnout, el engagement, la autoeficacia y los recursos laborales y las demandas con las alteraciones del sue\u00f1o y la satisfacci\u00f3n vital en los m\u00e9dicos de los servicios de urgencias hospitalarios.<\/p>\n<p>&nbsp;<\/p>\n<h3>Datos acad\u00e9micos de la tesis doctoral \u00ab<strong>Aspectos psicosociales de la salud laboral de los facultativos de los servicios de urgencias hospitalarios<\/strong>\u00ab<\/h3>\n<ul>\n<li><strong>T\u00edtulo de la tesis:<\/strong>\u00a0 Aspectos psicosociales de la salud laboral de los facultativos de los servicios de urgencias hospitalarios <\/li>\n<li><strong>Autor:<\/strong>\u00a0 Miguel Bernab\u00e9 Casta\u00f1o <\/li>\n<li><strong>Universidad:<\/strong>\u00a0 Miguel hern\u00e1ndez de elche<\/li>\n<li><strong>Fecha de lectura de la tesis:<\/strong>\u00a0 30\/09\/2009<\/li>\n<\/ul>\n<p>&nbsp;<\/p>\n<h3>Direcci\u00f3n y tribunal<\/h3>\n<ul>\n<li><strong>Director de la tesis<\/strong>\n<ul>\n<li>aragon Gelabert Martin<\/li>\n<\/ul>\n<\/li>\n<li><strong>Tribunal<\/strong>\n<ul>\n<li>Presidente del tribunal: Jes\u00fas Rodriguez marin <\/li>\n<li>emma Pascual gomez (vocal)<\/li>\n<li>Ana Mar\u00eda Lisbona ba\u00f1uelos (vocal)<\/li>\n<li>Francisco Palac\u00ed descals (vocal)<\/li>\n<\/ul>\n<\/li>\n<\/ul>\n<p>&nbsp;<\/p>\n","protected":false},"excerpt":{"rendered":"<p>Tesis doctoral de Miguel Bernab\u00e9 Casta\u00f1o Desde una perspectiva global de la salud laboral de los facultativos de los servicios [&hellip;]<\/p>\n","protected":false},"author":1,"featured_media":0,"comment_status":"open","ping_status":"open","sticky":false,"template":"","format":"standard","meta":{"site-sidebar-layout":"default","site-content-layout":"","ast-site-content-layout":"","site-content-style":"default","site-sidebar-style":"default","ast-global-header-display":"","ast-banner-title-visibility":"","ast-main-header-display":"","ast-hfb-above-header-display":"","ast-hfb-below-header-display":"","ast-hfb-mobile-header-display":"","site-post-title":"","ast-breadcrumbs-content":"","ast-featured-img":"","footer-sml-layout":"","theme-transparent-header-meta":"","adv-header-id-meta":"","stick-header-meta":"","header-above-stick-meta":"","header-main-stick-meta":"","header-below-stick-meta":"","astra-migrate-meta-layouts":"default","ast-page-background-enabled":"default","ast-page-background-meta":{"desktop":{"background-color":"var(--ast-global-color-4)","background-image":"","background-repeat":"repeat","background-position":"center center","background-size":"auto","background-attachment":"scroll","background-type":"","background-media":"","overlay-type":"","overlay-color":"","overlay-gradient":""},"tablet":{"background-color":"","background-image":"","background-repeat":"repeat","background-position":"center center","background-size":"auto","background-attachment":"scroll","background-type":"","background-media":"","overlay-type":"","overlay-color":"","overlay-gradient":""},"mobile":{"background-color":"","background-image":"","background-repeat":"repeat","background-position":"center center","background-size":"auto","background-attachment":"scroll","background-type":"","background-media":"","overlay-type":"","overlay-color":"","overlay-gradient":""}},"ast-content-background-meta":{"desktop":{"background-color":"var(--ast-global-color-5)","background-image":"","background-repeat":"repeat","background-position":"center center","background-size":"auto","background-attachment":"scroll","background-type":"","background-media":"","overlay-type":"","overlay-color":"","overlay-gradient":""},"tablet":{"background-color":"var(--ast-global-color-5)","background-image":"","background-repeat":"repeat","background-position":"center center","background-size":"auto","background-attachment":"scroll","background-type":"","background-media":"","overlay-type":"","overlay-color":"","overlay-gradient":""},"mobile":{"background-color":"var(--ast-global-color-5)","background-image":"","background-repeat":"repeat","background-position":"center center","background-size":"auto","background-attachment":"scroll","background-type":"","background-media":"","overlay-type":"","overlay-color":"","overlay-gradient":""}},"footnotes":""},"categories":[10615,37169,7125,7395,36711],"tags":[128424,197803,185688,76360,11866,197802],"class_list":["post-96313","post","type-post","status-publish","format-standard","hentry","category-estres","category-miguel-hernandez-de-elche","category-motivacion-laboral-y-actitudes","category-salud-laboral","category-servicios-sanitarios","tag-ana-maria-lisbona-banuelos","tag-aragon-gelabert-martin","tag-emma-pascual-gomez","tag-francisco-palaci-descals","tag-jesus-rodriguez-marin","tag-miguel-bernabe-castano"],"_links":{"self":[{"href":"https:\/\/www.deberes.net\/tesis\/wp-json\/wp\/v2\/posts\/96313","targetHints":{"allow":["GET"]}}],"collection":[{"href":"https:\/\/www.deberes.net\/tesis\/wp-json\/wp\/v2\/posts"}],"about":[{"href":"https:\/\/www.deberes.net\/tesis\/wp-json\/wp\/v2\/types\/post"}],"author":[{"embeddable":true,"href":"https:\/\/www.deberes.net\/tesis\/wp-json\/wp\/v2\/users\/1"}],"replies":[{"embeddable":true,"href":"https:\/\/www.deberes.net\/tesis\/wp-json\/wp\/v2\/comments?post=96313"}],"version-history":[{"count":0,"href":"https:\/\/www.deberes.net\/tesis\/wp-json\/wp\/v2\/posts\/96313\/revisions"}],"wp:attachment":[{"href":"https:\/\/www.deberes.net\/tesis\/wp-json\/wp\/v2\/media?parent=96313"}],"wp:term":[{"taxonomy":"category","embeddable":true,"href":"https:\/\/www.deberes.net\/tesis\/wp-json\/wp\/v2\/categories?post=96313"},{"taxonomy":"post_tag","embeddable":true,"href":"https:\/\/www.deberes.net\/tesis\/wp-json\/wp\/v2\/tags?post=96313"}],"curies":[{"name":"wp","href":"https:\/\/api.w.org\/{rel}","templated":true}]}}