{"id":96410,"date":"2009-02-10T00:00:00","date_gmt":"2009-02-10T00:00:00","guid":{"rendered":"https:\/\/www.deberes.net\/tesis\/sin-categoria\/a-integraa%c2%a7ao-das-tecnologias-da-imagem-na-comunicaa%c2%a7ao-educativa-contibutos-para-a-mudana%c2%a7a-uma-experiaancia-no-a%c2%a2mbito-do-ensino\/"},"modified":"2009-02-10T00:00:00","modified_gmt":"2009-02-10T00:00:00","slug":"a-integraa%c2%a7ao-das-tecnologias-da-imagem-na-comunicaa%c2%a7ao-educativa-contibutos-para-a-mudana%c2%a7a-uma-experiaancia-no-a%c2%a2mbito-do-ensino","status":"publish","type":"post","link":"https:\/\/www.deberes.net\/tesis\/metodos-audiovisuales-en-pedagogia\/a-integraa%c2%a7ao-das-tecnologias-da-imagem-na-comunicaa%c2%a7ao-educativa-contibutos-para-a-mudana%c2%a7a-uma-experiaancia-no-a%c2%a2mbito-do-ensino\/","title":{"rendered":"A integra\u00c1\u00a7ao das tecnolog\u00edas da imagem na comunica\u00c1\u00a7ao educativa. contibutos para a mudan\u00c1\u00a7a. uma experi\u00c1\u00aancia no \u00c1\u00a2mbito do ensino."},"content":{"rendered":"<h2>Tesis doctoral de <strong> M\u00aa Claudia Simoes  Moderno <\/strong><\/h2>\n<p>Con nuestra investigaci\u00f3n pretendiemos contribuir para que la integraci\u00f3n de las tecnolog\u00edas en la educaci\u00f3n d\u00e9 origen a un cambio en las mentalidades de todos los intervinientes en el proceso educativo, y comprobar de qu\u00e9 forma la utilizaci\u00f3n de un documento audiovisual did\u00e1ctico puede ejercer un impacto significativo en la ense\u00f1anza \/ aprendizaje de los alumnos. en la primera parte recurrimos a diversos autores y estudios que se dedican al fen\u00f3meno de la comunicaci\u00f3n en general, a la transmisi\u00f3n de mensajes y a la integraci\u00f3n de las tecnolog\u00edas en la ense\u00f1anza \/ aprendizaje. en la segunda concebimos, producimos e avaluamos un documento audiovisual pedag\u00f3gico con la intenci\u00f3n de intentar comprobar en qu\u00e9 medida ejerce impacto en el proceso ense\u00f1anza \/ aprendizaje de un tema program\u00e1tico de la asignatura de matem\u00e1tica. ten\u00edamos dos clases de 7\u00c2\u00bacurso:  turma a &#8211; experimental: clase impartida con un documento audiovisual.  turma b &#8211; control: clase impartida s\u00f3lo con el recurso a oralidad, libro y pizarra. al defender que las metodolog\u00edas de ense\u00f1anza que privilegian las tecnolog\u00edas en que predomina la imagen pueden contribuir para combatir el fracaso escolar en una de las \u00e1reas en donde \u00e9l es mayor en portugal, las matem\u00e1ticas, estamos defendiendo la integraci\u00f3n de las tecnolog\u00edas de la imagen en una perspectiva de comunicaci\u00f3n interactiva encuadrada en el paradigma constructivista. con el documento audiovisual que utilizamos en nuestra experiencia pretend\u00edamos saber qu\u00e9 relaci\u00f3n podemos encontrar entre el uso de la tecnolog\u00eda v\u00eddeo  y los contenidos matem\u00e1ticos \/ geom\u00e9tricos en una ensen\u00ed\u00a3nza \/ aprendizaje  en donde se pretende despertar la atenci\u00f3n, facilitar la comprensi\u00f3n, fomentar el esp\u00edritu cr\u00edtico y promover actitudes de descubrimiento. \tllegamos a la conclusi\u00f3n de que los medios tecnol\u00f3gicos contribuyeron significativamente para una mejor comprensi\u00f3n y aprehensi\u00f3n de conocimientos, volvi\u00e9ndolos m\u00e1s atractivos e interesantes para los alumnos.<\/p>\n<p>&nbsp;<\/p>\n<h3>Datos acad\u00e9micos de la tesis doctoral \u00ab<strong>A integra\u00c1\u00a7ao das tecnolog\u00edas da imagem na comunica\u00c1\u00a7ao educativa. contibutos para a mudan\u00c1\u00a7a. uma experi\u00c1\u00aancia no \u00c1\u00a2mbito do ensino.<\/strong>\u00ab<\/h3>\n<ul>\n<li><strong>T\u00edtulo de la tesis:<\/strong>\u00a0 A integra\u00c1\u00a7ao das tecnolog\u00edas da imagem na comunica\u00c1\u00a7ao educativa. contibutos para a mudan\u00c1\u00a7a. uma experi\u00c1\u00aancia no \u00c1\u00a2mbito do ensino. <\/li>\n<li><strong>Autor:<\/strong>\u00a0 M\u00aa Claudia Simoes  Moderno <\/li>\n<li><strong>Universidad:<\/strong>\u00a0 Salamanca<\/li>\n<li><strong>Fecha de lectura de la tesis:<\/strong>\u00a0 02\/10\/2009<\/li>\n<\/ul>\n<p>&nbsp;<\/p>\n<h3>Direcci\u00f3n y tribunal<\/h3>\n<ul>\n<li><strong>Director de la tesis<\/strong>\n<ul>\n<li>Francisco Javier Tejedor Tejedor<\/li>\n<\/ul>\n<\/li>\n<li><strong>Tribunal<\/strong>\n<ul>\n<li>Presidente del tribunal: joaquin Garcia carrasco <\/li>\n<li>Manuel Alves rodrigues (vocal)<\/li>\n<li>Juan  Francisco Martin izard (vocal)<\/li>\n<li>mercedes Gonz\u00e1lez sanmamed (vocal)<\/li>\n<\/ul>\n<\/li>\n<\/ul>\n<p>&nbsp;<\/p>\n","protected":false},"excerpt":{"rendered":"<p>Tesis doctoral de M\u00aa Claudia Simoes Moderno Con nuestra investigaci\u00f3n pretendiemos contribuir para que la integraci\u00f3n de las tecnolog\u00edas en [&hellip;]<\/p>\n","protected":false},"author":1,"featured_media":0,"comment_status":"open","ping_status":"open","sticky":false,"template":"","format":"standard","meta":{"site-sidebar-layout":"default","site-content-layout":"","ast-site-content-layout":"","site-content-style":"default","site-sidebar-style":"default","ast-global-header-display":"","ast-banner-title-visibility":"","ast-main-header-display":"","ast-hfb-above-header-display":"","ast-hfb-below-header-display":"","ast-hfb-mobile-header-display":"","site-post-title":"","ast-breadcrumbs-content":"","ast-featured-img":"","footer-sml-layout":"","theme-transparent-header-meta":"","adv-header-id-meta":"","stick-header-meta":"","header-above-stick-meta":"","header-main-stick-meta":"","header-below-stick-meta":"","astra-migrate-meta-layouts":"default","ast-page-background-enabled":"default","ast-page-background-meta":{"desktop":{"background-color":"var(--ast-global-color-4)","background-image":"","background-repeat":"repeat","background-position":"center center","background-size":"auto","background-attachment":"scroll","background-type":"","background-media":"","overlay-type":"","overlay-color":"","overlay-gradient":""},"tablet":{"background-color":"","background-image":"","background-repeat":"repeat","background-position":"center center","background-size":"auto","background-attachment":"scroll","background-type":"","background-media":"","overlay-type":"","overlay-color":"","overlay-gradient":""},"mobile":{"background-color":"","background-image":"","background-repeat":"repeat","background-position":"center center","background-size":"auto","background-attachment":"scroll","background-type":"","background-media":"","overlay-type":"","overlay-color":"","overlay-gradient":""}},"ast-content-background-meta":{"desktop":{"background-color":"var(--ast-global-color-5)","background-image":"","background-repeat":"repeat","background-position":"center center","background-size":"auto","background-attachment":"scroll","background-type":"","background-media":"","overlay-type":"","overlay-color":"","overlay-gradient":""},"tablet":{"background-color":"var(--ast-global-color-5)","background-image":"","background-repeat":"repeat","background-position":"center center","background-size":"auto","background-attachment":"scroll","background-type":"","background-media":"","overlay-type":"","overlay-color":"","overlay-gradient":""},"mobile":{"background-color":"var(--ast-global-color-5)","background-image":"","background-repeat":"repeat","background-position":"center center","background-size":"auto","background-attachment":"scroll","background-type":"","background-media":"","overlay-type":"","overlay-color":"","overlay-gradient":""}},"footnotes":""},"categories":[4907,9386],"tags":[9828,9442,197977,94183,45634,197976],"class_list":["post-96410","post","type-post","status-publish","format-standard","hentry","category-metodos-audiovisuales-en-pedagogia","category-salamanca","tag-francisco-javier-tejedor-tejedor","tag-joaquin-garcia-carrasco","tag-juan-francisco-martin-izard","tag-manuel-alves-rodrigues","tag-mercedes-gonzalez-sanmamed","tag-ma-claudia-simoes-moderno"],"_links":{"self":[{"href":"https:\/\/www.deberes.net\/tesis\/wp-json\/wp\/v2\/posts\/96410","targetHints":{"allow":["GET"]}}],"collection":[{"href":"https:\/\/www.deberes.net\/tesis\/wp-json\/wp\/v2\/posts"}],"about":[{"href":"https:\/\/www.deberes.net\/tesis\/wp-json\/wp\/v2\/types\/post"}],"author":[{"embeddable":true,"href":"https:\/\/www.deberes.net\/tesis\/wp-json\/wp\/v2\/users\/1"}],"replies":[{"embeddable":true,"href":"https:\/\/www.deberes.net\/tesis\/wp-json\/wp\/v2\/comments?post=96410"}],"version-history":[{"count":0,"href":"https:\/\/www.deberes.net\/tesis\/wp-json\/wp\/v2\/posts\/96410\/revisions"}],"wp:attachment":[{"href":"https:\/\/www.deberes.net\/tesis\/wp-json\/wp\/v2\/media?parent=96410"}],"wp:term":[{"taxonomy":"category","embeddable":true,"href":"https:\/\/www.deberes.net\/tesis\/wp-json\/wp\/v2\/categories?post=96410"},{"taxonomy":"post_tag","embeddable":true,"href":"https:\/\/www.deberes.net\/tesis\/wp-json\/wp\/v2\/tags?post=96410"}],"curies":[{"name":"wp","href":"https:\/\/api.w.org\/{rel}","templated":true}]}}