{"id":96425,"date":"2009-05-10T00:00:00","date_gmt":"2009-05-10T00:00:00","guid":{"rendered":"https:\/\/www.deberes.net\/tesis\/sin-categoria\/oferta-de-medicos-en-espana-al-inicio-del-siglo-xxi\/"},"modified":"2009-05-10T00:00:00","modified_gmt":"2009-05-10T00:00:00","slug":"oferta-de-medicos-en-espana-al-inicio-del-siglo-xxi","status":"publish","type":"post","link":"https:\/\/www.deberes.net\/tesis\/salud-publica\/oferta-de-medicos-en-espana-al-inicio-del-siglo-xxi\/","title":{"rendered":"Oferta de m\u00e9dicos en espa\u00f1a al inicio del siglo xxi"},"content":{"rendered":"<h2>Tesis doctoral de <strong> Miguel \u00e1ngel Garc\u00eda P\u00e9rez <\/strong><\/h2>\n<p>La legislaci\u00f3n espa\u00f1ola asigna a los gobiernos central y auton\u00f3mico la responsabilidad de garantizar el derecho a la protecci\u00f3n de la salud de los ciudadanos, tarea para la que los profesionales sanitarios son un elemento fundamental. La presente tesis pretende analizar la situaci\u00f3n  de la oferta de profesionales m\u00e9dicos en espa\u00f1a y su posible evoluci\u00f3n futura, contribuyendo as\u00ed a la previsi\u00f3n y modelaci\u00f3n de dicha oferta en el futuro. se realiz\u00f3 en primer lugar un an\u00e1lisis del n\u00famero y caracter\u00edsticas demogr\u00e1ficas b\u00e1sicas de los m\u00e9dicos con capacidad de ejercicio en espa\u00f1a, es decir, de aqu\u00e9llos con titulaci\u00f3n de especialista o con la certificaci\u00f3n que habilita a los licenciados con anterioridad al a\u00f1o 1995 al ejercicio de la medicina general, a partir de la informaci\u00f3n procedente de las convocatorias de formaci\u00f3n especializada y de las solicitudes de concesi\u00f3n de la citada certificaci\u00f3n.  169.319 m\u00e9dicos ten\u00edan capacidad de ejercicio a 1 de julio de 2004 (lo que supone una ratio de 392 m\u00e9dicos por cien mil habitantes), con una edad media de 42,9 a\u00f1os; el 47,1% son mujeres. Hay un claro predominio de los grupos medios de edad, entre 35 y 50 a\u00f1os. Por especialidades, el colectivo m\u00e1s numeroso es el de m\u00e9dicos sin especialidad y con habilitaci\u00f3n para el ejercicio de la medicina general (76.183), seguidos por medicina familiar y comunitaria (20.021) y pediatr\u00eda (6.846); la distribuci\u00f3n por edad y sexo var\u00eda enormemente seg\u00fan las especialidades. Los datos de distribuci\u00f3n geogr\u00e1fica, muy vinculados al lugar de formaci\u00f3n especializada, muestran una redistribuci\u00f3n de los profesionales despu\u00e9s de dicha formaci\u00f3n. La proyecci\u00f3n hacia el futuro de las condiciones de formaci\u00f3n y jubilaci\u00f3n existentes en el a\u00f1o 2004 prev\u00e9 un crecimiento del n\u00famero de m\u00e9dicos y de su ratio poblacional hasta alcanzar los 423,9 m\u00e9dicos con capacidad de ejercicio por cien mil habitantes en 2014, para despu\u00e9s reducirse progresivamente, descendiendo por debajo de la actual a partir del a\u00f1o 2024 y alcanzando en el a\u00f1o 2029 la cifra de 328,7. se analiz\u00f3 a continuaci\u00f3n la participaci\u00f3n de los m\u00e9dicos espa\u00f1oles en los movimientos migratorios internacionales, especialmente en el \u00e1mbito europeo, a partir de datos procedentes de las diferentes organizaciones profesionales o reguladoras de la profesi\u00f3n de los pa\u00edses del \u00e1rea econ\u00f3mica europea y eeuu. 8.530 m\u00e9dicos espa\u00f1oles se encuentran registrados en otros pa\u00edses occidentales, lo que supone un 5,9% de los m\u00e9dicos activos de nuestro pa\u00eds. Los datos sobre inmigraci\u00f3n son menos precisos, y s\u00f3lo disponemos de la estad\u00edstica oficial de homologaciones de t\u00edtulos extranjeros, m\u00e1s de 5.000 en el pasado a\u00f1o. en tercer lugar, se analiz\u00f3 la distribuci\u00f3n geogr\u00e1fica de los m\u00e9dicos en espa\u00f1a y los factores que pudieran relacionarse con ella, a partir de los datos de colegiaci\u00f3n y de car\u00e1cter socioecon\u00f3mico, demogr\u00e1fico y de formaci\u00f3n m\u00e9dica de las 52 provincias espa\u00f1olas. Con una ratio provincial media de 426,8 m\u00e9dicos por cien mil habitantes en el a\u00f1o 2007, y unos indicadores de variablidad de la misma (raz\u00f3n entre valores extremos de 2,1, \u00edndice de gini 0,103)  que no han empeorado netamente en los \u00faltimos diez a\u00f1os, nuestra variablidad se encuentra dentro del rango existente en nuestro entorno europeo. Un 83,3% de la varianza de la ratio provincial de m\u00e9dicos estar\u00eda explicado por un modelo formado por la capacidad de formaci\u00f3n postgraduada de la provincia (que por s\u00ed sola explica el 64,1% de dicha varianza; \u00edY=0,694), su ratio de camas (\u00edY=0,201), el incremento poblacional experimentado en la misma en los \u00faltimos diez a\u00f1os (\u00edY=-0,312) y su tasa de paro (\u00edY=-0,220). a partir de los datos de esta investigaci\u00f3n, un incremento progresivo del numerus clausus hasta el nivel de los 7.000 nuevos alumnos anuales podr\u00eda  paliar el posible d\u00e9ficit previsto a medio plazo, siendo necesaria su posterior reducci\u00f3n para evitar un nuevo ciclo de oscilaciones pendulares del n\u00famero de m\u00e9dicos. Ante el reciente incremento de la inmigraci\u00f3n m\u00e9dica a nuestro pa\u00eds, el control de la calidad de las cualificaciones profesionales y su impacto en la evoluci\u00f3n de la cifra total de m\u00e9dicos deben ser convenientemente monitorizados. Otras medidas son tambi\u00e9n necesarias para asegurar la disponibilidad futura de m\u00e9dicos: mejorar la retenci\u00f3n de los activos, recuperar a los inactivos y facilitar el regreso de los que se marcharon. Y no hay que olvidar la necesidad de adecuar el reparto de competencias entre los m\u00e9dicos y el resto de profesionales sanitarios. Se hace patente la necesidad de un registro vivo de profesionales y de un adecuado y continuo an\u00e1lisis de los datos para poder cubrir las importantes lagunas de conocimiento que existen en este momento.<\/p>\n<p>&nbsp;<\/p>\n<h3>Datos acad\u00e9micos de la tesis doctoral \u00ab<strong>Oferta de m\u00e9dicos en espa\u00f1a al inicio del siglo xxi<\/strong>\u00ab<\/h3>\n<ul>\n<li><strong>T\u00edtulo de la tesis:<\/strong>\u00a0 Oferta de m\u00e9dicos en espa\u00f1a al inicio del siglo xxi <\/li>\n<li><strong>Autor:<\/strong>\u00a0 Miguel \u00e1ngel Garc\u00eda P\u00e9rez <\/li>\n<li><strong>Universidad:<\/strong>\u00a0 Aut\u00f3noma de Madrid<\/li>\n<li><strong>Fecha de lectura de la tesis:<\/strong>\u00a0 05\/10\/2009<\/li>\n<\/ul>\n<p>&nbsp;<\/p>\n<h3>Direcci\u00f3n y tribunal<\/h3>\n<ul>\n<li><strong>Director de la tesis<\/strong>\n<ul>\n<li>Angel Antonio Otero Puime<\/li>\n<\/ul>\n<\/li>\n<li><strong>Tribunal<\/strong>\n<ul>\n<li>Presidente del tribunal: fernando Rodr\u00edguez artalejo <\/li>\n<li>xavier Mundet tuduri (vocal)<\/li>\n<li>Antonio Monreal h\u00edjar (vocal)<\/li>\n<li>valentin Cuervas mons (vocal)<\/li>\n<\/ul>\n<\/li>\n<\/ul>\n<p>&nbsp;<\/p>\n","protected":false},"excerpt":{"rendered":"<p>Tesis doctoral de Miguel \u00e1ngel Garc\u00eda P\u00e9rez La legislaci\u00f3n espa\u00f1ola asigna a los gobiernos central y auton\u00f3mico la responsabilidad de [&hellip;]<\/p>\n","protected":false},"author":1,"featured_media":0,"comment_status":"open","ping_status":"open","sticky":false,"template":"","format":"standard","meta":{"site-sidebar-layout":"default","site-content-layout":"","ast-site-content-layout":"","site-content-style":"default","site-sidebar-style":"default","ast-global-header-display":"","ast-banner-title-visibility":"","ast-main-header-display":"","ast-hfb-above-header-display":"","ast-hfb-below-header-display":"","ast-hfb-mobile-header-display":"","site-post-title":"","ast-breadcrumbs-content":"","ast-featured-img":"","footer-sml-layout":"","theme-transparent-header-meta":"","adv-header-id-meta":"","stick-header-meta":"","header-above-stick-meta":"","header-main-stick-meta":"","header-below-stick-meta":"","astra-migrate-meta-layouts":"default","ast-page-background-enabled":"default","ast-page-background-meta":{"desktop":{"background-color":"var(--ast-global-color-4)","background-image":"","background-repeat":"repeat","background-position":"center center","background-size":"auto","background-attachment":"scroll","background-type":"","background-media":"","overlay-type":"","overlay-color":"","overlay-gradient":""},"tablet":{"background-color":"","background-image":"","background-repeat":"repeat","background-position":"center center","background-size":"auto","background-attachment":"scroll","background-type":"","background-media":"","overlay-type":"","overlay-color":"","overlay-gradient":""},"mobile":{"background-color":"","background-image":"","background-repeat":"repeat","background-position":"center center","background-size":"auto","background-attachment":"scroll","background-type":"","background-media":"","overlay-type":"","overlay-color":"","overlay-gradient":""}},"ast-content-background-meta":{"desktop":{"background-color":"var(--ast-global-color-5)","background-image":"","background-repeat":"repeat","background-position":"center center","background-size":"auto","background-attachment":"scroll","background-type":"","background-media":"","overlay-type":"","overlay-color":"","overlay-gradient":""},"tablet":{"background-color":"var(--ast-global-color-5)","background-image":"","background-repeat":"repeat","background-position":"center center","background-size":"auto","background-attachment":"scroll","background-type":"","background-media":"","overlay-type":"","overlay-color":"","overlay-gradient":""},"mobile":{"background-color":"var(--ast-global-color-5)","background-image":"","background-repeat":"repeat","background-position":"center center","background-size":"auto","background-attachment":"scroll","background-type":"","background-media":"","overlay-type":"","overlay-color":"","overlay-gradient":""}},"footnotes":""},"categories":[7570,4074,967],"tags":[15254,132852,12656,131188,51260,61699],"class_list":["post-96425","post","type-post","status-publish","format-standard","hentry","category-gestion-de-recursos-humanos","category-politica-sanitaria","category-salud-publica","tag-angel-antonio-otero-puime","tag-antonio-monreal-hijar","tag-fernando-rodriguez-artalejo","tag-miguel-angel-garcia-perez","tag-valentin-cuervas-mons","tag-xavier-mundet-tuduri"],"_links":{"self":[{"href":"https:\/\/www.deberes.net\/tesis\/wp-json\/wp\/v2\/posts\/96425","targetHints":{"allow":["GET"]}}],"collection":[{"href":"https:\/\/www.deberes.net\/tesis\/wp-json\/wp\/v2\/posts"}],"about":[{"href":"https:\/\/www.deberes.net\/tesis\/wp-json\/wp\/v2\/types\/post"}],"author":[{"embeddable":true,"href":"https:\/\/www.deberes.net\/tesis\/wp-json\/wp\/v2\/users\/1"}],"replies":[{"embeddable":true,"href":"https:\/\/www.deberes.net\/tesis\/wp-json\/wp\/v2\/comments?post=96425"}],"version-history":[{"count":0,"href":"https:\/\/www.deberes.net\/tesis\/wp-json\/wp\/v2\/posts\/96425\/revisions"}],"wp:attachment":[{"href":"https:\/\/www.deberes.net\/tesis\/wp-json\/wp\/v2\/media?parent=96425"}],"wp:term":[{"taxonomy":"category","embeddable":true,"href":"https:\/\/www.deberes.net\/tesis\/wp-json\/wp\/v2\/categories?post=96425"},{"taxonomy":"post_tag","embeddable":true,"href":"https:\/\/www.deberes.net\/tesis\/wp-json\/wp\/v2\/tags?post=96425"}],"curies":[{"name":"wp","href":"https:\/\/api.w.org\/{rel}","templated":true}]}}