{"id":96435,"date":"2009-06-10T00:00:00","date_gmt":"2009-06-10T00:00:00","guid":{"rendered":"https:\/\/www.deberes.net\/tesis\/sin-categoria\/procesamiento-emocional-en-psicosis-un-estudio-de-neuroimagen-funcional\/"},"modified":"2009-06-10T00:00:00","modified_gmt":"2009-06-10T00:00:00","slug":"procesamiento-emocional-en-psicosis-un-estudio-de-neuroimagen-funcional","status":"publish","type":"post","link":"https:\/\/www.deberes.net\/tesis\/psiquiatria\/procesamiento-emocional-en-psicosis-un-estudio-de-neuroimagen-funcional\/","title":{"rendered":"Procesamiento emocional en psicosis: un estudio de neuroimagen funcional"},"content":{"rendered":"<h2>Tesis doctoral de <strong> M\u00aa Jose Escarti Fabra <\/strong><\/h2>\n<p>Introducci\u00f3n: las alteraciones en el procesamiento emocional han sido ampliamente descritas en la esquizofrenia (bleuler, 1911, hoekert et. Al, 2007; cohen &#038; minor, 2008; kring &#038; moran, 2008). Estas alteraciones emocionales se han relacionado tanto con los s\u00edntomas negativos como los s\u00edntomas positivos de la enfermedad. En relaci\u00f3n con las alucinaciones auditivas algunos modelos explicativos destacan el papel cr\u00edtico de los factores emocionales en la fisiopatolog\u00eda de las mismas (aleman &#038; laroi, 2008; sanju\u00e1n, 2006). El desarrollo de las t\u00e9cnicas de neuroimagen ha permitido el estudio de las bases neurobiol\u00f3gicas de las funciones cerebrales mediante t\u00e9cnicas no invasivas. Sin embargo, pocos de estos estudios han investigado la asociaci\u00f3n entre las alucinaciones y las alteraciones emocionales mediante el uso de un paradigma auditivo emocional.  Para el an\u00e1lisis de los datos obtenidos de la resonancia magn\u00e9tica se ha utilizado dos enfoques, los modelos guiados por el paradigma y los modelos guiados por los datos. Para este estudio se ha utilizado el an\u00e1lisis de componentes independientes (ica) que es un m\u00e9todo de an\u00e1lisis que es especialmente \u00fatil para la descomposici\u00f3n de la activaci\u00f3n cerebral durante el procesamiento de las tareas cognitivas complejas en la que m\u00faltiples operaciones se producen simult\u00e1neamente sin necesidad de introducir un modelo a priori.  objetivos:  1. Identificar las redes funcionales implicadas en el procesamiento de un est\u00edmulo auditivo emocional y neutro en un grupo de pacientes psic\u00f3ticos con y sin alucinaciones auditivas y en un grupo de sujetos sanos.  2. Estudiar las diferencias cualitativas en las redes funcionales identificadas entre los tres grupos de estudio.  hip\u00f3tesis:  los pacientes con y sin alucinaciones auditivas mostrar\u00edan diferencias en las redes funcionales responsables del procesamiento de las palabras emocionales y neutras escuchadas.   material y m\u00e9todo:  se reclutaron tres grupos de sujetos: 41 pacientes con diagn\u00f3stico del espectro psic\u00f3tico: 27 con alucinaciones auditivas y 14 sin alucinaciones auditivas y 31 sujetos sanos.  a los participantes se les realiz\u00f3 una resonancia magn\u00e9tica funcional en la que se aplic\u00f3 un paradigma auditivo con dos sesiones una con palabras emocionales y otra con palabras de contenido neutro.  el an\u00e1lisis de los datos se realiz\u00f3 con un enfoque multivariante, con el an\u00e1lisis de componentes independientes. resultados:  sesi\u00f3n emocional se identificaron las siguientes redes funcionales en la sesi\u00f3n emocional:  \ten controles, 4 redes funcionales (temporal, fronto-temporo-parietal, subcortical-temporo-frontal y cerebelo-occipital);  \ten pacientes con alucinaciones auditivas, 5 redes funcionales (temporal, fronto-parietal, fronto-temporal, l\u00edmbica (complejo parahipocampo-amigdalar y occipito-cerebelar); \ten los pacientes sin alucinaciones auditivas, 4 redes funcionales (temporal, subcortico-temporo-frontal, fronto-temporal y fronto-parietal).  sesi\u00f3n neutra se identificaron las siguientes redes funcionales en la sesi\u00f3n neutra: \ten controles, 3 redes funcionales (temporal y fronto-parietal derecha e izquierda);  \ten pacientes con alucinaciones auditivas, 2 redes (temporal, fronto-parietal derecha) y  \ten los pacientes sin alucinaciones auditivas, 2 redes (temporal, fronto-parietal derecha).   conclusiones:  1.\tLos pacientes psic\u00f3ticos con alucinaciones auditivas presentan redes funcionales de activaci\u00f3n cerebral diferentes en comparaci\u00f3n a los sujetos sanos y a los psic\u00f3ticos sin alucinaciones, ante un est\u00edmulo auditivo con contenido emocional. 2.\tEspec\u00edficamente se observa una diferente activaci\u00f3n  en el grupo am\u00edgdala-hipocampo en los sujetos psic\u00f3ticos con alucinaciones comparados con los otros grupos. 3.\tLa hiperactivaci\u00f3n amigdalar observada puede englobarse en los modelos de alucinaciones propuestos en la literatura. Esta hiperactivaci\u00f3n puede influir en los sistemas de monitorizaci\u00f3n, ocasionando las alucinaciones auditivas y, por otra parte, demuestra una excesiva relevancia (salience) ante un est\u00edmulo que puede reflejar la vulnerabilidad para una respuesta emocional excesiva que presentan los pacientes alucinadores. 4.\tSe observan diferencias entre los pacientes con alucinaciones auditivas y los otros dos grupos del estudio en las redes fronto-temporo-parietal implicadas en la generaci\u00f3n y regulaci\u00f3n de la respuesta emocional y en la monitorizaci\u00f3n de la fuente. 5.\tLos resultados sugieren la existencia de una disfunci\u00f3n del sistema prefronto-amigdalar en el procesamiento emocional en los sujetos psic\u00f3ticos con alucinaciones auditivas. 6.\tLos resultados en el procesamiento de las palabras de contenido neutro demuestran la presencia de una disminuci\u00f3n de actividad del hemisferio izquierdo en las regiones relacionadas con el procesamiento durante una tarea de lenguaje en pacientes psic\u00f3ticos comparado con sujetos sanos.  7.\tEstos resultados, durante la sesi\u00f3n neutra, apoyan la existencia de una especializaci\u00f3n hemisf\u00e9rica izquierda an\u00f3mala en los pacientes con esquizofrenia. 8.\tLa t\u00e9cnica ica nos ha permitido identificar las redes de conectividad funcional implicadas en la detecci\u00f3n de un est\u00edmulo auditivo, tanto emocional como neutro.<\/p>\n<p>&nbsp;<\/p>\n<h3>Datos acad\u00e9micos de la tesis doctoral \u00ab<strong>Procesamiento emocional en psicosis: un estudio de neuroimagen funcional<\/strong>\u00ab<\/h3>\n<ul>\n<li><strong>T\u00edtulo de la tesis:<\/strong>\u00a0 Procesamiento emocional en psicosis: un estudio de neuroimagen funcional <\/li>\n<li><strong>Autor:<\/strong>\u00a0 M\u00aa Jose Escarti Fabra <\/li>\n<li><strong>Universidad:<\/strong>\u00a0 Universitat de val\u00e9ncia (estudi general)<\/li>\n<li><strong>Fecha de lectura de la tesis:<\/strong>\u00a0 06\/10\/2009<\/li>\n<\/ul>\n<p>&nbsp;<\/p>\n<h3>Direcci\u00f3n y tribunal<\/h3>\n<ul>\n<li><strong>Director de la tesis<\/strong>\n<ul>\n<li>Julio SanJuan  Arias<\/li>\n<\/ul>\n<\/li>\n<li><strong>Tribunal<\/strong>\n<ul>\n<li>Presidente del tribunal: carmen Leal cerc\u00f3s <\/li>\n<li>enric Alvarez Martinez (vocal)<\/li>\n<li>celso Arango lopez (vocal)<\/li>\n<li>Luis Marti bonmati (vocal)<\/li>\n<\/ul>\n<\/li>\n<\/ul>\n<p>&nbsp;<\/p>\n","protected":false},"excerpt":{"rendered":"<p>Tesis doctoral de M\u00aa Jose Escarti Fabra Introducci\u00f3n: las alteraciones en el procesamiento emocional han sido ampliamente descritas en la [&hellip;]<\/p>\n","protected":false},"author":1,"featured_media":0,"comment_status":"open","ping_status":"open","sticky":false,"template":"","format":"standard","meta":{"site-sidebar-layout":"default","site-content-layout":"","ast-site-content-layout":"","site-content-style":"default","site-sidebar-style":"default","ast-global-header-display":"","ast-banner-title-visibility":"","ast-main-header-display":"","ast-hfb-above-header-display":"","ast-hfb-below-header-display":"","ast-hfb-mobile-header-display":"","site-post-title":"","ast-breadcrumbs-content":"","ast-featured-img":"","footer-sml-layout":"","theme-transparent-header-meta":"","adv-header-id-meta":"","stick-header-meta":"","header-above-stick-meta":"","header-main-stick-meta":"","header-below-stick-meta":"","astra-migrate-meta-layouts":"default","ast-page-background-enabled":"default","ast-page-background-meta":{"desktop":{"background-color":"var(--ast-global-color-4)","background-image":"","background-repeat":"repeat","background-position":"center center","background-size":"auto","background-attachment":"scroll","background-type":"","background-media":"","overlay-type":"","overlay-color":"","overlay-gradient":""},"tablet":{"background-color":"","background-image":"","background-repeat":"repeat","background-position":"center center","background-size":"auto","background-attachment":"scroll","background-type":"","background-media":"","overlay-type":"","overlay-color":"","overlay-gradient":""},"mobile":{"background-color":"","background-image":"","background-repeat":"repeat","background-position":"center center","background-size":"auto","background-attachment":"scroll","background-type":"","background-media":"","overlay-type":"","overlay-color":"","overlay-gradient":""}},"ast-content-background-meta":{"desktop":{"background-color":"var(--ast-global-color-5)","background-image":"","background-repeat":"repeat","background-position":"center center","background-size":"auto","background-attachment":"scroll","background-type":"","background-media":"","overlay-type":"","overlay-color":"","overlay-gradient":""},"tablet":{"background-color":"var(--ast-global-color-5)","background-image":"","background-repeat":"repeat","background-position":"center center","background-size":"auto","background-attachment":"scroll","background-type":"","background-media":"","overlay-type":"","overlay-color":"","overlay-gradient":""},"mobile":{"background-color":"var(--ast-global-color-5)","background-image":"","background-repeat":"repeat","background-position":"center center","background-size":"auto","background-attachment":"scroll","background-type":"","background-media":"","overlay-type":"","overlay-color":"","overlay-gradient":""}},"footnotes":""},"categories":[5263,1408,28867],"tags":[6501,68270,143658,27487,50146,198020],"class_list":["post-96435","post","type-post","status-publish","format-standard","hentry","category-emocion","category-psiquiatria","category-resonancia-magnetica","tag-carmen-leal-cercos","tag-celso-arango-lopez","tag-enric-alvarez-Martinez","tag-julio-sanjuan-arias","tag-luis-marti-bonmati","tag-ma-jose-escarti-fabra"],"_links":{"self":[{"href":"https:\/\/www.deberes.net\/tesis\/wp-json\/wp\/v2\/posts\/96435","targetHints":{"allow":["GET"]}}],"collection":[{"href":"https:\/\/www.deberes.net\/tesis\/wp-json\/wp\/v2\/posts"}],"about":[{"href":"https:\/\/www.deberes.net\/tesis\/wp-json\/wp\/v2\/types\/post"}],"author":[{"embeddable":true,"href":"https:\/\/www.deberes.net\/tesis\/wp-json\/wp\/v2\/users\/1"}],"replies":[{"embeddable":true,"href":"https:\/\/www.deberes.net\/tesis\/wp-json\/wp\/v2\/comments?post=96435"}],"version-history":[{"count":0,"href":"https:\/\/www.deberes.net\/tesis\/wp-json\/wp\/v2\/posts\/96435\/revisions"}],"wp:attachment":[{"href":"https:\/\/www.deberes.net\/tesis\/wp-json\/wp\/v2\/media?parent=96435"}],"wp:term":[{"taxonomy":"category","embeddable":true,"href":"https:\/\/www.deberes.net\/tesis\/wp-json\/wp\/v2\/categories?post=96435"},{"taxonomy":"post_tag","embeddable":true,"href":"https:\/\/www.deberes.net\/tesis\/wp-json\/wp\/v2\/tags?post=96435"}],"curies":[{"name":"wp","href":"https:\/\/api.w.org\/{rel}","templated":true}]}}