{"id":96436,"date":"2009-06-10T00:00:00","date_gmt":"2009-06-10T00:00:00","guid":{"rendered":"https:\/\/www.deberes.net\/tesis\/sin-categoria\/ade-la-mano-a-la-razon-cuerpo-mano-cerebro-y-conciencia\/"},"modified":"2009-06-10T00:00:00","modified_gmt":"2009-06-10T00:00:00","slug":"ade-la-mano-a-la-razon-cuerpo-mano-cerebro-y-conciencia","status":"publish","type":"post","link":"https:\/\/www.deberes.net\/tesis\/antropologia-cultural\/ade-la-mano-a-la-razon-cuerpo-mano-cerebro-y-conciencia\/","title":{"rendered":"\u00c2\u00bfde la mano a la raz\u00f3n? cuerpo, mano, cerebro y conciencia"},"content":{"rendered":"<h2>Tesis doctoral de <strong> Eva \u00e1lvarez Martino <\/strong><\/h2>\n<p>La mano humana y el cerebro son producto de la evoluci\u00f3n, pero no act\u00faan solos, en un vac\u00edo, sino que est\u00e1n totalmente integrados en el cuerpo y el entorno en el que vive cada individuo y en el que vivi\u00f3 nuestra especie. Esta tesis tiene como cometido sintetizar la explicaci\u00f3n conjunta de los procesos m\u00e1s esenciales de la hominizaci\u00f3n (filog\u00e9nesis) y de nuestra evoluci\u00f3n individual (ontog\u00e9nesis) en un escenario evolutivo asentado en un modelo de correspondencia rec\u00edproca entre diversos factores, entre los que se hallan: la posici\u00f3n erecta, la liberaci\u00f3n de las manos, la aparici\u00f3n del cerebro humano, nuestra capacidad de aprendizaje y el surgimiento del lenguaje. Se pretende ofrecer una posible respuesta al debatido problema filos\u00f3fico mente-cuerpo desde una perspectiva evolucionista intentando explicar c\u00f3mo nuestros procesos mentales (nuestra conciencia) son fruto de un complejo sistema biol\u00f3gico en el que la mano y el cerebro, producto de la evoluci\u00f3n, cumplieron y cumplen un papel fundamental. Para ello se parte de la negaci\u00f3n ontol\u00f3gica de cualquier tipo de dualismo y de la suposici\u00f3n de que son exclusivamente los procesos f\u00edsicos, materiales (cuerpo, mano, cerebro), los que pueden ofrecernos una explicaci\u00f3n adecuada de la conciencia como un proceso f\u00edsico que surge de la estructura y din\u00e1mica de ciertos cerebros, dentro del orden material de ciertos organismos (muto ergo cogito).<\/p>\n<p>&nbsp;<\/p>\n<h3>Datos acad\u00e9micos de la tesis doctoral \u00ab<strong>\u00c2\u00bfde la mano a la raz\u00f3n? cuerpo, mano, cerebro y conciencia<\/strong>\u00ab<\/h3>\n<ul>\n<li><strong>T\u00edtulo de la tesis:<\/strong>\u00a0 \u00c2\u00bfde la mano a la raz\u00f3n? cuerpo, mano, cerebro y conciencia <\/li>\n<li><strong>Autor:<\/strong>\u00a0 Eva \u00e1lvarez Martino <\/li>\n<li><strong>Universidad:<\/strong>\u00a0 Oviedo<\/li>\n<li><strong>Fecha de lectura de la tesis:<\/strong>\u00a0 06\/10\/2009<\/li>\n<\/ul>\n<p>&nbsp;<\/p>\n<h3>Direcci\u00f3n y tribunal<\/h3>\n<ul>\n<li><strong>Director de la tesis<\/strong>\n<ul>\n<li>Juli\u00e1n Velarde Lombra\u00f1a<\/li>\n<\/ul>\n<\/li>\n<li><strong>Tribunal<\/strong>\n<ul>\n<li>Presidente del tribunal: M\u00aa del carmen Paredes mart\u00edn <\/li>\n<li>Francisco Casariego pola (vocal)<\/li>\n<li>Antonio  Miguel L\u00f3pez molina (vocal)<\/li>\n<li>Manuel \u00e1ngel Fern\u00e1ndez lorenzo (vocal)<\/li>\n<\/ul>\n<\/li>\n<\/ul>\n<p>&nbsp;<\/p>\n","protected":false},"excerpt":{"rendered":"<p>Tesis doctoral de Eva \u00e1lvarez Martino La mano humana y el cerebro son producto de la evoluci\u00f3n, pero no act\u00faan [&hellip;]<\/p>\n","protected":false},"author":1,"featured_media":0,"comment_status":"open","ping_status":"open","sticky":false,"template":"","format":"standard","meta":{"site-sidebar-layout":"default","site-content-layout":"","ast-site-content-layout":"","site-content-style":"default","site-sidebar-style":"default","ast-global-header-display":"","ast-banner-title-visibility":"","ast-main-header-display":"","ast-hfb-above-header-display":"","ast-hfb-below-header-display":"","ast-hfb-mobile-header-display":"","site-post-title":"","ast-breadcrumbs-content":"","ast-featured-img":"","footer-sml-layout":"","theme-transparent-header-meta":"","adv-header-id-meta":"","stick-header-meta":"","header-above-stick-meta":"","header-main-stick-meta":"","header-below-stick-meta":"","astra-migrate-meta-layouts":"default","ast-page-background-enabled":"default","ast-page-background-meta":{"desktop":{"background-color":"var(--ast-global-color-4)","background-image":"","background-repeat":"repeat","background-position":"center center","background-size":"auto","background-attachment":"scroll","background-type":"","background-media":"","overlay-type":"","overlay-color":"","overlay-gradient":""},"tablet":{"background-color":"","background-image":"","background-repeat":"repeat","background-position":"center center","background-size":"auto","background-attachment":"scroll","background-type":"","background-media":"","overlay-type":"","overlay-color":"","overlay-gradient":""},"mobile":{"background-color":"","background-image":"","background-repeat":"repeat","background-position":"center center","background-size":"auto","background-attachment":"scroll","background-type":"","background-media":"","overlay-type":"","overlay-color":"","overlay-gradient":""}},"ast-content-background-meta":{"desktop":{"background-color":"var(--ast-global-color-5)","background-image":"","background-repeat":"repeat","background-position":"center center","background-size":"auto","background-attachment":"scroll","background-type":"","background-media":"","overlay-type":"","overlay-color":"","overlay-gradient":""},"tablet":{"background-color":"var(--ast-global-color-5)","background-image":"","background-repeat":"repeat","background-position":"center center","background-size":"auto","background-attachment":"scroll","background-type":"","background-media":"","overlay-type":"","overlay-color":"","overlay-gradient":""},"mobile":{"background-color":"var(--ast-global-color-5)","background-image":"","background-repeat":"repeat","background-position":"center center","background-size":"auto","background-attachment":"scroll","background-type":"","background-media":"","overlay-type":"","overlay-color":"","overlay-gradient":""}},"footnotes":""},"categories":[983,5537,1880,8846,18074],"tags":[22600,198021,198022,8930,198023,18380],"class_list":["post-96436","post","type-post","status-publish","format-standard","hentry","category-antropologia-cultural","category-epistemologia","category-neurologia","category-oviedo","category-problema-alma-cuerpo","tag-antonio-miguel-lopez-molina","tag-eva-alvarez-martino","tag-francisco-casariego-pola","tag-julian-velarde-lombrana","tag-manuel-angel-fernandez-lorenzo","tag-ma-del-carmen-paredes-martin"],"_links":{"self":[{"href":"https:\/\/www.deberes.net\/tesis\/wp-json\/wp\/v2\/posts\/96436","targetHints":{"allow":["GET"]}}],"collection":[{"href":"https:\/\/www.deberes.net\/tesis\/wp-json\/wp\/v2\/posts"}],"about":[{"href":"https:\/\/www.deberes.net\/tesis\/wp-json\/wp\/v2\/types\/post"}],"author":[{"embeddable":true,"href":"https:\/\/www.deberes.net\/tesis\/wp-json\/wp\/v2\/users\/1"}],"replies":[{"embeddable":true,"href":"https:\/\/www.deberes.net\/tesis\/wp-json\/wp\/v2\/comments?post=96436"}],"version-history":[{"count":0,"href":"https:\/\/www.deberes.net\/tesis\/wp-json\/wp\/v2\/posts\/96436\/revisions"}],"wp:attachment":[{"href":"https:\/\/www.deberes.net\/tesis\/wp-json\/wp\/v2\/media?parent=96436"}],"wp:term":[{"taxonomy":"category","embeddable":true,"href":"https:\/\/www.deberes.net\/tesis\/wp-json\/wp\/v2\/categories?post=96436"},{"taxonomy":"post_tag","embeddable":true,"href":"https:\/\/www.deberes.net\/tesis\/wp-json\/wp\/v2\/tags?post=96436"}],"curies":[{"name":"wp","href":"https:\/\/api.w.org\/{rel}","templated":true}]}}