{"id":96437,"date":"2009-06-10T00:00:00","date_gmt":"2009-06-10T00:00:00","guid":{"rendered":"https:\/\/www.deberes.net\/tesis\/sin-categoria\/a-trajectoria-de-ernesto-guerra-da-cal-nos-campos-cienta%c2%adfico-e-literario\/"},"modified":"2009-06-10T00:00:00","modified_gmt":"2009-06-10T00:00:00","slug":"a-trajectoria-de-ernesto-guerra-da-cal-nos-campos-cienta%c2%adfico-e-literario","status":"publish","type":"post","link":"https:\/\/www.deberes.net\/tesis\/lengua-y-literatura\/a-trajectoria-de-ernesto-guerra-da-cal-nos-campos-cienta%c2%adfico-e-literario\/","title":{"rendered":"A traject\u00f3ria de ernesto guerra da cal nos campos cient\u00edfico e liter\u00e1rio"},"content":{"rendered":"<h2>Tesis doctoral de <strong> Jos\u00e9 Manuel Rodriguez Gomez <\/strong><\/h2>\n<p>A presente tese de doutoramento estuda os mecanismos e redes que permit\u00edram ernesto guerra da cal atingir posi\u00ed\u00a7\u00ed\u00b5es de relevo nos campos cient\u00edfico e liter\u00e1rio galego, luso, brasileiro e lus\u00f3fono, os processos e instrumentos da sua centralidade e, tamb\u00e9m as estrat\u00e9gias mantidas para a promo\u00ed\u00a7\u00ed\u00a3o de si e das suas ideias. Na sua traject\u00f3ria s\u00ed\u00a3o valorizados os diferentes capitais mobilizados, nutridos desde a inf\u00ed\u00a2ncia em quiroga (lugo), a posteriores contactos em Madrid, onde cursou o ensino secund\u00e1rio, a carreira de letras na universidade central, at\u00e9 o seu percurso docente e investigador em universiades americanas, sustentado na rede do ex\u00edlio e no apoio familiar, posi\u00ed\u00a7\u00ed\u00a3o que lhe forneceu alto impacto nos sistemas aludidos, como tamb\u00e9m no \u00ed\u00a2mbito dos estudos luso-brasileiros e, menos, hisp\u00ed\u00a2nicos, nos usa. igualmente, s\u00ed\u00a3o tratadas as principais ideias por ele promovidas e fabricadas (particularmente sobre e\u00ed\u00a7a de queir\u00f3s, lorca, e a l\u00edngua e a cultura galega, tamb\u00e9m atrav\u00e9s de textos liter\u00e1rios-), os seus sucessos e fracassos e as suas causas<\/p>\n<p>&nbsp;<\/p>\n<h3>Datos acad\u00e9micos de la tesis doctoral \u00ab<strong>A traject\u00f3ria de ernesto guerra da cal nos campos cient\u00edfico e liter\u00e1rio<\/strong>\u00ab<\/h3>\n<ul>\n<li><strong>T\u00edtulo de la tesis:<\/strong>\u00a0 A traject\u00f3ria de ernesto guerra da cal nos campos cient\u00edfico e liter\u00e1rio <\/li>\n<li><strong>Autor:<\/strong>\u00a0 Jos\u00e9 Manuel Rodriguez Gomez <\/li>\n<li><strong>Universidad:<\/strong>\u00a0 Santiago de compostela<\/li>\n<li><strong>Fecha de lectura de la tesis:<\/strong>\u00a0 06\/10\/2009<\/li>\n<\/ul>\n<p>&nbsp;<\/p>\n<h3>Direcci\u00f3n y tribunal<\/h3>\n<ul>\n<li><strong>Director de la tesis<\/strong>\n<ul>\n<li>El\u00edas J Torres Feijoo<\/li>\n<\/ul>\n<\/li>\n<li><strong>Tribunal<\/strong>\n<ul>\n<li>Presidente del tribunal: ramon Villares paz <\/li>\n<li>monica Rector (vocal)<\/li>\n<li>Carlos Alves reis (vocal)<\/li>\n<li>Jos\u00e9 martin Montero santalla (vocal)<\/li>\n<\/ul>\n<\/li>\n<\/ul>\n<p>&nbsp;<\/p>\n","protected":false},"excerpt":{"rendered":"<p>Tesis doctoral de Jos\u00e9 Manuel Rodriguez Gomez A presente tese de doutoramento estuda os mecanismos e redes que permit\u00edram ernesto [&hellip;]<\/p>\n","protected":false},"author":1,"featured_media":0,"comment_status":"open","ping_status":"open","sticky":false,"template":"","format":"standard","meta":{"site-sidebar-layout":"default","site-content-layout":"","ast-site-content-layout":"","site-content-style":"default","site-sidebar-style":"default","ast-global-header-display":"","ast-banner-title-visibility":"","ast-main-header-display":"","ast-hfb-above-header-display":"","ast-hfb-below-header-display":"","ast-hfb-mobile-header-display":"","site-post-title":"","ast-breadcrumbs-content":"","ast-featured-img":"","footer-sml-layout":"","theme-transparent-header-meta":"","adv-header-id-meta":"","stick-header-meta":"","header-above-stick-meta":"","header-main-stick-meta":"","header-below-stick-meta":"","astra-migrate-meta-layouts":"default","ast-page-background-enabled":"default","ast-page-background-meta":{"desktop":{"background-color":"var(--ast-global-color-4)","background-image":"","background-repeat":"repeat","background-position":"center center","background-size":"auto","background-attachment":"scroll","background-type":"","background-media":"","overlay-type":"","overlay-color":"","overlay-gradient":""},"tablet":{"background-color":"","background-image":"","background-repeat":"repeat","background-position":"center center","background-size":"auto","background-attachment":"scroll","background-type":"","background-media":"","overlay-type":"","overlay-color":"","overlay-gradient":""},"mobile":{"background-color":"","background-image":"","background-repeat":"repeat","background-position":"center center","background-size":"auto","background-attachment":"scroll","background-type":"","background-media":"","overlay-type":"","overlay-color":"","overlay-gradient":""}},"ast-content-background-meta":{"desktop":{"background-color":"var(--ast-global-color-5)","background-image":"","background-repeat":"repeat","background-position":"center center","background-size":"auto","background-attachment":"scroll","background-type":"","background-media":"","overlay-type":"","overlay-color":"","overlay-gradient":""},"tablet":{"background-color":"var(--ast-global-color-5)","background-image":"","background-repeat":"repeat","background-position":"center center","background-size":"auto","background-attachment":"scroll","background-type":"","background-media":"","overlay-type":"","overlay-color":"","overlay-gradient":""},"mobile":{"background-color":"var(--ast-global-color-5)","background-image":"","background-repeat":"repeat","background-position":"center center","background-size":"auto","background-attachment":"scroll","background-type":"","background-media":"","overlay-type":"","overlay-color":"","overlay-gradient":""}},"footnotes":""},"categories":[713,636,977],"tags":[198026,35248,198024,185041,198025,2911],"class_list":["post-96437","post","type-post","status-publish","format-standard","hentry","category-historia-de-la-literatura","category-lengua-y-literatura","category-santiago-de-compostela","tag-carlos-alves-reis","tag-elias-j-torres-feijoo","tag-jose-manuel-rodriguez-gomez","tag-jose-martin-montero-santalla","tag-monica-rector","tag-ramon-villares-paz"],"_links":{"self":[{"href":"https:\/\/www.deberes.net\/tesis\/wp-json\/wp\/v2\/posts\/96437","targetHints":{"allow":["GET"]}}],"collection":[{"href":"https:\/\/www.deberes.net\/tesis\/wp-json\/wp\/v2\/posts"}],"about":[{"href":"https:\/\/www.deberes.net\/tesis\/wp-json\/wp\/v2\/types\/post"}],"author":[{"embeddable":true,"href":"https:\/\/www.deberes.net\/tesis\/wp-json\/wp\/v2\/users\/1"}],"replies":[{"embeddable":true,"href":"https:\/\/www.deberes.net\/tesis\/wp-json\/wp\/v2\/comments?post=96437"}],"version-history":[{"count":0,"href":"https:\/\/www.deberes.net\/tesis\/wp-json\/wp\/v2\/posts\/96437\/revisions"}],"wp:attachment":[{"href":"https:\/\/www.deberes.net\/tesis\/wp-json\/wp\/v2\/media?parent=96437"}],"wp:term":[{"taxonomy":"category","embeddable":true,"href":"https:\/\/www.deberes.net\/tesis\/wp-json\/wp\/v2\/categories?post=96437"},{"taxonomy":"post_tag","embeddable":true,"href":"https:\/\/www.deberes.net\/tesis\/wp-json\/wp\/v2\/tags?post=96437"}],"curies":[{"name":"wp","href":"https:\/\/api.w.org\/{rel}","templated":true}]}}