{"id":96441,"date":"2009-06-10T00:00:00","date_gmt":"2009-06-10T00:00:00","guid":{"rendered":"https:\/\/www.deberes.net\/tesis\/sin-categoria\/la-transicion-a-la-democracia-en-jaen-partidos-y-elecciones\/"},"modified":"2009-06-10T00:00:00","modified_gmt":"2009-06-10T00:00:00","slug":"la-transicion-a-la-democracia-en-jaen-partidos-y-elecciones","status":"publish","type":"post","link":"https:\/\/www.deberes.net\/tesis\/historia-contemporanea\/la-transicion-a-la-democracia-en-jaen-partidos-y-elecciones\/","title":{"rendered":"La transici\u00f3n a la democracia en ja\u00e9n: partidos y elecciones"},"content":{"rendered":"<h2>Tesis doctoral de <strong> Ana Bel\u00e9n G\u00f3mez Hern\u00e1ndez <\/strong><\/h2>\n<p>El estudio y an\u00e1lisis de la transici\u00f3n a la democracia, tomando como marco la provincia de ja\u00e9n, centr\u00e1ndose en cuestiones relacionadas preferentemente con la vertiente pol\u00edtica y electoral. Es b\u00e1sicamente un an\u00e1lisis del proceso democratizador desde la periferia, algo que se est\u00e1 implantando en los estudios sobre la transici\u00f3n pol\u00edtica, ya que la mayor\u00eda se hab\u00edan centrado en los acontecimientos acaecidos en la capital espa\u00f1ola, Madrid. Sin embargo\u00bb esta visi\u00f3n centrada en el estudio del protagonismo de los grandes personajes del momento, que por nuestra parte no intentamos decir que no fuera cierta, est\u00e1 dejando paso a una interpretaci\u00f3n donde el protagonismo va siendo recogido por otros actores, en nuestro caso la sociedad civil.<\/p>\n<p>&nbsp;<\/p>\n<h3>Datos acad\u00e9micos de la tesis doctoral \u00ab<strong>La transici\u00f3n a la democracia en ja\u00e9n: partidos y elecciones<\/strong>\u00ab<\/h3>\n<ul>\n<li><strong>T\u00edtulo de la tesis:<\/strong>\u00a0 La transici\u00f3n a la democracia en ja\u00e9n: partidos y elecciones <\/li>\n<li><strong>Autor:<\/strong>\u00a0 Ana Bel\u00e9n G\u00f3mez Hern\u00e1ndez <\/li>\n<li><strong>Universidad:<\/strong>\u00a0 Ja\u00e9n<\/li>\n<li><strong>Fecha de lectura de la tesis:<\/strong>\u00a0 06\/10\/2009<\/li>\n<\/ul>\n<p>&nbsp;<\/p>\n<h3>Direcci\u00f3n y tribunal<\/h3>\n<ul>\n<li><strong>Director de la tesis<\/strong>\n<ul>\n<li>Salvador Cruz Artacho<\/li>\n<\/ul>\n<\/li>\n<li><strong>Tribunal<\/strong>\n<ul>\n<li>Presidente del tribunal: Miguel Gomez oliver <\/li>\n<li>encarnacion Lemus lopez (vocal)<\/li>\n<li>Manuel Redero san roman (vocal)<\/li>\n<li>david Mart\u00ednez l\u00f3pez (vocal)<\/li>\n<\/ul>\n<\/li>\n<\/ul>\n<p>&nbsp;<\/p>\n","protected":false},"excerpt":{"rendered":"<p>Tesis doctoral de Ana Bel\u00e9n G\u00f3mez Hern\u00e1ndez El estudio y an\u00e1lisis de la transici\u00f3n a la democracia, tomando como marco [&hellip;]<\/p>\n","protected":false},"author":1,"featured_media":0,"comment_status":"open","ping_status":"open","sticky":false,"template":"","format":"standard","meta":{"site-sidebar-layout":"default","site-content-layout":"","ast-site-content-layout":"","site-content-style":"default","site-sidebar-style":"default","ast-global-header-display":"","ast-banner-title-visibility":"","ast-main-header-display":"","ast-hfb-above-header-display":"","ast-hfb-below-header-display":"","ast-hfb-mobile-header-display":"","site-post-title":"","ast-breadcrumbs-content":"","ast-featured-img":"","footer-sml-layout":"","theme-transparent-header-meta":"","adv-header-id-meta":"","stick-header-meta":"","header-above-stick-meta":"","header-main-stick-meta":"","header-below-stick-meta":"","astra-migrate-meta-layouts":"default","ast-page-background-enabled":"default","ast-page-background-meta":{"desktop":{"background-color":"var(--ast-global-color-4)","background-image":"","background-repeat":"repeat","background-position":"center center","background-size":"auto","background-attachment":"scroll","background-type":"","background-media":"","overlay-type":"","overlay-color":"","overlay-gradient":""},"tablet":{"background-color":"","background-image":"","background-repeat":"repeat","background-position":"center center","background-size":"auto","background-attachment":"scroll","background-type":"","background-media":"","overlay-type":"","overlay-color":"","overlay-gradient":""},"mobile":{"background-color":"","background-image":"","background-repeat":"repeat","background-position":"center center","background-size":"auto","background-attachment":"scroll","background-type":"","background-media":"","overlay-type":"","overlay-color":"","overlay-gradient":""}},"ast-content-background-meta":{"desktop":{"background-color":"var(--ast-global-color-5)","background-image":"","background-repeat":"repeat","background-position":"center center","background-size":"auto","background-attachment":"scroll","background-type":"","background-media":"","overlay-type":"","overlay-color":"","overlay-gradient":""},"tablet":{"background-color":"var(--ast-global-color-5)","background-image":"","background-repeat":"repeat","background-position":"center center","background-size":"auto","background-attachment":"scroll","background-type":"","background-media":"","overlay-type":"","overlay-color":"","overlay-gradient":""},"mobile":{"background-color":"var(--ast-global-color-5)","background-image":"","background-repeat":"repeat","background-position":"center center","background-size":"auto","background-attachment":"scroll","background-type":"","background-media":"","overlay-type":"","overlay-color":"","overlay-gradient":""}},"footnotes":""},"categories":[1816,18923],"tags":[198034,3995,38886,25832,3540,79489],"class_list":["post-96441","post","type-post","status-publish","format-standard","hentry","category-historia-contemporanea","category-jaen","tag-ana-belen-gomez-hernandez","tag-david-Martinez-lopez","tag-encarnacion-lemus-lopez","tag-manuel-redero-san-roman","tag-miguel-gomez-oliver","tag-salvador-cruz-artacho"],"_links":{"self":[{"href":"https:\/\/www.deberes.net\/tesis\/wp-json\/wp\/v2\/posts\/96441","targetHints":{"allow":["GET"]}}],"collection":[{"href":"https:\/\/www.deberes.net\/tesis\/wp-json\/wp\/v2\/posts"}],"about":[{"href":"https:\/\/www.deberes.net\/tesis\/wp-json\/wp\/v2\/types\/post"}],"author":[{"embeddable":true,"href":"https:\/\/www.deberes.net\/tesis\/wp-json\/wp\/v2\/users\/1"}],"replies":[{"embeddable":true,"href":"https:\/\/www.deberes.net\/tesis\/wp-json\/wp\/v2\/comments?post=96441"}],"version-history":[{"count":0,"href":"https:\/\/www.deberes.net\/tesis\/wp-json\/wp\/v2\/posts\/96441\/revisions"}],"wp:attachment":[{"href":"https:\/\/www.deberes.net\/tesis\/wp-json\/wp\/v2\/media?parent=96441"}],"wp:term":[{"taxonomy":"category","embeddable":true,"href":"https:\/\/www.deberes.net\/tesis\/wp-json\/wp\/v2\/categories?post=96441"},{"taxonomy":"post_tag","embeddable":true,"href":"https:\/\/www.deberes.net\/tesis\/wp-json\/wp\/v2\/tags?post=96441"}],"curies":[{"name":"wp","href":"https:\/\/api.w.org\/{rel}","templated":true}]}}