{"id":96446,"date":"2009-07-10T00:00:00","date_gmt":"2009-07-10T00:00:00","guid":{"rendered":"https:\/\/www.deberes.net\/tesis\/sin-categoria\/revisiones-guadalupanas-en-la-literatura-chicana\/"},"modified":"2009-07-10T00:00:00","modified_gmt":"2009-07-10T00:00:00","slug":"revisiones-guadalupanas-en-la-literatura-chicana","status":"publish","type":"post","link":"https:\/\/www.deberes.net\/tesis\/lengua-y-literatura\/revisiones-guadalupanas-en-la-literatura-chicana\/","title":{"rendered":"Revisiones guadalupanas en la literatura chicana"},"content":{"rendered":"<h2>Tesis doctoral de <strong> Mar\u00eda Jes\u00fas Castro  Dopacio <\/strong><\/h2>\n<p>En el contexto literario chicano la inscripci\u00f3n de la alteridad cultural se ha empleado como estrategia subversiva frente a las tendencias homogeneizantes de la ideolog\u00eda anglonorteamericana. El componente religioso figura entre los aspectos esenciales que aportan un sentido de identificaci\u00f3n y pertenencia al grupo \u00e9tnico. El prop\u00f3sito de esta investigaci\u00f3n se centra en el an\u00e1lisis del signo semi\u00f3tico espiritual m\u00e1s relevante entre la poblaci\u00f3n chicana en ee.Uu.: La virgen de guadalupe. Las re-lecturas efectuadas por subjetividades anteriormente silenciadas permiten descubrir c\u00f3mo se han elaborado discursos plurales y novedosos en torno a este icono religioso, herencia del catolicismo espa\u00f1ol implantado en el continente americano.  en el cap\u00edtulo te\u00f3rico inicial se detalla el enfoque metodol\u00f3gico adoptado, resaltando su car\u00e1cter multidisciplinar ya que combina posturas cr\u00edticas formuladas no s\u00f3lo desde la teor\u00eda literaria, sino tambi\u00e9n desde la teolog\u00eda, la antropolog\u00eda, las teor\u00edas feministas, la sociolog\u00eda, los estudios queer y la psicolog\u00eda. El an\u00e1lisis literario se plantea desde tres perspectivas diferentes, si bien complementarias. El segundo cap\u00edtulo examina las revisiones guadalupanas efectuadas por autoras chicanas desde la \u00f3ptica feminista en torno a temas como la maternidad, la sexualidad o el \u00e1mbito p\u00fablico. Desde la perspectiva queer, el tercer cap\u00edtulo analiza los efectos terap\u00e9uticos provocados por una reintegraci\u00f3n cultural, la validaci\u00f3n de la sexualidad y la maternidad queer. El cuarto cap\u00edtulo estudia, desde la perspectiva transnacional, c\u00f3mo la afiliaci\u00f3n identitaria interact\u00faa con las presiones ejercidas por la hegemon\u00eda global permitiendo, no obstante, la creaci\u00f3n de solidaridades que potencian la lucha por la justicia social. en definitiva, los textos analizados proponen una revisi\u00f3n del estereotipo de femineidad ideal transmitido por la figura guadalupana desde el punto de vista institucional. Pese a las cambiantes re-territorializaciones geopol\u00edticas, el s\u00edmbolo guadalupano contin\u00faa estando vigente gracias a la actualizaci\u00f3n de significados llevada a cabo en las letras chicanas.<\/p>\n<p>&nbsp;<\/p>\n<h3>Datos acad\u00e9micos de la tesis doctoral \u00ab<strong>Revisiones guadalupanas en la literatura chicana<\/strong>\u00ab<\/h3>\n<ul>\n<li><strong>T\u00edtulo de la tesis:<\/strong>\u00a0 Revisiones guadalupanas en la literatura chicana <\/li>\n<li><strong>Autor:<\/strong>\u00a0 Mar\u00eda Jes\u00fas Castro  Dopacio <\/li>\n<li><strong>Universidad:<\/strong>\u00a0 Oviedo<\/li>\n<li><strong>Fecha de lectura de la tesis:<\/strong>\u00a0 07\/10\/2009<\/li>\n<\/ul>\n<p>&nbsp;<\/p>\n<h3>Direcci\u00f3n y tribunal<\/h3>\n<ul>\n<li><strong>Director de la tesis<\/strong>\n<ul>\n<li>Mar\u00eda Esther \u00e1lvarez L\u00f3pez<\/li>\n<\/ul>\n<\/li>\n<li><strong>Tribunal<\/strong>\n<ul>\n<li>Presidente del tribunal: Mar\u00eda  isabel Carrera suarez <\/li>\n<li>Mar\u00eda felisa L\u00f3pez liquete (vocal)<\/li>\n<li>patricia Bastida  rodr\u00edguez (vocal)<\/li>\n<li>carmen Manuel cuenca (vocal)<\/li>\n<\/ul>\n<\/li>\n<\/ul>\n<p>&nbsp;<\/p>\n","protected":false},"excerpt":{"rendered":"<p>Tesis doctoral de Mar\u00eda Jes\u00fas Castro Dopacio En el contexto literario chicano la inscripci\u00f3n de la alteridad cultural se ha [&hellip;]<\/p>\n","protected":false},"author":1,"featured_media":0,"comment_status":"open","ping_status":"open","sticky":false,"template":"","format":"standard","meta":{"site-sidebar-layout":"default","site-content-layout":"","ast-site-content-layout":"","site-content-style":"default","site-sidebar-style":"default","ast-global-header-display":"","ast-banner-title-visibility":"","ast-main-header-display":"","ast-hfb-above-header-display":"","ast-hfb-below-header-display":"","ast-hfb-mobile-header-display":"","site-post-title":"","ast-breadcrumbs-content":"","ast-featured-img":"","footer-sml-layout":"","theme-transparent-header-meta":"","adv-header-id-meta":"","stick-header-meta":"","header-above-stick-meta":"","header-main-stick-meta":"","header-below-stick-meta":"","astra-migrate-meta-layouts":"default","ast-page-background-enabled":"default","ast-page-background-meta":{"desktop":{"background-color":"var(--ast-global-color-4)","background-image":"","background-repeat":"repeat","background-position":"center center","background-size":"auto","background-attachment":"scroll","background-type":"","background-media":"","overlay-type":"","overlay-color":"","overlay-gradient":""},"tablet":{"background-color":"","background-image":"","background-repeat":"repeat","background-position":"center center","background-size":"auto","background-attachment":"scroll","background-type":"","background-media":"","overlay-type":"","overlay-color":"","overlay-gradient":""},"mobile":{"background-color":"","background-image":"","background-repeat":"repeat","background-position":"center center","background-size":"auto","background-attachment":"scroll","background-type":"","background-media":"","overlay-type":"","overlay-color":"","overlay-gradient":""}},"ast-content-background-meta":{"desktop":{"background-color":"var(--ast-global-color-5)","background-image":"","background-repeat":"repeat","background-position":"center center","background-size":"auto","background-attachment":"scroll","background-type":"","background-media":"","overlay-type":"","overlay-color":"","overlay-gradient":""},"tablet":{"background-color":"var(--ast-global-color-5)","background-image":"","background-repeat":"repeat","background-position":"center center","background-size":"auto","background-attachment":"scroll","background-type":"","background-media":"","overlay-type":"","overlay-color":"","overlay-gradient":""},"mobile":{"background-color":"var(--ast-global-color-5)","background-image":"","background-repeat":"repeat","background-position":"center center","background-size":"auto","background-attachment":"scroll","background-type":"","background-media":"","overlay-type":"","overlay-color":"","overlay-gradient":""}},"footnotes":""},"categories":[636,8846],"tags":[83865,58170,198044,8939,198043,49211],"class_list":["post-96446","post","type-post","status-publish","format-standard","hentry","category-lengua-y-literatura","category-oviedo","tag-carmen-manuel-cuenca","tag-maria-esther-alvarez-lopez","tag-maria-felisa-lopez-liquete","tag-maria-isabel-carrera-suarez","tag-maria-jesus-castro-dopacio","tag-patricia-bastida-rodriguez"],"_links":{"self":[{"href":"https:\/\/www.deberes.net\/tesis\/wp-json\/wp\/v2\/posts\/96446","targetHints":{"allow":["GET"]}}],"collection":[{"href":"https:\/\/www.deberes.net\/tesis\/wp-json\/wp\/v2\/posts"}],"about":[{"href":"https:\/\/www.deberes.net\/tesis\/wp-json\/wp\/v2\/types\/post"}],"author":[{"embeddable":true,"href":"https:\/\/www.deberes.net\/tesis\/wp-json\/wp\/v2\/users\/1"}],"replies":[{"embeddable":true,"href":"https:\/\/www.deberes.net\/tesis\/wp-json\/wp\/v2\/comments?post=96446"}],"version-history":[{"count":0,"href":"https:\/\/www.deberes.net\/tesis\/wp-json\/wp\/v2\/posts\/96446\/revisions"}],"wp:attachment":[{"href":"https:\/\/www.deberes.net\/tesis\/wp-json\/wp\/v2\/media?parent=96446"}],"wp:term":[{"taxonomy":"category","embeddable":true,"href":"https:\/\/www.deberes.net\/tesis\/wp-json\/wp\/v2\/categories?post=96446"},{"taxonomy":"post_tag","embeddable":true,"href":"https:\/\/www.deberes.net\/tesis\/wp-json\/wp\/v2\/tags?post=96446"}],"curies":[{"name":"wp","href":"https:\/\/api.w.org\/{rel}","templated":true}]}}