{"id":96448,"date":"2009-07-10T00:00:00","date_gmt":"2009-07-10T00:00:00","guid":{"rendered":"https:\/\/www.deberes.net\/tesis\/sin-categoria\/la-educacion-musical-en-espana-durante-el-franquismo-1939-1975\/"},"modified":"2009-07-10T00:00:00","modified_gmt":"2009-07-10T00:00:00","slug":"la-educacion-musical-en-espana-durante-el-franquismo-1939-1975","status":"publish","type":"post","link":"https:\/\/www.deberes.net\/tesis\/historia-de-la-educacion\/la-educacion-musical-en-espana-durante-el-franquismo-1939-1975\/","title":{"rendered":"La educaci\u00f3n musical en espa\u00f1a durante el franquismo (1939-1975)"},"content":{"rendered":"<h2>Tesis doctoral de <strong> M\u00aa Del Rosario Casta\u00f1\u00f3n  Rodr\u00edguez <\/strong><\/h2>\n<p>Durante el franquismo la educaci\u00f3n musical de la poblaci\u00f3n en edad escolar fue asignada tanto a los maestros y centros educativos como a las instituciones vinculadas al movimiento (frente de juventudes y secci\u00f3n femenina). el an\u00e1lisis de los diferentes cancioneros de la \u00e9poca y de la revista consigna para maestras nos permite llegar a ciertas conclusiones sobre los contenidos, m\u00e9todos educativos y componentes ideol\u00f3gicos en la configuraci\u00f3n del repertorio de canciones aprendidas en el per\u00edodo de formaci\u00f3n de la poblaci\u00f3n escolar. se propone una temporalizaci\u00f3n de las diferentes etapas por las que atraviesa la educaci\u00f3n musical a lo largo del per\u00edodo franquista y se analizan las diferencias evolutivas de los contenidos y su repercusi\u00f3n en la configuraci\u00f3n del concepto global de educaci\u00f3n musical. finalmente se llega a la propuesta de tesis a partir de 3 tipos de fuentes b\u00e1sicos: documentales (archivo general de la administraci\u00f3n), los diversos cancioneros  (de frente de juventudes y de secci\u00f3n femenina ) y las publicaciones escolares, y finalmente las aportaciones de informantes. las tesis principales son: diversificaci\u00f3n de g\u00e9nero, aprendizaje por imitaci\u00f3n de las canciones, intencionalidad de imposici\u00f3n \/ transmisi\u00f3n ideol\u00f3gica, funcionalidad de las canciones, predominancia de la intepretaci\u00f3n mon\u00f3dica a nivel escolar, an\u00e1lisis de los elementos que componen el corpus del cancionero (folklore, himnos, gregoriano, romances, juegos, nanas), intento de presencialidad paritaria de las diversas regiones, respeto a las caracter\u00edsticas ling\u00ed\u00bc\u00edsticas (presencia de los diversos idiomas: gallego, catal\u00e1n y vasco as\u00ed como de otras peculiaridades ling\u00ed\u00bc\u00edsticas regionales), presencia legal de la educaci\u00f3n musical (ambig\u00ed\u00bcedad en la asignaci\u00f3n real de la docencia) en las diferentes leyes educativas, creaci\u00f3n de programas espec\u00edficos para la formaci\u00f3n musical del profesorado y existencia de programas de divulgaci\u00f3n vinculados a la educaci\u00f3n musical de la poblaci\u00f3n general.<\/p>\n<p>&nbsp;<\/p>\n<h3>Datos acad\u00e9micos de la tesis doctoral \u00ab<strong>La educaci\u00f3n musical en espa\u00f1a durante el franquismo (1939-1975)<\/strong>\u00ab<\/h3>\n<ul>\n<li><strong>T\u00edtulo de la tesis:<\/strong>\u00a0 La educaci\u00f3n musical en espa\u00f1a durante el franquismo (1939-1975) <\/li>\n<li><strong>Autor:<\/strong>\u00a0 M\u00aa Del Rosario Casta\u00f1\u00f3n  Rodr\u00edguez <\/li>\n<li><strong>Universidad:<\/strong>\u00a0 Valladolid<\/li>\n<li><strong>Fecha de lectura de la tesis:<\/strong>\u00a0 07\/10\/2009<\/li>\n<\/ul>\n<p>&nbsp;<\/p>\n<h3>Direcci\u00f3n y tribunal<\/h3>\n<ul>\n<li><strong>Director de la tesis<\/strong>\n<ul>\n<li>Agust\u00edn Escolano Benito<\/li>\n<\/ul>\n<\/li>\n<li><strong>Tribunal<\/strong>\n<ul>\n<li>Presidente del tribunal: carmen Jim\u00e9nez fern\u00e1ndez <\/li>\n<li>gemma P\u00e9rez zalduondo (vocal)<\/li>\n<li>Luis D\u00edaz  gonz\u00e1lez (vocal)<\/li>\n<li>henar Herrero su\u00e1rez (vocal)<\/li>\n<\/ul>\n<\/li>\n<\/ul>\n<p>&nbsp;<\/p>\n","protected":false},"excerpt":{"rendered":"<p>Tesis doctoral de M\u00aa Del Rosario Casta\u00f1\u00f3n Rodr\u00edguez Durante el franquismo la educaci\u00f3n musical de la poblaci\u00f3n en edad escolar [&hellip;]<\/p>\n","protected":false},"author":1,"featured_media":0,"comment_status":"open","ping_status":"open","sticky":false,"template":"","format":"standard","meta":{"site-sidebar-layout":"default","site-content-layout":"","ast-site-content-layout":"","site-content-style":"default","site-sidebar-style":"default","ast-global-header-display":"","ast-banner-title-visibility":"","ast-main-header-display":"","ast-hfb-above-header-display":"","ast-hfb-below-header-display":"","ast-hfb-mobile-header-display":"","site-post-title":"","ast-breadcrumbs-content":"","ast-featured-img":"","footer-sml-layout":"","theme-transparent-header-meta":"","adv-header-id-meta":"","stick-header-meta":"","header-above-stick-meta":"","header-main-stick-meta":"","header-below-stick-meta":"","astra-migrate-meta-layouts":"default","ast-page-background-enabled":"default","ast-page-background-meta":{"desktop":{"background-color":"var(--ast-global-color-4)","background-image":"","background-repeat":"repeat","background-position":"center center","background-size":"auto","background-attachment":"scroll","background-type":"","background-media":"","overlay-type":"","overlay-color":"","overlay-gradient":""},"tablet":{"background-color":"","background-image":"","background-repeat":"repeat","background-position":"center center","background-size":"auto","background-attachment":"scroll","background-type":"","background-media":"","overlay-type":"","overlay-color":"","overlay-gradient":""},"mobile":{"background-color":"","background-image":"","background-repeat":"repeat","background-position":"center center","background-size":"auto","background-attachment":"scroll","background-type":"","background-media":"","overlay-type":"","overlay-color":"","overlay-gradient":""}},"ast-content-background-meta":{"desktop":{"background-color":"var(--ast-global-color-5)","background-image":"","background-repeat":"repeat","background-position":"center center","background-size":"auto","background-attachment":"scroll","background-type":"","background-media":"","overlay-type":"","overlay-color":"","overlay-gradient":""},"tablet":{"background-color":"var(--ast-global-color-5)","background-image":"","background-repeat":"repeat","background-position":"center center","background-size":"auto","background-attachment":"scroll","background-type":"","background-media":"","overlay-type":"","overlay-color":"","overlay-gradient":""},"mobile":{"background-color":"var(--ast-global-color-5)","background-image":"","background-repeat":"repeat","background-position":"center center","background-size":"auto","background-attachment":"scroll","background-type":"","background-media":"","overlay-type":"","overlay-color":"","overlay-gradient":""}},"footnotes":""},"categories":[1816,311,3538,9132,12451],"tags":[8656,17072,72999,52843,25723,198047],"class_list":["post-96448","post","type-post","status-publish","format-standard","hentry","category-historia-contemporanea","category-historia-de-la-educacion","category-historia-de-las-ideas-politicas","category-musica-y-musicologia","category-valladolid","tag-agustin-escolano-benito","tag-carmen-jimenez-fernandez","tag-gemma-perez-zalduondo","tag-henar-herrero-suarez","tag-luis-diaz-gonzalez","tag-ma-del-rosario-castanon-rodriguez"],"_links":{"self":[{"href":"https:\/\/www.deberes.net\/tesis\/wp-json\/wp\/v2\/posts\/96448","targetHints":{"allow":["GET"]}}],"collection":[{"href":"https:\/\/www.deberes.net\/tesis\/wp-json\/wp\/v2\/posts"}],"about":[{"href":"https:\/\/www.deberes.net\/tesis\/wp-json\/wp\/v2\/types\/post"}],"author":[{"embeddable":true,"href":"https:\/\/www.deberes.net\/tesis\/wp-json\/wp\/v2\/users\/1"}],"replies":[{"embeddable":true,"href":"https:\/\/www.deberes.net\/tesis\/wp-json\/wp\/v2\/comments?post=96448"}],"version-history":[{"count":0,"href":"https:\/\/www.deberes.net\/tesis\/wp-json\/wp\/v2\/posts\/96448\/revisions"}],"wp:attachment":[{"href":"https:\/\/www.deberes.net\/tesis\/wp-json\/wp\/v2\/media?parent=96448"}],"wp:term":[{"taxonomy":"category","embeddable":true,"href":"https:\/\/www.deberes.net\/tesis\/wp-json\/wp\/v2\/categories?post=96448"},{"taxonomy":"post_tag","embeddable":true,"href":"https:\/\/www.deberes.net\/tesis\/wp-json\/wp\/v2\/tags?post=96448"}],"curies":[{"name":"wp","href":"https:\/\/api.w.org\/{rel}","templated":true}]}}