{"id":96477,"date":"2009-08-10T00:00:00","date_gmt":"2009-08-10T00:00:00","guid":{"rendered":"https:\/\/www.deberes.net\/tesis\/sin-categoria\/literatura-y-compromiso-en-la-obra-de-stephen-spender-la-huella-de-la-guerra-civil-espanola\/"},"modified":"2009-08-10T00:00:00","modified_gmt":"2009-08-10T00:00:00","slug":"literatura-y-compromiso-en-la-obra-de-stephen-spender-la-huella-de-la-guerra-civil-espanola","status":"publish","type":"post","link":"https:\/\/www.deberes.net\/tesis\/historia-de-la-literatura\/literatura-y-compromiso-en-la-obra-de-stephen-spender-la-huella-de-la-guerra-civil-espanola\/","title":{"rendered":"Literatura y compromiso en la obra de stephen spender: la huella de la guerra civil espa\u00f1ola"},"content":{"rendered":"<h2>Tesis doctoral de <strong> Laura Gonzalez Fernandez <\/strong><\/h2>\n<p>Esta tesis analiza el modo en que la experiencia de la guerra civil espa\u00f1ola influye en la concepci\u00f3n del arte del poeta y ensayista stephen spender, el modo en que este conflicto determina la posterior evoluci\u00f3n de su obra  e ideario literario y por \u00faltimo, la repercusi\u00f3n de esta evoluci\u00f3n en el ambiente literario del momento en gran breta\u00f1a.<\/p>\n<p>&nbsp;<\/p>\n<h3>Datos acad\u00e9micos de la tesis doctoral \u00ab<strong>Literatura y compromiso en la obra de stephen spender: la huella de la guerra civil espa\u00f1ola<\/strong>\u00ab<\/h3>\n<ul>\n<li><strong>T\u00edtulo de la tesis:<\/strong>\u00a0 Literatura y compromiso en la obra de stephen spender: la huella de la guerra civil espa\u00f1ola <\/li>\n<li><strong>Autor:<\/strong>\u00a0 Laura Gonzalez Fernandez <\/li>\n<li><strong>Universidad:<\/strong>\u00a0 Salamanca<\/li>\n<li><strong>Fecha de lectura de la tesis:<\/strong>\u00a0 08\/10\/2009<\/li>\n<\/ul>\n<p>&nbsp;<\/p>\n<h3>Direcci\u00f3n y tribunal<\/h3>\n<ul>\n<li><strong>Director de la tesis<\/strong>\n<ul>\n<li>Antonio Rodriguez Celada<\/li>\n<\/ul>\n<\/li>\n<li><strong>Tribunal<\/strong>\n<ul>\n<li>Presidente del tribunal: ines Praga terente <\/li>\n<li>Carlos Jos\u00e9 Villar flor (vocal)<\/li>\n<li>Mar\u00eda  m. Garcia lorenzo (vocal)<\/li>\n<li>daniel Pastor Garc\u00eda (vocal)<\/li>\n<\/ul>\n<\/li>\n<\/ul>\n<p>&nbsp;<\/p>\n","protected":false},"excerpt":{"rendered":"<p>Tesis doctoral de Laura Gonzalez Fernandez Esta tesis analiza el modo en que la experiencia de la guerra civil espa\u00f1ola [&hellip;]<\/p>\n","protected":false},"author":1,"featured_media":0,"comment_status":"open","ping_status":"open","sticky":false,"template":"","format":"standard","meta":{"site-sidebar-layout":"default","site-content-layout":"","ast-site-content-layout":"","site-content-style":"default","site-sidebar-style":"default","ast-global-header-display":"","ast-banner-title-visibility":"","ast-main-header-display":"","ast-hfb-above-header-display":"","ast-hfb-below-header-display":"","ast-hfb-mobile-header-display":"","site-post-title":"","ast-breadcrumbs-content":"","ast-featured-img":"","footer-sml-layout":"","theme-transparent-header-meta":"","adv-header-id-meta":"","stick-header-meta":"","header-above-stick-meta":"","header-main-stick-meta":"","header-below-stick-meta":"","astra-migrate-meta-layouts":"default","ast-page-background-enabled":"default","ast-page-background-meta":{"desktop":{"background-color":"var(--ast-global-color-4)","background-image":"","background-repeat":"repeat","background-position":"center center","background-size":"auto","background-attachment":"scroll","background-type":"","background-media":"","overlay-type":"","overlay-color":"","overlay-gradient":""},"tablet":{"background-color":"","background-image":"","background-repeat":"repeat","background-position":"center center","background-size":"auto","background-attachment":"scroll","background-type":"","background-media":"","overlay-type":"","overlay-color":"","overlay-gradient":""},"mobile":{"background-color":"","background-image":"","background-repeat":"repeat","background-position":"center center","background-size":"auto","background-attachment":"scroll","background-type":"","background-media":"","overlay-type":"","overlay-color":"","overlay-gradient":""}},"ast-content-background-meta":{"desktop":{"background-color":"var(--ast-global-color-5)","background-image":"","background-repeat":"repeat","background-position":"center center","background-size":"auto","background-attachment":"scroll","background-type":"","background-media":"","overlay-type":"","overlay-color":"","overlay-gradient":""},"tablet":{"background-color":"var(--ast-global-color-5)","background-image":"","background-repeat":"repeat","background-position":"center center","background-size":"auto","background-attachment":"scroll","background-type":"","background-media":"","overlay-type":"","overlay-color":"","overlay-gradient":""},"mobile":{"background-color":"var(--ast-global-color-5)","background-image":"","background-repeat":"repeat","background-position":"center center","background-size":"auto","background-attachment":"scroll","background-type":"","background-media":"","overlay-type":"","overlay-color":"","overlay-gradient":""}},"footnotes":""},"categories":[713,9386],"tags":[25629,198093,48146,33310,198092,117062],"class_list":["post-96477","post","type-post","status-publish","format-standard","hentry","category-historia-de-la-literatura","category-salamanca","tag-antonio-rodriguez-celada","tag-carlos-jose-villar-flor","tag-daniel-pastor-garcia","tag-ines-praga-terente","tag-laura-gonzalez-fernandez","tag-maria-m-garcia-lorenzo"],"_links":{"self":[{"href":"https:\/\/www.deberes.net\/tesis\/wp-json\/wp\/v2\/posts\/96477","targetHints":{"allow":["GET"]}}],"collection":[{"href":"https:\/\/www.deberes.net\/tesis\/wp-json\/wp\/v2\/posts"}],"about":[{"href":"https:\/\/www.deberes.net\/tesis\/wp-json\/wp\/v2\/types\/post"}],"author":[{"embeddable":true,"href":"https:\/\/www.deberes.net\/tesis\/wp-json\/wp\/v2\/users\/1"}],"replies":[{"embeddable":true,"href":"https:\/\/www.deberes.net\/tesis\/wp-json\/wp\/v2\/comments?post=96477"}],"version-history":[{"count":0,"href":"https:\/\/www.deberes.net\/tesis\/wp-json\/wp\/v2\/posts\/96477\/revisions"}],"wp:attachment":[{"href":"https:\/\/www.deberes.net\/tesis\/wp-json\/wp\/v2\/media?parent=96477"}],"wp:term":[{"taxonomy":"category","embeddable":true,"href":"https:\/\/www.deberes.net\/tesis\/wp-json\/wp\/v2\/categories?post=96477"},{"taxonomy":"post_tag","embeddable":true,"href":"https:\/\/www.deberes.net\/tesis\/wp-json\/wp\/v2\/tags?post=96477"}],"curies":[{"name":"wp","href":"https:\/\/api.w.org\/{rel}","templated":true}]}}