{"id":96478,"date":"2009-09-10T00:00:00","date_gmt":"2009-09-10T00:00:00","guid":{"rendered":"https:\/\/www.deberes.net\/tesis\/sin-categoria\/estado-y-sociedad-promotores-del-desarrollo-el-desarrollo-humano-como-parte-del-bien-comun\/"},"modified":"2009-09-10T00:00:00","modified_gmt":"2009-09-10T00:00:00","slug":"estado-y-sociedad-promotores-del-desarrollo-el-desarrollo-humano-como-parte-del-bien-comun","status":"publish","type":"post","link":"https:\/\/www.deberes.net\/tesis\/cooperacion-internacional\/estado-y-sociedad-promotores-del-desarrollo-el-desarrollo-humano-como-parte-del-bien-comun\/","title":{"rendered":"Estado y sociedad promotores del desarrollo. el desarrollo humano como parte del bien com\u00fan"},"content":{"rendered":"<h2>Tesis doctoral de <strong> F\u00e1tima Regina P\u00e9rez Berr\u00edos <\/strong><\/h2>\n<p>El prop\u00f3sito de esta investigaci\u00f3n es explicar que los bajos \u00edndices de desarrollo humano est\u00e1n relacionados con la existencia de diversos factores: 1) una pol\u00edtica orientada hacia intereses particulares; 2) una legislaci\u00f3n d\u00e9bil; 3) una econom\u00eda deficiente e inestable; 4) una baja participaci\u00f3n social; 5) la falta de valores \u00e9ticos en la pol\u00edtica y en la econom\u00eda y 6) la ausencia de una mayor referencia al bien com\u00fan en los programas de gobierno.    la finalidad principal de la autoridad pol\u00edtica es la promoci\u00f3n del bien com\u00fan.  Sin embargo, en los pa\u00edses en v\u00edas de desarrollo la corrupci\u00f3n pol\u00edtica y los altos niveles de pobreza dificultan que las personas puedan alcanzar un adecuado desarrollo humano, perjudicando al conjunto de la sociedad.  El ejercicio del buen gobierno est\u00e1 estrechamente relacionado con las posibilidades de aumentar los \u00edndices de desarrollo humano.  Por lo que los gobiernos adem\u00e1s de preservar el orden, la paz y la seguridad nacional, deben proteger los derechos humanos y mantener una administraci\u00f3n p\u00fablica eficiente y transparente.  en este trabajo, el desarrollo humano se considera como una parte del bien com\u00fan que los gobiernos deben promover para beneficio de la poblaci\u00f3n.  En este sentido, el bien com\u00fan consta de tres elementos: el bienestar material, la paz y los bienes culturales.  Estos elementos tambi\u00e9n est\u00e1n presentes en el concepto de desarrollo humano que se refiere a aquellos aspectos que permiten a las personas ampliar sus opciones y capacidades.  El desarrollo humano incluye en su medici\u00f3n la esperanza de vida, la salud, la educaci\u00f3n y el acceso a los ingresos necesarios para una vida decente.  los derechos humanos tambi\u00e9n est\u00e1n relacionados con el aumento de los niveles de desarrollo humano.  Los derechos humanos que se han considerado importantes en esta investigaci\u00f3n y que contribuyen a mejorar las condiciones de vida de la poblaci\u00f3n son: salud, educaci\u00f3n, propiedad privada y trabajo. la participaci\u00f3n de los distintos sectores de la sociedad en el proceso de desarrollo es otro aspecto fundamental.  Esta participaci\u00f3n comienza por los ciudadanos, los cuales colaboran en el desarrollo nacional cuando crean empresas y fuentes de trabajo, que constituyen un motor importante de la econom\u00eda.  Las empresas contribuyen al desarrollo y a la activaci\u00f3n de los mercados con el intercambio de bienes y servicios que realizan y con las acciones de responsabilidad social. la sociedad civil juega un papel importante mediante el trabajo de las organizaciones no gubernamentales que prestan variados servicios a la poblaci\u00f3n, y que pretenden cubrir aquellos sectores donde las instituciones p\u00fablicas no pueden llegar por falta de recursos econ\u00f3micos o materiales.  Para tal fin es fundamental la ayuda que se recibe de la cooperaci\u00f3n internacional. la cooperaci\u00f3n internacional al desarrollo es la mayor muestra de solidaridad de los pueblos desarrollados con aquellos que padecen situaciones de pobreza, la cual dif\u00edcilmente podr\u00edan superar sin la ayuda que reciben.  Sin embargo, para que la ayuda sea eficaz y pueda contribuir a sus fines es necesario que se realice a trav\u00e9s de donaciones o pr\u00e9stamos en condiciones bastante favorables, para evitar que la deuda externa constituya un obst\u00e1culo m\u00e1s para aumentar los niveles de progreso. para un verdadero desarrollo debe potenciarse la formaci\u00f3n intelectual, es decir, la posibilidad de estudiar y prepararse profesionalmente. Es importante se\u00f1alar que los pa\u00edses que han logrado mayores avances en desarrollo humano, lo deben a que junto al crecimiento econ\u00f3mico obtenido han unido una mayor inversi\u00f3n en educaci\u00f3n y en tecnolog\u00eda, por lo que tener una poblaci\u00f3n bien formada y con alto nivel intelectual, donde cada persona contribuya al progreso de todos, es el mejor camino a seguir.<\/p>\n<p>&nbsp;<\/p>\n<h3>Datos acad\u00e9micos de la tesis doctoral \u00ab<strong>Estado y sociedad promotores del desarrollo. el desarrollo humano como parte del bien com\u00fan<\/strong>\u00ab<\/h3>\n<ul>\n<li><strong>T\u00edtulo de la tesis:<\/strong>\u00a0 Estado y sociedad promotores del desarrollo. el desarrollo humano como parte del bien com\u00fan <\/li>\n<li><strong>Autor:<\/strong>\u00a0 F\u00e1tima Regina P\u00e9rez Berr\u00edos <\/li>\n<li><strong>Universidad:<\/strong>\u00a0 Navarra<\/li>\n<li><strong>Fecha de lectura de la tesis:<\/strong>\u00a0 09\/10\/2009<\/li>\n<\/ul>\n<p>&nbsp;<\/p>\n<h3>Direcci\u00f3n y tribunal<\/h3>\n<ul>\n<li><strong>Director de la tesis<\/strong>\n<ul>\n<li>Rafael Alvira Dominguez<\/li>\n<\/ul>\n<\/li>\n<li><strong>Tribunal<\/strong>\n<ul>\n<li>Presidente del tribunal: enrique Mart\u00edn l\u00f3pez <\/li>\n<li>pedro Lozano bartolozzi (vocal)<\/li>\n<li>agustin Gonzalez enciso (vocal)<\/li>\n<li>dalmacio Negro pav\u00f3n (vocal)<\/li>\n<\/ul>\n<\/li>\n<\/ul>\n<p>&nbsp;<\/p>\n","protected":false},"excerpt":{"rendered":"<p>Tesis doctoral de F\u00e1tima Regina P\u00e9rez Berr\u00edos El prop\u00f3sito de esta investigaci\u00f3n es explicar que los bajos \u00edndices de desarrollo [&hellip;]<\/p>\n","protected":false},"author":1,"featured_media":0,"comment_status":"open","ping_status":"open","sticky":false,"template":"","format":"standard","meta":{"site-sidebar-layout":"default","site-content-layout":"","ast-site-content-layout":"","site-content-style":"default","site-sidebar-style":"default","ast-global-header-display":"","ast-banner-title-visibility":"","ast-main-header-display":"","ast-hfb-above-header-display":"","ast-hfb-below-header-display":"","ast-hfb-mobile-header-display":"","site-post-title":"","ast-breadcrumbs-content":"","ast-featured-img":"","footer-sml-layout":"","theme-transparent-header-meta":"","adv-header-id-meta":"","stick-header-meta":"","header-above-stick-meta":"","header-main-stick-meta":"","header-below-stick-meta":"","astra-migrate-meta-layouts":"default","ast-page-background-enabled":"default","ast-page-background-meta":{"desktop":{"background-color":"var(--ast-global-color-4)","background-image":"","background-repeat":"repeat","background-position":"center center","background-size":"auto","background-attachment":"scroll","background-type":"","background-media":"","overlay-type":"","overlay-color":"","overlay-gradient":""},"tablet":{"background-color":"","background-image":"","background-repeat":"repeat","background-position":"center center","background-size":"auto","background-attachment":"scroll","background-type":"","background-media":"","overlay-type":"","overlay-color":"","overlay-gradient":""},"mobile":{"background-color":"","background-image":"","background-repeat":"repeat","background-position":"center center","background-size":"auto","background-attachment":"scroll","background-type":"","background-media":"","overlay-type":"","overlay-color":"","overlay-gradient":""}},"ast-content-background-meta":{"desktop":{"background-color":"var(--ast-global-color-5)","background-image":"","background-repeat":"repeat","background-position":"center center","background-size":"auto","background-attachment":"scroll","background-type":"","background-media":"","overlay-type":"","overlay-color":"","overlay-gradient":""},"tablet":{"background-color":"var(--ast-global-color-5)","background-image":"","background-repeat":"repeat","background-position":"center center","background-size":"auto","background-attachment":"scroll","background-type":"","background-media":"","overlay-type":"","overlay-color":"","overlay-gradient":""},"mobile":{"background-color":"var(--ast-global-color-5)","background-image":"","background-repeat":"repeat","background-position":"center center","background-size":"auto","background-attachment":"scroll","background-type":"","background-media":"","overlay-type":"","overlay-color":"","overlay-gradient":""}},"footnotes":""},"categories":[4075,6713,11803,17749,6216],"tags":[17819,4685,6290,198094,17926,17980],"class_list":["post-96478","post","type-post","status-publish","format-standard","hentry","category-cooperacion-internacional","category-desarrollo-socioeconomico","category-instituciones-politicas","category-navarra","category-paises-en-via-de-desarrollo","tag-agustin-gonzalez-enciso","tag-dalmacio-negro-pavon","tag-enrique-martin-lopez","tag-fatima-regina-perez-berrios","tag-pedro-lozano-bartolozzi","tag-rafael-alvira-dominguez"],"_links":{"self":[{"href":"https:\/\/www.deberes.net\/tesis\/wp-json\/wp\/v2\/posts\/96478","targetHints":{"allow":["GET"]}}],"collection":[{"href":"https:\/\/www.deberes.net\/tesis\/wp-json\/wp\/v2\/posts"}],"about":[{"href":"https:\/\/www.deberes.net\/tesis\/wp-json\/wp\/v2\/types\/post"}],"author":[{"embeddable":true,"href":"https:\/\/www.deberes.net\/tesis\/wp-json\/wp\/v2\/users\/1"}],"replies":[{"embeddable":true,"href":"https:\/\/www.deberes.net\/tesis\/wp-json\/wp\/v2\/comments?post=96478"}],"version-history":[{"count":0,"href":"https:\/\/www.deberes.net\/tesis\/wp-json\/wp\/v2\/posts\/96478\/revisions"}],"wp:attachment":[{"href":"https:\/\/www.deberes.net\/tesis\/wp-json\/wp\/v2\/media?parent=96478"}],"wp:term":[{"taxonomy":"category","embeddable":true,"href":"https:\/\/www.deberes.net\/tesis\/wp-json\/wp\/v2\/categories?post=96478"},{"taxonomy":"post_tag","embeddable":true,"href":"https:\/\/www.deberes.net\/tesis\/wp-json\/wp\/v2\/tags?post=96478"}],"curies":[{"name":"wp","href":"https:\/\/api.w.org\/{rel}","templated":true}]}}